{"id":10020,"date":"2016-11-16T20:15:43","date_gmt":"2016-11-16T18:15:43","guid":{"rendered":"http:\/\/www.friedenkoeln.de\/?p=10020"},"modified":"2020-11-14T23:29:22","modified_gmt":"2020-11-14T21:29:22","slug":"tagung-zivile-loesungen-in-syrien-am-27-11-in-koeln","status":"publish","type":"post","link":"https:\/\/www.friedenkoeln.de\/?p=10020","title":{"rendered":"Tagung &#8222;Zivile L\u00f6sungen in Syrien?&#8220; am 27.11. in K\u00f6ln"},"content":{"rendered":"<div align=\"left\"><span style=\"font-family: Arial; font-size: small;\">In der letzten Woche hat der Bundestag die Verl\u00e4ngerung und Ausweitung des Syrien-Einsatzes der Bundeswehr bechlossen. Damit tr\u00e4gt auch Deutschland dazu bei, dass in Syrien der Krieg weitergeht, Menschen sterben.<\/span><\/div>\n<div align=\"left\"><span style=\"font-family: Arial; font-size: small;\">Aus dem B\u00fcrgerkrieg in Syrien ist l\u00e4ngst ein Stellvertreterkrieg geworden, in dem Russland und die USA, Saudi-Arabien, die T\u00fcrkei und der Iran die F\u00e4den ziehen. Auch EU-Staaten wie Gro\u00dfbritannien, Frankreich und Deutschland sind in den Krieg verwickelt. Der IS hat weite Teile des Landes in seiner Gewalt, auch wenn er sich aktuell in der Defensive befindet. <\/span><\/div>\n<div align=\"left\"><span style=\"font-family: Arial; font-size: small;\">Vor diesem Hintergrund wird zwar von vielen Seiten in unserem Land immer wieder das Ende des Krieges gefordert, der Einsatz der Bundeswehr in diesem Krieg aber viel zu selten in Frage gestellt. Dringend sind zivile L\u00f6sungsans\u00e4tze gefragt. Es geht darum, den verfeindeten Gruppen in dem zerrissenen Land Perspektiven aufzuzeigen, wenn sie die Waffen niederlegen sollen. &#8222;Verhandeln statt schie\u00dfen&#8220; hei\u00dft zun\u00e4chst die Parole. Doch was folgt dann? Gibt es \u00fcberhaupt noch zivilgesellschaftliche Akteure, die f\u00fcr eine Friedensl\u00f6sung und einen Neuaufbau Syriens zur Verf\u00fcgung stehen? Oder gibt es nur K\u00e4mpfer, die doch gewaltsam zum Frieden gezwungen werden m\u00fcssen? Welche zivilen Instrumente k\u00f6nnen eingesetzt werden und welche Rolle k\u00f6nnte Deutschland dabei spielen?<\/span><\/div>\n<div align=\"left\"><span style=\"font-family: Arial; font-size: small;\">Darum geht es bei unserer Tagung am 27. Nomber in K\u00f6ln mit <strong>Prof.Dr. Werner Ruf<\/strong> und <strong>Elise Kopper<\/strong>.<\/span><\/div>\n<div align=\"left\"><span style=\"font-family: Arial; font-size: small;\"> Mehr Infos und den Einladungsflyer mit Hinweisen f\u00fcr die Anmeldung unter <\/span><a href=\"http:\/\/nrw.dfg-vk.de\/themen\/Bildungswerk.html\"><span style=\"color: #0000ff; font-family: Arial; font-size: small;\"> <u>http:\/\/nrw.dfg-vk.de\/themen\/Bildungswerk.html<\/u><\/span><\/a><\/div>\n","protected":false},"excerpt":{"rendered":"<p>In der letzten Woche hat der Bundestag die Verl\u00e4ngerung und Ausweitung des Syrien-Einsatzes der Bundeswehr bechlossen. Damit tr\u00e4gt auch Deutschland dazu bei, dass in Syrien der Krieg weitergeht, Menschen sterben. Aus dem B\u00fcrgerkrieg in&#46;&#46;&#46;<\/p>\n","protected":false},"author":110,"featured_media":0,"comment_status":"open","ping_status":"open","sticky":false,"template":"","format":"standard","meta":{"footnotes":""},"categories":[104],"tags":[70,32,4],"class_list":["post-10020","post","type-post","status-publish","format-standard","hentry","category-ankuendigung","tag-auslandseinsaetze-der-bundeswehr","tag-information-diskussion","tag-zivile-konfliktloesung"],"_links":{"self":[{"href":"https:\/\/www.friedenkoeln.de\/index.php?rest_route=\/wp\/v2\/posts\/10020","targetHints":{"allow":["GET"]}}],"collection":[{"href":"https:\/\/www.friedenkoeln.de\/index.php?rest_route=\/wp\/v2\/posts"}],"about":[{"href":"https:\/\/www.friedenkoeln.de\/index.php?rest_route=\/wp\/v2\/types\/post"}],"author":[{"embeddable":true,"href":"https:\/\/www.friedenkoeln.de\/index.php?rest_route=\/wp\/v2\/users\/110"}],"replies":[{"embeddable":true,"href":"https:\/\/www.friedenkoeln.de\/index.php?rest_route=%2Fwp%2Fv2%2Fcomments&post=10020"}],"version-history":[{"count":2,"href":"https:\/\/www.friedenkoeln.de\/index.php?rest_route=\/wp\/v2\/posts\/10020\/revisions"}],"predecessor-version":[{"id":10023,"href":"https:\/\/www.friedenkoeln.de\/index.php?rest_route=\/wp\/v2\/posts\/10020\/revisions\/10023"}],"wp:attachment":[{"href":"https:\/\/www.friedenkoeln.de\/index.php?rest_route=%2Fwp%2Fv2%2Fmedia&parent=10020"}],"wp:term":[{"taxonomy":"category","embeddable":true,"href":"https:\/\/www.friedenkoeln.de\/index.php?rest_route=%2Fwp%2Fv2%2Fcategories&post=10020"},{"taxonomy":"post_tag","embeddable":true,"href":"https:\/\/www.friedenkoeln.de\/index.php?rest_route=%2Fwp%2Fv2%2Ftags&post=10020"}],"curies":[{"name":"wp","href":"https:\/\/api.w.org\/{rel}","templated":true}]}}