{"id":10062,"date":"2016-11-21T07:00:36","date_gmt":"2016-11-21T05:00:36","guid":{"rendered":"http:\/\/www.friedenkoeln.de\/?p=10062"},"modified":"2016-11-24T17:34:13","modified_gmt":"2016-11-24T15:34:13","slug":"atomwaffenfrei-jetzt-familienausflug-nach-buechel","status":"publish","type":"post","link":"https:\/\/www.friedenkoeln.de\/?p=10062","title":{"rendered":"Atomwaffen abschaffen, nicht aufr\u00fcsten! Familienausflug nach B\u00fcchel"},"content":{"rendered":"<p><em>Von Stefanie Intveen.\u00a0<\/em>&#8222;Atomwaffenfrei jetzt!&#8220; forderten am Samstag, den 19. November 2016 K\u00f6lner Friedensfreunde und -freundinnen vor dem Haupttor des Luftwaffenst\u00fctzpunkt B\u00fcchel in Rheinland-Pfalz. Auf Initiative einiger K\u00f6lner Mitglieder der\u00a0<a href=\"http:\/\/koeln.quaeker.org\/index.php\/en\/\">Qu\u00e4ker<\/a>\u00a0und der DFG-VK Gruppe K\u00f6ln <!--more-->unternahmen wir einen regelrechten\u00a0Familienausflug,\u00a0um trotz kaltem, windigem Novemberwetter ein Zeichen f\u00fcr den Frieden zu setzen.<\/p>\n<p>Zur Erinnerung daran, dass am\u00a0deutschen Bundeswehrstandort B\u00fcchel US-Atombomben &#8211; also vernunft- und v\u00f6lkerrechtswidrige Massenvernichtungswaffen &#8211; stationiert sind, traten einige von uns lebenslustig in preisverd\u00e4chtigen Skelettkost\u00fcmen auf.<\/p>\n<p>Unsere Aktion wurden von Aktivistinnen aus der Region unterst\u00fctzt.\u00a0<a href=\"http:\/\/www.ippnw.de\/commonFiles\/pdfs\/Atomwaffen\/personen_buechel.pdf\">Dr. Elke Koller<\/a>, die sich vor Ort seit Jahren\u00a0f\u00fcr den Abzug der Atombomben einsetzt, erkl\u00e4rte der anwesenden Auslandskorrespondentin einer schwedischen \u00f6ffentlich-rechtlichen Rundfunkanstalt, warum die deutsche Luftwaffe im Kriegsfall \u00fcber Atombomben verf\u00fcgen wird, obwohl Deutschland als Nichtatomwaffenstaat den Atomwaffensperrvertrag unterzeichnet hat (&#8222;Nukleare Teilhabe&#8220;).<\/p>\n<p>Sie skizzierte das bereits in Gang gesetzte atomare Wettr\u00fcsten (&#8222;Modernisierung der Atomwaffen&#8220;) und die Risiken, welche\u00a0von Atomsprengk\u00f6pfen auch au\u00dferhalb eines Kriegseinsatzes f\u00fcr die in der N\u00e4he lebende Bev\u00f6lkerung ausgehen.<\/p>\n<p>Nicht jeder in der Region ist mit unserem Protest einverstanden, aber einige der vorbeifahrenden Autofahrer zeigten\u00a0uns ihre Unterst\u00fctzung: Daumen hoch und &#8222;Victory&#8220;-Zeichen.<\/p>\n<p>Die DFG-VK Gruppe K\u00f6ln wird 2017 wieder an Aktionen in B\u00fcchel teilnehmen. Die Kampagne\u00a0<a href=\"http:\/\/www.atomwaffenfrei.de\/home.html\">Atomwaffenfrei jetzt!<\/a>\u00a0nimmt \u00a0bereits Anmeldungen von Gruppen, die bei &#8222;<a href=\"http:\/\/buechel-atombombenfrei.jimdo.com\">B\u00fcchel ist \u00fcberall &#8211; 20 Wochen Aktionspr\u00e4senz<\/a>&#8220; mitmachen m\u00f6chten, entgegen.<\/p>\n","protected":false},"excerpt":{"rendered":"<p>Von Stefanie Intveen.\u00a0&#8222;Atomwaffenfrei jetzt!&#8220; forderten am Samstag, den 19. November 2016 K\u00f6lner Friedensfreunde und -freundinnen vor dem Haupttor des Luftwaffenst\u00fctzpunkt B\u00fcchel in Rheinland-Pfalz. Auf Initiative einiger K\u00f6lner Mitglieder der\u00a0Qu\u00e4ker\u00a0und der DFG-VK Gruppe K\u00f6ln<\/p>\n","protected":false},"author":110,"featured_media":10053,"comment_status":"open","ping_status":"open","sticky":false,"template":"","format":"standard","meta":{"footnotes":""},"categories":[2],"tags":[42,33,48,59,3],"class_list":["post-10062","post","type-post","status-publish","format-standard","has-post-thumbnail","hentry","category-aktionen","tag-abruestung","tag-atomwaffen","tag-bundeswehr","tag-kirche","tag-pazifismus"],"_links":{"self":[{"href":"https:\/\/www.friedenkoeln.de\/index.php?rest_route=\/wp\/v2\/posts\/10062","targetHints":{"allow":["GET"]}}],"collection":[{"href":"https:\/\/www.friedenkoeln.de\/index.php?rest_route=\/wp\/v2\/posts"}],"about":[{"href":"https:\/\/www.friedenkoeln.de\/index.php?rest_route=\/wp\/v2\/types\/post"}],"author":[{"embeddable":true,"href":"https:\/\/www.friedenkoeln.de\/index.php?rest_route=\/wp\/v2\/users\/110"}],"replies":[{"embeddable":true,"href":"https:\/\/www.friedenkoeln.de\/index.php?rest_route=%2Fwp%2Fv2%2Fcomments&post=10062"}],"version-history":[{"count":10,"href":"https:\/\/www.friedenkoeln.de\/index.php?rest_route=\/wp\/v2\/posts\/10062\/revisions"}],"predecessor-version":[{"id":10081,"href":"https:\/\/www.friedenkoeln.de\/index.php?rest_route=\/wp\/v2\/posts\/10062\/revisions\/10081"}],"wp:featuredmedia":[{"embeddable":true,"href":"https:\/\/www.friedenkoeln.de\/index.php?rest_route=\/wp\/v2\/media\/10053"}],"wp:attachment":[{"href":"https:\/\/www.friedenkoeln.de\/index.php?rest_route=%2Fwp%2Fv2%2Fmedia&parent=10062"}],"wp:term":[{"taxonomy":"category","embeddable":true,"href":"https:\/\/www.friedenkoeln.de\/index.php?rest_route=%2Fwp%2Fv2%2Fcategories&post=10062"},{"taxonomy":"post_tag","embeddable":true,"href":"https:\/\/www.friedenkoeln.de\/index.php?rest_route=%2Fwp%2Fv2%2Ftags&post=10062"}],"curies":[{"name":"wp","href":"https:\/\/api.w.org\/{rel}","templated":true}]}}