{"id":10095,"date":"2016-11-26T15:56:49","date_gmt":"2016-11-26T13:56:49","guid":{"rendered":"http:\/\/www.friedenkoeln.de\/?p=10095"},"modified":"2016-11-26T15:56:49","modified_gmt":"2016-11-26T13:56:49","slug":"den-frieden-foerdern-nicht-den-krieg","status":"publish","type":"post","link":"https:\/\/www.friedenkoeln.de\/?p=10095","title":{"rendered":"Den Frieden f\u00f6rdern, nicht den Krieg!"},"content":{"rendered":"<p>Das in K\u00f6ln ans\u00e4ssige <a href=\"http:\/\/www.forumzfd.de\">Forum Ziviler Friedensdienst e. V.<\/a>\u00a0(forumZFD)\u00a0mahnt\u00a0anl\u00e4sslich des\u00a0gestern vom Deutschen Bundestag beschlossenen\u00a0<a href=\"http:\/\/www.bundestag.de\/#url=L2Rva3VtZW50ZS90ZXh0YXJjaGl2LzIwMTYva3c0Ny1kZS1zY2hsdXNzYWJzdGltbXVuZy80ODA0MTQ=&amp;mod=mod445720\">Haushaltsgesetzes 2017<\/a>:\u00a0&#8222;Den Frieden f\u00f6rdern, nicht den Krieg!&#8220;. Das forumZFD erh\u00e4lt f\u00fcr seine Arbeit im Bereich ziviler, gewaltfreier Konfliktl\u00f6sung 3 Millionen Euro mehr als im Vorjahr. Sein Gesch\u00e4ftsf\u00fchrer Oliver Knabe\u00a0<a href=\"http:\/\/www.friedenkoeln.de\/wp-content\/uploads\/2016\/11\/Brief-Oliver-Knabe-Forum-ZFD-an-Harald-Fuchs-DFG-VK-K\u00f6ln_20161125.jpg\" data-rel=\"lightbox-image-0\" data-rl_title=\"\" data-rl_caption=\"\" title=\"\">bedankt sich bei der DFG-VK Gruppe K\u00f6ln<\/a> f\u00fcr die Unterst\u00fctzung des Appells an die Politik, mehr f\u00fcr\u00a0Frieden und Entwicklung und weniger f\u00fcr Milit\u00e4r auszugeben.<!--more--> Das forumZFD\u00a0nennt allerdings auch weitere &#8222;<a href=\"http:\/\/www.forumzfd.de\/friedenfoerdern\">Fakten zum Bundeshaushalt 2017<\/a>:<\/p>\n<p>&nbsp;<\/p>\n<ul>\n<li>Der <b>Verteidigungshaushalt<\/b> \u2013 ohnehin der zweitgr\u00f6\u00dfte Haushaltsposten \u2013 <b>wird im Jahr 2017 um 2,33 Milliarden Euro erh\u00f6ht<\/b> werden. Bis zum Jahr 2020 ist sogar geplant, insgesamt zus\u00e4tzliche 12,4 Mrd. Euro f\u00fcr das Milit\u00e4r zur Verf\u00fcgung zu stellen.<\/li>\n<li>Der <b>Zivile Friedensdienst<\/b>, eines der anerkanntesten friedenspolitischen Programme der Bundesregierung, erh\u00e4lt trotz enormen Bedarfes <b>nur 3 Millionen \u20ac mehr als im Vorjahr<\/b>.<\/li>\n<li><b><\/b><b>Die Kluft zwischen den Milit\u00e4rausgaben und den Ausgaben f\u00fcr Frieden und Entwicklung w\u00e4chst weiter.<\/b> Schon jetzt werden 22,7 Mrd. mehr f\u00fcr Milit\u00e4r ausgegeben als f\u00fcr Frieden und Entwicklung. Ab 2017 soll diese Differenz \u00fcber 20 Mrd. Euro betragen, bis zum Jahr 2020 wird sie auf mehr als 27 Mrd. Euro weiter anwachsen.&#8220;<\/li>\n<\/ul>\n<p>&nbsp;<\/p>\n","protected":false},"excerpt":{"rendered":"<p>Das in K\u00f6ln ans\u00e4ssige Forum Ziviler Friedensdienst e. V.\u00a0(forumZFD)\u00a0mahnt\u00a0anl\u00e4sslich des\u00a0gestern vom Deutschen Bundestag beschlossenen\u00a0Haushaltsgesetzes 2017:\u00a0&#8222;Den Frieden f\u00f6rdern, nicht den Krieg!&#8220;. Das forumZFD erh\u00e4lt f\u00fcr seine Arbeit im Bereich ziviler, gewaltfreier Konfliktl\u00f6sung 3 Millionen Euro&#46;&#46;&#46;<\/p>\n","protected":false},"author":110,"featured_media":10100,"comment_status":"open","ping_status":"open","sticky":false,"template":"","format":"standard","meta":{"footnotes":""},"categories":[2],"tags":[42,49,48,40,3,4],"class_list":["post-10095","post","type-post","status-publish","format-standard","has-post-thumbnail","hentry","category-aktionen","tag-abruestung","tag-bundestag","tag-bundeswehr","tag-demokratie","tag-pazifismus","tag-zivile-konfliktloesung"],"_links":{"self":[{"href":"https:\/\/www.friedenkoeln.de\/index.php?rest_route=\/wp\/v2\/posts\/10095","targetHints":{"allow":["GET"]}}],"collection":[{"href":"https:\/\/www.friedenkoeln.de\/index.php?rest_route=\/wp\/v2\/posts"}],"about":[{"href":"https:\/\/www.friedenkoeln.de\/index.php?rest_route=\/wp\/v2\/types\/post"}],"author":[{"embeddable":true,"href":"https:\/\/www.friedenkoeln.de\/index.php?rest_route=\/wp\/v2\/users\/110"}],"replies":[{"embeddable":true,"href":"https:\/\/www.friedenkoeln.de\/index.php?rest_route=%2Fwp%2Fv2%2Fcomments&post=10095"}],"version-history":[{"count":4,"href":"https:\/\/www.friedenkoeln.de\/index.php?rest_route=\/wp\/v2\/posts\/10095\/revisions"}],"predecessor-version":[{"id":10102,"href":"https:\/\/www.friedenkoeln.de\/index.php?rest_route=\/wp\/v2\/posts\/10095\/revisions\/10102"}],"wp:featuredmedia":[{"embeddable":true,"href":"https:\/\/www.friedenkoeln.de\/index.php?rest_route=\/wp\/v2\/media\/10100"}],"wp:attachment":[{"href":"https:\/\/www.friedenkoeln.de\/index.php?rest_route=%2Fwp%2Fv2%2Fmedia&parent=10095"}],"wp:term":[{"taxonomy":"category","embeddable":true,"href":"https:\/\/www.friedenkoeln.de\/index.php?rest_route=%2Fwp%2Fv2%2Fcategories&post=10095"},{"taxonomy":"post_tag","embeddable":true,"href":"https:\/\/www.friedenkoeln.de\/index.php?rest_route=%2Fwp%2Fv2%2Ftags&post=10095"}],"curies":[{"name":"wp","href":"https:\/\/api.w.org\/{rel}","templated":true}]}}