{"id":10150,"date":"2016-12-11T18:03:48","date_gmt":"2016-12-11T16:03:48","guid":{"rendered":"http:\/\/www.friedenkoeln.de\/?p=10150"},"modified":"2020-11-14T23:28:55","modified_gmt":"2020-11-14T21:28:55","slug":"krieg-ohne-ende","status":"publish","type":"post","link":"https:\/\/www.friedenkoeln.de\/?p=10150","title":{"rendered":"Krieg ohne Ende"},"content":{"rendered":"<p>&#8222;Der Westen gibt sich gern als Moralinstanz f\u00fcr die gesamte Welt: Freiheit und Demokratie gebe es hier und sch\u00fctze man \u00fcberall. Vergessen werden dabei oft all die V\u00f6lkerrechts- und Menschheitsverbrechen, denen er sich schuldig machte und stets aufs Neue macht: Die unheilvollen und \u00fcberdies <a class=\"\" href=\"http:\/\/www.nachdenkseiten.de\/?p=35408\">illegalen Kriege<\/a> etwa, mit denen er die Welt seit Jahren \u00fcberzieht. Die Tatsache, dass diese vermeintlich gerechten Kriege bereits jetzt <a class=\"\" href=\"http:\/\/www.nachdenkseiten.de\/?p=25535\">hundertfach mehr Tote<\/a> gefordert haben als alle Terroranschl\u00e4ge gegen \u201eunsere\u201c L\u00e4nder zusammen. Und auch die systematische Vernichtung der Lebensgrundlagen von Millionen von Menschen durch den Einsatz von Uranmunition im Irak und nun auch in <a class=\"\" href=\"http:\/\/www.nachdenkseiten.de\/?p=35669#h11\">Syrien<\/a>. \u00dcberhaupt scheint kaum bekannt zu sein, dass die gro\u00dfen Trag\u00f6dien des Krieges in aller Regel noch Jahre und Jahrzehnte nach Kriegsende zu beobachten sind.&#8220; (Zitat: Jens Berger, Nachdenkseiten.) Zu diesen ist auf den &#8222;Nachdenkseiten&#8220; ein lesenswertes Interview von <strong class=\"\">Jens Wernicke<\/strong> mit dem Schweizer Buch- und Filmautor <strong class=\"\">Peter Jaeggi <\/strong>erschienen: <a class=\"\" href=\"http:\/\/www.nachdenkseiten.de\/?p=36154\">http:\/\/www.nachdenkseiten.de\/?p=36154<\/a><\/p>\n<p>In diesem Zusammenhang empfehle ich die Unterst\u00fctzung des Appells der Internationalen Koalition zu \u00c4chtung der Uranwaffen (ICBUW Deutschland): <a href=\"http:\/\/www.uranmunition.org\/\">http:\/\/www.uranmunition.org\/<\/a><\/p>\n<p style=\"text-align: right;\">Harald Fuchs<\/p>\n","protected":false},"excerpt":{"rendered":"<p>&#8222;Der Westen gibt sich gern als Moralinstanz f\u00fcr die gesamte Welt: Freiheit und Demokratie gebe es hier und sch\u00fctze man \u00fcberall. Vergessen werden dabei oft all die V\u00f6lkerrechts- und Menschheitsverbrechen, denen er sich schuldig&#46;&#46;&#46;<\/p>\n","protected":false},"author":110,"featured_media":0,"comment_status":"open","ping_status":"open","sticky":false,"template":"","format":"standard","meta":{"footnotes":""},"categories":[107],"tags":[33,70,45,6],"class_list":["post-10150","post","type-post","status-publish","format-standard","hentry","category-kommentar","tag-atomwaffen","tag-auslandseinsaetze-der-bundeswehr","tag-geschichte","tag-uranmunition"],"_links":{"self":[{"href":"https:\/\/www.friedenkoeln.de\/index.php?rest_route=\/wp\/v2\/posts\/10150","targetHints":{"allow":["GET"]}}],"collection":[{"href":"https:\/\/www.friedenkoeln.de\/index.php?rest_route=\/wp\/v2\/posts"}],"about":[{"href":"https:\/\/www.friedenkoeln.de\/index.php?rest_route=\/wp\/v2\/types\/post"}],"author":[{"embeddable":true,"href":"https:\/\/www.friedenkoeln.de\/index.php?rest_route=\/wp\/v2\/users\/110"}],"replies":[{"embeddable":true,"href":"https:\/\/www.friedenkoeln.de\/index.php?rest_route=%2Fwp%2Fv2%2Fcomments&post=10150"}],"version-history":[{"count":3,"href":"https:\/\/www.friedenkoeln.de\/index.php?rest_route=\/wp\/v2\/posts\/10150\/revisions"}],"predecessor-version":[{"id":10155,"href":"https:\/\/www.friedenkoeln.de\/index.php?rest_route=\/wp\/v2\/posts\/10150\/revisions\/10155"}],"wp:attachment":[{"href":"https:\/\/www.friedenkoeln.de\/index.php?rest_route=%2Fwp%2Fv2%2Fmedia&parent=10150"}],"wp:term":[{"taxonomy":"category","embeddable":true,"href":"https:\/\/www.friedenkoeln.de\/index.php?rest_route=%2Fwp%2Fv2%2Fcategories&post=10150"},{"taxonomy":"post_tag","embeddable":true,"href":"https:\/\/www.friedenkoeln.de\/index.php?rest_route=%2Fwp%2Fv2%2Ftags&post=10150"}],"curies":[{"name":"wp","href":"https:\/\/api.w.org\/{rel}","templated":true}]}}