{"id":10159,"date":"2016-12-20T07:00:01","date_gmt":"2016-12-20T05:00:01","guid":{"rendered":"http:\/\/www.friedenkoeln.de\/?p=10159"},"modified":"2020-11-14T23:28:44","modified_gmt":"2020-11-14T21:28:44","slug":"tuerkei-was-koennen-wir-sinnvolles-tun-ausser-chronisten-der-katastrophe-zu-sein","status":"publish","type":"post","link":"https:\/\/www.friedenkoeln.de\/?p=10159","title":{"rendered":"T\u00fcrkei &#8211; &#8222;Was k\u00f6nnen wir Sinnvolles tun au\u00dfer Chronisten der Katastrophe zu sein?&#8220;"},"content":{"rendered":"<p style=\"padding-left: 30px;\">&#8222;Die Lekt\u00fcre auch dieser N\u00fctzlichen Nachrichten l\u00f6st Hilflosigkeit, Zorn und Trauer aus. Die Schockstarre, die wir bei unseren Begegnungen im M\u00e4rz in der T\u00fcrkei bemerkten und auch bei kurdischen Freunden in Deutschland \u00fcbertr\u00e4gt sich auf uns. Wie gel\u00e4hmt starren wir fassungslos auf das, was in Kurdistan und in der T\u00fcrkei passiert, wie alles sinnlos zerschlagen wird, was sich an Hoffnungsvollem in den letzten Jahren entwickelt hatte.<!--more--><\/p>\n<p style=\"padding-left: 30px;\">Was k\u00f6nnen wir Sinnvolles tun au\u00dfer Chronisten der Katastrophe zu sein?<\/p>\n<p style=\"padding-left: 30px;\">Immer wieder kommt mir in diesen Tagen ein altes Gebet in den Sinn:<\/p>\n<p style=\"padding-left: 60px;\"><em>&#8222;Gott, gib mir die Gelassenheit, Dinge hinzunehmen, die ich nicht \u00e4ndern kann,<\/em><\/p>\n<p style=\"padding-left: 60px;\"><em>den Mut, Dinge zu \u00e4ndern, die ich \u00e4ndern kann,<\/em><\/p>\n<p style=\"padding-left: 60px;\"><em>und die Weisheit, das eine vom anderen zu unterscheiden.&#8220;<\/em><\/p>\n<div id=\"attachment_8576\" style=\"width: 184px\" class=\"wp-caption alignleft\"><img loading=\"lazy\" decoding=\"async\" aria-describedby=\"caption-attachment-8576\" class=\" wp-image-8576\" src=\"http:\/\/www.friedenkoeln.de\/wp-content\/uploads\/2015\/07\/30.jpeg\" alt=\"War is not the answer - Graffito in K\u00f6ln\" width=\"174\" height=\"174\" srcset=\"https:\/\/www.friedenkoeln.de\/wp-content\/uploads\/2015\/07\/30.jpeg 178w, https:\/\/www.friedenkoeln.de\/wp-content\/uploads\/2015\/07\/30-150x150.jpeg 150w, https:\/\/www.friedenkoeln.de\/wp-content\/uploads\/2015\/07\/30-65x65.jpeg 65w\" sizes=\"auto, (max-width: 174px) 100vw, 174px\" \/><p id=\"caption-attachment-8576\" class=\"wp-caption-text\">War is not the answer &#8211; Graffito in K\u00f6ln<\/p><\/div>\n<p style=\"padding-left: 30px;\">Kurdische und t\u00fcrkische Menschenrechtler haben eine lange schmerzhafte Tradition, auch in scheinbar aussichtslosen Situationen nicht den Mut und die Hoffnung zu verlieren. Sebnem Korur Fincanci ermunterte sich und uns bei der Er\u00f6ffnung ihres Prozesses in Istanbul: &#8222;Solange wir k\u00e4mpfen, werden wir gewinnen&#8220;, K\u00e4mpfen mit friedlichen, politischen Mitteln, Zeugen sein, die Verbindung halten und den Menschen im Gef\u00e4ngnis eine Stimme geben.&#8220;<\/p>\n<p>Das schreibt Dr. Gisela Penteker\u00a0als Kommentar der <a href=\"http:\/\/www.friedenkoeln.de\/wp-content\/uploads\/2016\/12\/Dialogkreis_N\u00fctzliche-Nachrichten-NN_2016-Nov-Dez.pdf\">aktuellen Ausgabe der &#8222;N\u00fctzlichen Nachrichten&#8220;<\/a> des in K\u00f6ln ans\u00e4ssigen Dialogkreises &#8222;Die Zeit ist reif f\u00fcr eine politische L\u00f6sung im Konflikt zwischen T\u00fcrken und Kurden&#8220;. Dr. Penteker ist\u00a0\u00c4rztin bei <a href=\"https:\/\/www.ippnw.de\/startseite.html\">IPPNW<\/a>. Sie leitete\u00a0eine\u00a0<a href=\"https:\/\/www.ippnw.de\/no_cache\/presse\/artikel\/de\/ippnw-reisedelegation-fordert-wieder.html#c8534\">Delegation<\/a>, die im M\u00e4rz 2016 Ankara, sowie einige von der\u00a0t\u00fcrkischen Armee kurz zuvor zerst\u00f6rte Orte in der T\u00fcrkei besuchte.<\/p>\n<p>Die &#8222;Aktion Aufschrei: Stoppt den Waffenhandel!&#8220; stellt Informationen zu <a href=\"http:\/\/aufschrei-waffenhandel.de\/Tuerkei.219.0.html\">deutsch-t\u00fcrkischen R\u00fcstungsgesch\u00e4ften<\/a> zusammen. Hasnain Kazim <a href=\"http:\/\/www.spiegel.de\/politik\/ausland\/tuerkei-deutsche-ruestungsexporte-nehmen-zu-trotz-buergerkriegsaehnlicher-zustaende-a-1124346.html\">schrieb<\/a> k\u00fcrzlich im Spiegel: &#8222;Deutschland verkauft im gro\u00dfen Stil Waffen an die T\u00fcrkei, in diesem Jahr nahmen die Lieferungen sogar zu. B\u00fcrgerkriegs\u00e4hnliche Zust\u00e4nde sind dabei f\u00fcr die Bundesregierung kein Hinderungsgrund.&#8220;<\/p>\n","protected":false},"excerpt":{"rendered":"<p>&#8222;Die Lekt\u00fcre auch dieser N\u00fctzlichen Nachrichten l\u00f6st Hilflosigkeit, Zorn und Trauer aus. Die Schockstarre, die wir bei unseren Begegnungen im M\u00e4rz in der T\u00fcrkei bemerkten und auch bei kurdischen Freunden in Deutschland \u00fcbertr\u00e4gt sich&#46;&#46;&#46;<\/p>\n","protected":false},"author":110,"featured_media":10176,"comment_status":"open","ping_status":"open","sticky":false,"template":"","format":"standard","meta":{"footnotes":""},"categories":[116,107],"tags":[70,68,48,28,47,71,4],"class_list":["post-10159","post","type-post","status-publish","format-standard","has-post-thumbnail","hentry","category-aufruf","category-kommentar","tag-auslandseinsaetze-der-bundeswehr","tag-bundesregierung","tag-bundeswehr","tag-fluchtlingen","tag-krieg-gegen-terror","tag-waffenhandel","tag-zivile-konfliktloesung"],"_links":{"self":[{"href":"https:\/\/www.friedenkoeln.de\/index.php?rest_route=\/wp\/v2\/posts\/10159","targetHints":{"allow":["GET"]}}],"collection":[{"href":"https:\/\/www.friedenkoeln.de\/index.php?rest_route=\/wp\/v2\/posts"}],"about":[{"href":"https:\/\/www.friedenkoeln.de\/index.php?rest_route=\/wp\/v2\/types\/post"}],"author":[{"embeddable":true,"href":"https:\/\/www.friedenkoeln.de\/index.php?rest_route=\/wp\/v2\/users\/110"}],"replies":[{"embeddable":true,"href":"https:\/\/www.friedenkoeln.de\/index.php?rest_route=%2Fwp%2Fv2%2Fcomments&post=10159"}],"version-history":[{"count":7,"href":"https:\/\/www.friedenkoeln.de\/index.php?rest_route=\/wp\/v2\/posts\/10159\/revisions"}],"predecessor-version":[{"id":10177,"href":"https:\/\/www.friedenkoeln.de\/index.php?rest_route=\/wp\/v2\/posts\/10159\/revisions\/10177"}],"wp:featuredmedia":[{"embeddable":true,"href":"https:\/\/www.friedenkoeln.de\/index.php?rest_route=\/wp\/v2\/media\/10176"}],"wp:attachment":[{"href":"https:\/\/www.friedenkoeln.de\/index.php?rest_route=%2Fwp%2Fv2%2Fmedia&parent=10159"}],"wp:term":[{"taxonomy":"category","embeddable":true,"href":"https:\/\/www.friedenkoeln.de\/index.php?rest_route=%2Fwp%2Fv2%2Fcategories&post=10159"},{"taxonomy":"post_tag","embeddable":true,"href":"https:\/\/www.friedenkoeln.de\/index.php?rest_route=%2Fwp%2Fv2%2Ftags&post=10159"}],"curies":[{"name":"wp","href":"https:\/\/api.w.org\/{rel}","templated":true}]}}