{"id":10167,"date":"2016-12-19T07:00:54","date_gmt":"2016-12-19T05:00:54","guid":{"rendered":"http:\/\/www.friedenkoeln.de\/?p=10167"},"modified":"2016-12-18T23:49:09","modified_gmt":"2016-12-18T21:49:09","slug":"ruestungsmesse-itec-zusammenarbeit-zwischen-friedensgruppen-in-koeln-und-rotterdam","status":"publish","type":"post","link":"https:\/\/www.friedenkoeln.de\/?p=10167","title":{"rendered":"R\u00fcstungsmesse ITEC: Zusammenarbeit zwischen Friedensgruppen in K\u00f6ln und Rotterdam?"},"content":{"rendered":"<p>Krieg beginnt hier &#8211; und kann hier aufgehalten werden. NO ITEC in K\u00f6ln. Keine Milit\u00e4r- und Waffentechnik-Messe 2018.<\/p>\n<p>Das\u00a0K\u00f6lner\u00a0B\u00fcndnis gegen die Milit\u00e4r- und R\u00fcstungsmesse ITEC weist in seiner heutigen\u00a0<a href=\"http:\/\/www.friedenkoeln.de\/wp-content\/uploads\/2016\/12\/PM-ITEC-.pdf\">Pressemitteilung<\/a>\u00a0darauf hin, dass die ITEC auch 2018 nicht wieder in K\u00f6ln <!--more-->stattfinden wird &#8211; nicht zuletzt aufgrund der erfolgreichen Arbeit des B\u00fcndnisses 2014.<\/p>\n<div id=\"attachment_10171\" style=\"width: 265px\" class=\"wp-caption alignright\"><img loading=\"lazy\" decoding=\"async\" aria-describedby=\"caption-attachment-10171\" class=\" wp-image-10171\" src=\"http:\/\/www.friedenkoeln.de\/wp-content\/uploads\/2016\/12\/BW-Wegtreten_ITEC-2014-Plakat_20140501.png\" alt=\"Aktionsplakat gegen ITEC K\u00f6ln 2014 (Bundeswehr wegtreten)\" width=\"255\" height=\"358\" \/><p id=\"caption-attachment-10171\" class=\"wp-caption-text\">Aktionsplakat gegen ITEC K\u00f6ln 2014 (Bundeswehr wegtreten)<\/p><\/div>\n<p>Die Presse hatte 2014\u00a0\u00fcber die Proteste\u00a0<a href=\"http:\/\/www.ksta.de\/koeln\/-itec-bei-koeln-messe-protest-gegen-ruestungsmesse-1927434\">berichtet<\/a>, die auch eine pantomimische Darstellung der\u00a0<a href=\"http:\/\/www.express.de\/koeln\/koelner-city-was-ist-da-vor-dem-excelsior-hotel-los--864160\">&#8222;Endprodukte&#8220; der R\u00fcstungsindustrie &#8211; Tote und Verletzte &#8211;\u00a0<\/a>vor dem Hotel Excelsior beinhaltete. DFG-VK-Mitglieder waren mit bei\u00dfendem Humor an Planung und Umsetzung des Theaters \u00a0beteiligt.<\/p>\n<p>Die ITEC wird vom\u00a016.-18. Mai 2017\u00a0in der K\u00f6lner\u00a0<a href=\"http:\/\/www.stadt-koeln.de\/politik-und-verwaltung\/internationales\/staedtepartnerschaften\/rotterdam-niederlande\">Partnerstadt Rotterdam<\/a>\u00a0stattfinden &#8211; ausgerechnet einer derjenigen St\u00e4dte, die im Zweiten Weltkrieg durch die deutsche Luftwaffe gro\u00dffl\u00e4chig\u00a0zerst\u00f6rt wurde. Bei den K\u00f6lner Aktionen halfen\u00a0uns Franziskaner-M\u00f6nche aus den Niederlanden. In Rotterdam k\u00f6nnte es 2017 wieder eine deutsch-niederl\u00e4ndische Zusammenarbeit geben. Das K\u00f6lner B\u00fcndnis\u00a0hat bereits zur Unterst\u00fctzung des dortigen Protests aufgerufen.<\/p>\n<p>&nbsp;<\/p>\n<p>&nbsp;<\/p>\n","protected":false},"excerpt":{"rendered":"<p>Krieg beginnt hier &#8211; und kann hier aufgehalten werden. NO ITEC in K\u00f6ln. Keine Milit\u00e4r- und Waffentechnik-Messe 2018. Das\u00a0K\u00f6lner\u00a0B\u00fcndnis gegen die Milit\u00e4r- und R\u00fcstungsmesse ITEC weist in seiner heutigen\u00a0Pressemitteilung\u00a0darauf hin, dass die ITEC auch&#46;&#46;&#46;<\/p>\n","protected":false},"author":110,"featured_media":10171,"comment_status":"open","ping_status":"open","sticky":false,"template":"","format":"standard","meta":{"footnotes":""},"categories":[2],"tags":[59,27,37,67],"class_list":["post-10167","post","type-post","status-publish","format-standard","has-post-thumbnail","hentry","category-aktionen","tag-kirche","tag-kultur","tag-ruestungsexporte","tag-theater"],"_links":{"self":[{"href":"https:\/\/www.friedenkoeln.de\/index.php?rest_route=\/wp\/v2\/posts\/10167","targetHints":{"allow":["GET"]}}],"collection":[{"href":"https:\/\/www.friedenkoeln.de\/index.php?rest_route=\/wp\/v2\/posts"}],"about":[{"href":"https:\/\/www.friedenkoeln.de\/index.php?rest_route=\/wp\/v2\/types\/post"}],"author":[{"embeddable":true,"href":"https:\/\/www.friedenkoeln.de\/index.php?rest_route=\/wp\/v2\/users\/110"}],"replies":[{"embeddable":true,"href":"https:\/\/www.friedenkoeln.de\/index.php?rest_route=%2Fwp%2Fv2%2Fcomments&post=10167"}],"version-history":[{"count":5,"href":"https:\/\/www.friedenkoeln.de\/index.php?rest_route=\/wp\/v2\/posts\/10167\/revisions"}],"predecessor-version":[{"id":10175,"href":"https:\/\/www.friedenkoeln.de\/index.php?rest_route=\/wp\/v2\/posts\/10167\/revisions\/10175"}],"wp:featuredmedia":[{"embeddable":true,"href":"https:\/\/www.friedenkoeln.de\/index.php?rest_route=\/wp\/v2\/media\/10171"}],"wp:attachment":[{"href":"https:\/\/www.friedenkoeln.de\/index.php?rest_route=%2Fwp%2Fv2%2Fmedia&parent=10167"}],"wp:term":[{"taxonomy":"category","embeddable":true,"href":"https:\/\/www.friedenkoeln.de\/index.php?rest_route=%2Fwp%2Fv2%2Fcategories&post=10167"},{"taxonomy":"post_tag","embeddable":true,"href":"https:\/\/www.friedenkoeln.de\/index.php?rest_route=%2Fwp%2Fv2%2Ftags&post=10167"}],"curies":[{"name":"wp","href":"https:\/\/api.w.org\/{rel}","templated":true}]}}