{"id":10210,"date":"2016-12-31T19:55:56","date_gmt":"2016-12-31T17:55:56","guid":{"rendered":"http:\/\/www.friedenkoeln.de\/?p=10210"},"modified":"2016-12-31T19:55:56","modified_gmt":"2016-12-31T17:55:56","slug":"neue-entspannungspolitik-jetzt","status":"publish","type":"post","link":"https:\/\/www.friedenkoeln.de\/?p=10210","title":{"rendered":"Neue Entspannungspolitik jetzt!"},"content":{"rendered":"<p>Die DFG-VK Grupppe K\u00f6ln unterst\u00fctzt\u00a0den Aufruf zu einer breiten gesellschaftlichen Debatte \u00fcber eine neue Entspannungspolitik, der im Dezember gleichzeitig in Deutschland und den USA verbreitet wurde. Darin wird die einfache Wahrheit wiederholt, welche Egon Bahr, Helmut Schmidt, Richard von Weizs\u00e4cker und Hans-Dietrich Genscher 2009 in ihrem Appell f\u00fcr eine atomwaffenfreie Welt <!--more-->formulierten:<\/p>\n<p style=\"padding-left: 30px;\"><img loading=\"lazy\" decoding=\"async\" class=\"size-full wp-image-10212 alignleft\" src=\"http:\/\/www.friedenkoeln.de\/wp-content\/uploads\/2016\/12\/fullsizeoutput_25d.jpeg\" alt=\"BAF-Taube\" width=\"254\" height=\"181\" \/>&#8222;Das Schl\u00fcsselwort unseres Jahrhunderts hei\u00dft Zusammenarbeit. Kein globales Problem ist durch Konfrontation oder den Einsatz milit\u00e4rischer Macht zu l\u00f6sen.&#8220;<\/p>\n<p>Der Aufruf wird\u00a0von zahlreichen prominenten Politiker*innen unterschiedlicher Parteien, Journalist*innen, Wissenschaftler*innen B\u00fcrgerrechts- und Friedensaktivist*innen aus Deutschland, den USA und anderen L\u00e4ndern unterst\u00fctzt und schlie\u00dft mit den Worten:<\/p>\n<p style=\"padding-left: 30px;\">&#8222;Heute ist eine breite gesellschaftliche und partei\u00fcbergreifende Debatte \u00fcber Entspannungspolitik notwendiger denn je, um zu helfen, die Konfrontation in Europa zu beenden und die europ\u00e4ischen Krisen zu bew\u00e4ltigen und &#8211; mit Nutzen f\u00fcr die ganz Welt &#8211; eine Zone gesamteurop\u00e4ischer &#8222;gemeinsamer Sicherheit&#8220; durch Kooperation der Staaten von Vancouver bis Wladiwostok durchzusetzen.&#8220;<\/p>\n<p>Mit dieser realistischen Vision einer &#8222;Win-win-Politik&#8220; zum Nutzen aller verabschieden wir uns aus dem alten Jahr 2016 und hoffen auf ein friedliches Neues Jahr 2017. <a href=\"http:\/\/neue-entspannungspolitik.berlin\/de\/aufruf\/\">Hier<\/a> kann der Aufruf unterzeichnet werden.<\/p>\n","protected":false},"excerpt":{"rendered":"<p>Die DFG-VK Grupppe K\u00f6ln unterst\u00fctzt\u00a0den Aufruf zu einer breiten gesellschaftlichen Debatte \u00fcber eine neue Entspannungspolitik, der im Dezember gleichzeitig in Deutschland und den USA verbreitet wurde. Darin wird die einfache Wahrheit wiederholt, welche Egon&#46;&#46;&#46;<\/p>\n","protected":false},"author":110,"featured_media":10212,"comment_status":"open","ping_status":"open","sticky":false,"template":"","format":"standard","meta":{"footnotes":""},"categories":[2],"tags":[42,33,45,3,4],"class_list":["post-10210","post","type-post","status-publish","format-standard","has-post-thumbnail","hentry","category-aktionen","tag-abruestung","tag-atomwaffen","tag-geschichte","tag-pazifismus","tag-zivile-konfliktloesung"],"_links":{"self":[{"href":"https:\/\/www.friedenkoeln.de\/index.php?rest_route=\/wp\/v2\/posts\/10210","targetHints":{"allow":["GET"]}}],"collection":[{"href":"https:\/\/www.friedenkoeln.de\/index.php?rest_route=\/wp\/v2\/posts"}],"about":[{"href":"https:\/\/www.friedenkoeln.de\/index.php?rest_route=\/wp\/v2\/types\/post"}],"author":[{"embeddable":true,"href":"https:\/\/www.friedenkoeln.de\/index.php?rest_route=\/wp\/v2\/users\/110"}],"replies":[{"embeddable":true,"href":"https:\/\/www.friedenkoeln.de\/index.php?rest_route=%2Fwp%2Fv2%2Fcomments&post=10210"}],"version-history":[{"count":2,"href":"https:\/\/www.friedenkoeln.de\/index.php?rest_route=\/wp\/v2\/posts\/10210\/revisions"}],"predecessor-version":[{"id":10213,"href":"https:\/\/www.friedenkoeln.de\/index.php?rest_route=\/wp\/v2\/posts\/10210\/revisions\/10213"}],"wp:featuredmedia":[{"embeddable":true,"href":"https:\/\/www.friedenkoeln.de\/index.php?rest_route=\/wp\/v2\/media\/10212"}],"wp:attachment":[{"href":"https:\/\/www.friedenkoeln.de\/index.php?rest_route=%2Fwp%2Fv2%2Fmedia&parent=10210"}],"wp:term":[{"taxonomy":"category","embeddable":true,"href":"https:\/\/www.friedenkoeln.de\/index.php?rest_route=%2Fwp%2Fv2%2Fcategories&post=10210"},{"taxonomy":"post_tag","embeddable":true,"href":"https:\/\/www.friedenkoeln.de\/index.php?rest_route=%2Fwp%2Fv2%2Ftags&post=10210"}],"curies":[{"name":"wp","href":"https:\/\/api.w.org\/{rel}","templated":true}]}}