{"id":10230,"date":"2017-01-12T17:55:31","date_gmt":"2017-01-12T15:55:31","guid":{"rendered":"http:\/\/www.friedenkoeln.de\/?p=10230"},"modified":"2020-11-14T23:27:51","modified_gmt":"2020-11-14T21:27:51","slug":"angriffskrieger-lassen-sich-straffrei-stellen","status":"publish","type":"post","link":"https:\/\/www.friedenkoeln.de\/?p=10230","title":{"rendered":"Angriffskrieger lassen sich straffrei stellen"},"content":{"rendered":"<p>Zum 1. 1. 2017 wurde der \u00a7 80 (Vorbereitung eines Angriffskrieges) aus dem Strafgesetzgebuch gestrichen und durch einen neuen \u00a7 13 im V\u00f6lkerstrafgesetzbuch (Verbrechen der Aggression) ersetzt. Alle Bundestagsfraktionen au\u00dfer der Linken haben dieser \u00c4nderung zugestimmt.<\/p>\n<p>Martin Singe vom Komitee f\u00fcr Grundrechte und Demokratie hat dazu einen lesenswerten <a href=\"http:\/\/www.grundrechtekomitee.de\/node\/831\">Kommentar<\/a> verfasst.<\/p>\n<p style=\"text-align: right;\">Harald Fuchs<\/p>\n","protected":false},"excerpt":{"rendered":"<p>Zum 1. 1. 2017 wurde der \u00a7 80 (Vorbereitung eines Angriffskrieges) aus dem Strafgesetzgebuch gestrichen und durch einen neuen \u00a7 13 im V\u00f6lkerstrafgesetzbuch (Verbrechen der Aggression) ersetzt. Alle Bundestagsfraktionen au\u00dfer der Linken haben dieser&#46;&#46;&#46;<\/p>\n","protected":false},"author":110,"featured_media":0,"comment_status":"open","ping_status":"open","sticky":false,"template":"","format":"standard","meta":{"footnotes":""},"categories":[106],"tags":[],"class_list":["post-10230","post","type-post","status-publish","format-standard","hentry","category-analyse"],"_links":{"self":[{"href":"https:\/\/www.friedenkoeln.de\/index.php?rest_route=\/wp\/v2\/posts\/10230","targetHints":{"allow":["GET"]}}],"collection":[{"href":"https:\/\/www.friedenkoeln.de\/index.php?rest_route=\/wp\/v2\/posts"}],"about":[{"href":"https:\/\/www.friedenkoeln.de\/index.php?rest_route=\/wp\/v2\/types\/post"}],"author":[{"embeddable":true,"href":"https:\/\/www.friedenkoeln.de\/index.php?rest_route=\/wp\/v2\/users\/110"}],"replies":[{"embeddable":true,"href":"https:\/\/www.friedenkoeln.de\/index.php?rest_route=%2Fwp%2Fv2%2Fcomments&post=10230"}],"version-history":[{"count":2,"href":"https:\/\/www.friedenkoeln.de\/index.php?rest_route=\/wp\/v2\/posts\/10230\/revisions"}],"predecessor-version":[{"id":10234,"href":"https:\/\/www.friedenkoeln.de\/index.php?rest_route=\/wp\/v2\/posts\/10230\/revisions\/10234"}],"wp:attachment":[{"href":"https:\/\/www.friedenkoeln.de\/index.php?rest_route=%2Fwp%2Fv2%2Fmedia&parent=10230"}],"wp:term":[{"taxonomy":"category","embeddable":true,"href":"https:\/\/www.friedenkoeln.de\/index.php?rest_route=%2Fwp%2Fv2%2Fcategories&post=10230"},{"taxonomy":"post_tag","embeddable":true,"href":"https:\/\/www.friedenkoeln.de\/index.php?rest_route=%2Fwp%2Fv2%2Ftags&post=10230"}],"curies":[{"name":"wp","href":"https:\/\/api.w.org\/{rel}","templated":true}]}}