{"id":10252,"date":"2017-01-18T00:07:45","date_gmt":"2017-01-17T22:07:45","guid":{"rendered":"http:\/\/www.friedenkoeln.de\/?p=10252"},"modified":"2017-01-18T00:07:45","modified_gmt":"2017-01-17T22:07:45","slug":"amtsgericht-bonn-verurteilt-pazifisten","status":"publish","type":"post","link":"https:\/\/www.friedenkoeln.de\/?p=10252","title":{"rendered":"Amtsgericht Bonn verurteilt Pazifisten"},"content":{"rendered":"<p>Am 17.1.2017 hat das Amtsgericht Bonn einen Aktivisten aus der Friedensbewegung wegen einer Aktion auf dem Truppen\u00fcbungsgel\u00e4nde Altmark in der Colbitz-Letzlinger Heide (Sachsen-Anhalt) zu einer Geldbu\u00dfe von 400 Euro verurteilt.<\/p>\n<p>N\u00e4here Infos und Bewertung s. <a href=\"http:\/\/www.grundrechtekomitee.de\/node\/832\">http:\/\/www.grundrechtekomitee.de\/node\/832<\/a><\/p>\n","protected":false},"excerpt":{"rendered":"<p>Am 17.1.2017 hat das Amtsgericht Bonn einen Aktivisten aus der Friedensbewegung wegen einer Aktion auf dem Truppen\u00fcbungsgel\u00e4nde Altmark in der Colbitz-Letzlinger Heide (Sachsen-Anhalt) zu einer Geldbu\u00dfe von 400 Euro verurteilt. N\u00e4here Infos und Bewertung&#46;&#46;&#46;<\/p>\n","protected":false},"author":110,"featured_media":0,"comment_status":"open","ping_status":"open","sticky":false,"template":"","format":"standard","meta":{"footnotes":""},"categories":[2],"tags":[8,64],"class_list":["post-10252","post","type-post","status-publish","format-standard","hentry","category-aktionen","tag-kriminalisierung-von-antimilitarismus","tag-zivilcourage"],"_links":{"self":[{"href":"https:\/\/www.friedenkoeln.de\/index.php?rest_route=\/wp\/v2\/posts\/10252","targetHints":{"allow":["GET"]}}],"collection":[{"href":"https:\/\/www.friedenkoeln.de\/index.php?rest_route=\/wp\/v2\/posts"}],"about":[{"href":"https:\/\/www.friedenkoeln.de\/index.php?rest_route=\/wp\/v2\/types\/post"}],"author":[{"embeddable":true,"href":"https:\/\/www.friedenkoeln.de\/index.php?rest_route=\/wp\/v2\/users\/110"}],"replies":[{"embeddable":true,"href":"https:\/\/www.friedenkoeln.de\/index.php?rest_route=%2Fwp%2Fv2%2Fcomments&post=10252"}],"version-history":[{"count":1,"href":"https:\/\/www.friedenkoeln.de\/index.php?rest_route=\/wp\/v2\/posts\/10252\/revisions"}],"predecessor-version":[{"id":10253,"href":"https:\/\/www.friedenkoeln.de\/index.php?rest_route=\/wp\/v2\/posts\/10252\/revisions\/10253"}],"wp:attachment":[{"href":"https:\/\/www.friedenkoeln.de\/index.php?rest_route=%2Fwp%2Fv2%2Fmedia&parent=10252"}],"wp:term":[{"taxonomy":"category","embeddable":true,"href":"https:\/\/www.friedenkoeln.de\/index.php?rest_route=%2Fwp%2Fv2%2Fcategories&post=10252"},{"taxonomy":"post_tag","embeddable":true,"href":"https:\/\/www.friedenkoeln.de\/index.php?rest_route=%2Fwp%2Fv2%2Ftags&post=10252"}],"curies":[{"name":"wp","href":"https:\/\/api.w.org\/{rel}","templated":true}]}}