{"id":10270,"date":"2017-01-31T00:41:37","date_gmt":"2017-01-30T22:41:37","guid":{"rendered":"http:\/\/www.friedenkoeln.de\/?p=10270"},"modified":"2017-01-31T00:43:09","modified_gmt":"2017-01-30T22:43:09","slug":"dan-woodhouse-und-sam-walton-machen-was-wirklich-zaehlt","status":"publish","type":"post","link":"https:\/\/www.friedenkoeln.de\/?p=10270","title":{"rendered":"Dan Woodhouse und Sam Walton machen, was wirklich z\u00e4hlt"},"content":{"rendered":"<p>Die britischen Friedensaktivisten drangen in das Gel\u00e4nde des britischen R\u00fcstungskonzerns BAE Systems in Warton in der nordwestenglischen Grafschaft Lancashire ein und versuchten, Kriegsflugzeuge kampfunf\u00e4hig zu machen, die an Saudi Arabien f\u00fcr seinen Krieg im Jemen geliefert werden sollten.<\/p>\n<p><em>Echte Helden!<\/em><\/p>\n<p><a href=\"http:\/\/www.spiegel.de\/panorama\/gesellschaft\/grossbritannien-kriegsflugzeuge-von-aktivisten-entwaffnet-a-1132287.html\">http:\/\/www.spiegel.de\/panorama\/gesellschaft\/grossbritannien-kriegsflugzeuge-von-aktivisten-entwaffnet-a-1132287.html<\/a><\/p>\n","protected":false},"excerpt":{"rendered":"<p>Die britischen Friedensaktivisten drangen in das Gel\u00e4nde des britischen R\u00fcstungskonzerns BAE Systems in Warton in der nordwestenglischen Grafschaft Lancashire ein und versuchten, Kriegsflugzeuge kampfunf\u00e4hig zu machen, die an Saudi Arabien f\u00fcr seinen Krieg im&#46;&#46;&#46;<\/p>\n","protected":false},"author":110,"featured_media":0,"comment_status":"open","ping_status":"open","sticky":false,"template":"","format":"standard","meta":{"footnotes":""},"categories":[2],"tags":[42,3,37,64],"class_list":["post-10270","post","type-post","status-publish","format-standard","hentry","category-aktionen","tag-abruestung","tag-pazifismus","tag-ruestungsexporte","tag-zivilcourage"],"_links":{"self":[{"href":"https:\/\/www.friedenkoeln.de\/index.php?rest_route=\/wp\/v2\/posts\/10270","targetHints":{"allow":["GET"]}}],"collection":[{"href":"https:\/\/www.friedenkoeln.de\/index.php?rest_route=\/wp\/v2\/posts"}],"about":[{"href":"https:\/\/www.friedenkoeln.de\/index.php?rest_route=\/wp\/v2\/types\/post"}],"author":[{"embeddable":true,"href":"https:\/\/www.friedenkoeln.de\/index.php?rest_route=\/wp\/v2\/users\/110"}],"replies":[{"embeddable":true,"href":"https:\/\/www.friedenkoeln.de\/index.php?rest_route=%2Fwp%2Fv2%2Fcomments&post=10270"}],"version-history":[{"count":1,"href":"https:\/\/www.friedenkoeln.de\/index.php?rest_route=\/wp\/v2\/posts\/10270\/revisions"}],"predecessor-version":[{"id":10271,"href":"https:\/\/www.friedenkoeln.de\/index.php?rest_route=\/wp\/v2\/posts\/10270\/revisions\/10271"}],"wp:attachment":[{"href":"https:\/\/www.friedenkoeln.de\/index.php?rest_route=%2Fwp%2Fv2%2Fmedia&parent=10270"}],"wp:term":[{"taxonomy":"category","embeddable":true,"href":"https:\/\/www.friedenkoeln.de\/index.php?rest_route=%2Fwp%2Fv2%2Fcategories&post=10270"},{"taxonomy":"post_tag","embeddable":true,"href":"https:\/\/www.friedenkoeln.de\/index.php?rest_route=%2Fwp%2Fv2%2Ftags&post=10270"}],"curies":[{"name":"wp","href":"https:\/\/api.w.org\/{rel}","templated":true}]}}