{"id":10279,"date":"2017-02-02T09:37:11","date_gmt":"2017-02-02T07:37:11","guid":{"rendered":"http:\/\/www.friedenkoeln.de\/?p=10279"},"modified":"2017-02-02T17:38:15","modified_gmt":"2017-02-02T15:38:15","slug":"planungstreffen-fuer-gewaltfreie-buechel-aktion-mit-ernst-ludwig-iskenius-ippnw","status":"publish","type":"post","link":"https:\/\/www.friedenkoeln.de\/?p=10279","title":{"rendered":"Planungstreffen f\u00fcr gewaltfreie B\u00fcchel-Aktion mit Ernst-Ludwig Iskenius (IPPNW)"},"content":{"rendered":"<p>Alle, die sich gewaltfrei f\u00fcr die globale \u00c4chtung von Atomwaffen und den Abzug der US-Atombomben aus Deutschland einsetzen m\u00f6chten, laden wir herzlich zum offenen Planungstreffen f\u00fcr eine Aktion gewaltfreien Protests am Luftwaffenst\u00fctzpunkt B\u00fcchel\/Eifel ein.<\/p>\n<p>Die Atombomben sind in B\u00fcchel stationiert und w\u00fcrden im Kriegsfall im Rahmen der \u201enuklearen Teilhabe\u201c von Bundeswehrpiloten an ihre Abwurforte gebracht.\u00a0Am 26. Mai <!--more-->wollen wir dort protestieren.<\/p>\n<p><img loading=\"lazy\" decoding=\"async\" class=\" wp-image-10275 alignleft\" src=\"http:\/\/www.friedenkoeln.de\/wp-content\/uploads\/2017\/02\/fullsizeoutput_370-1024x865.jpeg\" alt=\"\" width=\"359\" height=\"304\" srcset=\"https:\/\/www.friedenkoeln.de\/wp-content\/uploads\/2017\/02\/fullsizeoutput_370-1024x865.jpeg 1024w, https:\/\/www.friedenkoeln.de\/wp-content\/uploads\/2017\/02\/fullsizeoutput_370-768x648.jpeg 768w, https:\/\/www.friedenkoeln.de\/wp-content\/uploads\/2017\/02\/fullsizeoutput_370-956x807.jpeg 956w\" sizes=\"auto, (max-width: 359px) 100vw, 359px\" \/>Das Vorbereitungstreffen findet statt am\u00a0<strong>Samstag, den 4. M\u00e4rz 2017 von 14:00 &#8211; 18:00 Uhr\u00a0<\/strong>im Friedensbildungswerk K\u00f6ln, Obenmarspforten 7-11 (1. Stock, wegen Stufen leider nicht barrierefrei).<br \/>\nWir freuen uns sehr, dass wir den <strong>Arzt und Friedensaktivisten (IPPNW) Ernst-Ludwig (\u201eElu\u201c) Iskenius <\/strong>dazu gewinnen konnten, uns zu Beginn das Thema zu pr\u00e4sentieren. Stichworte dazu sind: Atomwaffen, UN-Verhandlungen \u00fcber Atomwaffenverbot, \u201enukleare Teilhabe\u201c, Luftwaffenstandort B\u00fcchel, Erfahrungen mit verschiedenen Protestformen, praktische Hinweise.\u00a0Anschlie\u00dfend werden wir zusammen mit Elu m\u00f6gliche Aktionen beraten und uns idealerweise auf eine gemeinsame Aktion einigen.\u00a0Wir bitten um Anmeldung bei <a href=\"mailto:kontakt@friedenkoeln.de\">kontakt@friedenkoeln.de<\/a> oder telefonisch unter 0221-985 10 677 (Harald Fuchs) bis zum 24.2. Au\u00dferdem ist die Anmeldung \u00fcber unsere <a href=\"https:\/\/www.facebook.com\/events\/162047814291094\/\">Facebook-Seite<\/a> m\u00f6glich.<\/p>\n<p>Es folgen weitere Informationen zum Rahmen und Hintergrund der Aktion.<\/p>\n<p><strong><u>Termin der Protestaktion in B\u00fcchel<\/u><\/strong><\/p>\n<p>Als Aktionstag haben wir, die DFG-VK Gruppe K\u00f6ln, den 26. Mai (Br\u00fcckentag nach Christi Himmelfahrt) bei der Kampagne \u201eAtomwaffenfrei jetzt\u201c angemeldet. Der Feiertag bietet sich dazu an, die Protestaktion von Donnerstag bis Sonntag auszudehnen. Gruppen, welche dar\u00fcber nachdenken, mehrere Tage in B\u00fcchel zu verbringen, sollten sich auf dem Aktionskalender anmelden: <a href=\"https:\/\/buechel-atombombenfrei.jimdo.com\/kalender\/\">https:\/\/buechel-atombombenfrei.jimdo.com\/kalender\/<\/a><\/p>\n<p><strong><u>Atomwaffen \u00e4chten? &#8211; Verhandlungskonferenz der Vereinten Nationen beginnt 2017!<\/u><\/strong><\/p>\n<p>Der Internationale Gerichtshof in Den Haag hat bereits am 8. Juli 1996 <a href=\"https:\/\/buechel-atombombenfrei.jimdo.com\/hintergrund\/igh-urteil-gegen-atomwaffen\/\">festgestellt<\/a>, dass die Androhung des Einsatzes und der Einsatz von Atomwaffen generell gegen das V\u00f6lkerrecht und im besonderen gegen die Regeln des humanit\u00e4ren Kriegsv\u00f6lkerrechts versto\u00dfen.<\/p>\n<p>Die Generalversammlung der Vereinten Nationen hat Ende letzten Jahres <a href=\"https:\/\/buechel-atombombenfrei.jimdo.com\/international\/un-konferenz-2017\/\">beschlossen<\/a>, ab dem 27. M\u00e4rz 2017 \u00fcber ein Atomwaffenverbot zu verhandeln. Mit 113 Stimmen machte die Mehrheit der Staatengemeinschaft den Weg frei f\u00fcr die \u00c4chtung dieser Massenvernichtungswaffen. 35 Staaten &#8211; <a href=\"http:\/\/www.friedenkoeln.de\/?p=9981\">darunter Deutschland<\/a> &#8211; stimmten gegen die Resolution, welche Beginn, Ende und Rahmen einer Verhandlungskonferenz absteckt. 13 Staaten enthielten sich der Stimme. Bis zum 7. Juli 2017 soll das Vertragswerk ausgehandelt sein.<\/p>\n<p>Wir wollen die Bundesregierung daran erinnern, dass das V\u00f6lkerrecht auch in Deutschland gilt, und den Bundestag daran, dass er <a href=\"http:\/\/dip21.bundestag.de\/dip21\/btd\/17\/011\/1701159.pdf\">bereits 2010 <\/a>fraktions\u00fcbergreifend in Auftrag gegeben hat, Deutschland m\u00fcsse \u201edeutliche Zeichen f\u00fcr eine Welt frei von Atomwaffen setzen\u201c.<\/p>\n<p>Die USA, Russland und Gro\u00dfbritannien haben die Aufr\u00fcstung ihrer Nuklearwaffen bereits beschlossen. Daher werden die US-Atombomben, welche im Rahmen der \u201enuklearen Teilhabe\u201c auf dem Bundeswehrstandort B\u00fcchel in der Eifel stationiert sind, nicht abgezogen, sondern durch \u201ebesser einsetzbare\u201c Modelle ersetzt, wenn sich die Bev\u00f6lkerung nicht dagegen wehrt.<\/p>\n<p><strong><u>Kosten f\u00fcr das Vorbereitungstreffen<\/u><\/strong><\/p>\n<p>Bei unserem Referenten Elu werden Reisekosten anfallen. Wir werden alle Teilnehmer des Planungstreffens um freiwillige Beitr\u00e4ge zur Kostenerstattung bitten.<\/p>\n<p>Wer unabh\u00e4ngig davon f\u00fcr die Aktion finanziell unterst\u00fctzen m\u00f6chte, kann gerne Geld auf unserer Gruppenkonto (nicht steuerbefreit!) zahlen und als Verwendungszweck \u201eB\u00fcchel\u201c angeben:<\/p>\n<p>Kontoinhaberin:<\/p>\n<p>Deutsche Friedensgesellsch. Ver.Kriegsdienstgegner. e.V.\u00a0 Angelika Roesrath<\/p>\n<p>Bank: GLS-Bank<\/p>\n<p>IBAN: DE12430609674006161712<\/p>\n<p>BIC: GENODEM1GLS<\/p>\n<p><strong><u>Weitere Informationen&#8230;<\/u><\/strong><\/p>\n<p>&#8230; gibt es auch hier:\u00a0<a href=\"http:\/\/www.ippnw.de\">www.ippnw.de<\/a>, <a href=\"http:\/\/www.atomwaffenfrei.de\">http:\/\/www.atomwaffenfrei.de<\/a>, <a href=\"https:\/\/buechel-atombombenfrei.jimdo.com\">https:\/\/buechel-atombombenfrei.jimdo.com<\/a><\/p>\n<pre><\/pre>\n","protected":false},"excerpt":{"rendered":"<p>Alle, die sich gewaltfrei f\u00fcr die globale \u00c4chtung von Atomwaffen und den Abzug der US-Atombomben aus Deutschland einsetzen m\u00f6chten, laden wir herzlich zum offenen Planungstreffen f\u00fcr eine Aktion gewaltfreien Protests am Luftwaffenst\u00fctzpunkt B\u00fcchel\/Eifel ein.&#46;&#46;&#46;<\/p>\n","protected":false},"author":110,"featured_media":10275,"comment_status":"open","ping_status":"open","sticky":false,"template":"","format":"standard","meta":{"footnotes":""},"categories":[2],"tags":[42,33,70,68,49,48,40,4],"class_list":["post-10279","post","type-post","status-publish","format-standard","has-post-thumbnail","hentry","category-aktionen","tag-abruestung","tag-atomwaffen","tag-auslandseinsaetze-der-bundeswehr","tag-bundesregierung","tag-bundestag","tag-bundeswehr","tag-demokratie","tag-zivile-konfliktloesung"],"_links":{"self":[{"href":"https:\/\/www.friedenkoeln.de\/index.php?rest_route=\/wp\/v2\/posts\/10279","targetHints":{"allow":["GET"]}}],"collection":[{"href":"https:\/\/www.friedenkoeln.de\/index.php?rest_route=\/wp\/v2\/posts"}],"about":[{"href":"https:\/\/www.friedenkoeln.de\/index.php?rest_route=\/wp\/v2\/types\/post"}],"author":[{"embeddable":true,"href":"https:\/\/www.friedenkoeln.de\/index.php?rest_route=\/wp\/v2\/users\/110"}],"replies":[{"embeddable":true,"href":"https:\/\/www.friedenkoeln.de\/index.php?rest_route=%2Fwp%2Fv2%2Fcomments&post=10279"}],"version-history":[{"count":4,"href":"https:\/\/www.friedenkoeln.de\/index.php?rest_route=\/wp\/v2\/posts\/10279\/revisions"}],"predecessor-version":[{"id":10283,"href":"https:\/\/www.friedenkoeln.de\/index.php?rest_route=\/wp\/v2\/posts\/10279\/revisions\/10283"}],"wp:featuredmedia":[{"embeddable":true,"href":"https:\/\/www.friedenkoeln.de\/index.php?rest_route=\/wp\/v2\/media\/10275"}],"wp:attachment":[{"href":"https:\/\/www.friedenkoeln.de\/index.php?rest_route=%2Fwp%2Fv2%2Fmedia&parent=10279"}],"wp:term":[{"taxonomy":"category","embeddable":true,"href":"https:\/\/www.friedenkoeln.de\/index.php?rest_route=%2Fwp%2Fv2%2Fcategories&post=10279"},{"taxonomy":"post_tag","embeddable":true,"href":"https:\/\/www.friedenkoeln.de\/index.php?rest_route=%2Fwp%2Fv2%2Ftags&post=10279"}],"curies":[{"name":"wp","href":"https:\/\/api.w.org\/{rel}","templated":true}]}}