{"id":10293,"date":"2017-02-04T07:00:59","date_gmt":"2017-02-04T05:00:59","guid":{"rendered":"http:\/\/www.friedenkoeln.de\/?p=10293"},"modified":"2017-02-03T19:11:19","modified_gmt":"2017-02-03T17:11:19","slug":"runder-tisch-frieden-im-erzbistum-koeln-fordert-gewaltfreiheit-als-stil-einer-politik-fuer-den-frieden","status":"publish","type":"post","link":"https:\/\/www.friedenkoeln.de\/?p=10293","title":{"rendered":"&#8222;Runder Tisch Frieden im Erzbistum K\u00f6ln&#8220; fordert Gewaltfreiheit"},"content":{"rendered":"<p>Gewaltfreiheit muss der \u201eStil einer Politik f\u00fcr den Frieden\u201c werden \u2013 dazu ruft Papst Franziskus in seiner diesj\u00e4hrigen Botschaft zum Weltfriedenstag (1. Januar) auf. \u201eAlle k\u00f6nnen \u201aHandwerker\u2018 des Friedens sein\u201c, so der Appell des Papstes.<\/p>\n<p>Der \u201eRunde Tisch Frieden im Erzbistum K\u00f6ln\u201c, ein Zusammenschluss von Personen aus kirchlichen Institutionen, Verb\u00e4nden und Initiativen, ruft Christinnen und Christen auf, sich an ihren Orten in Gremien und Verb\u00e4nden, in Kirche und Politik nachdr\u00fccklich f\u00fcr einen Lebensstil der Gewaltfreiheit einzusetzen und <!--more-->selbst \u201eHandwerker\u201c des Friedens zu werden. Die Kirche wird nicht zum Salz der Erde durch die Rechtfertigung von Milit\u00e4reins\u00e4tzen und<\/p>\n<p><div id=\"attachment_9585\" style=\"width: 319px\" class=\"wp-caption alignleft\"><img loading=\"lazy\" decoding=\"async\" aria-describedby=\"caption-attachment-9585\" class=\" wp-image-9585\" src=\"http:\/\/www.friedenkoeln.de\/wp-content\/uploads\/2016\/06\/Southern_door_Cologne_Cathedral_4516-1024x769.jpg\" alt=\"T\u00fcrdetail, S\u00fcdfassade des K\u00f6lner Doms. Foto: T. Voekler (Own work) [CC BY-SA 3.0]\" width=\"309\" height=\"232\" srcset=\"https:\/\/www.friedenkoeln.de\/wp-content\/uploads\/2016\/06\/Southern_door_Cologne_Cathedral_4516-1024x769.jpg 1024w, https:\/\/www.friedenkoeln.de\/wp-content\/uploads\/2016\/06\/Southern_door_Cologne_Cathedral_4516-768x577.jpg 768w, https:\/\/www.friedenkoeln.de\/wp-content\/uploads\/2016\/06\/Southern_door_Cologne_Cathedral_4516-320x240.jpg 320w, https:\/\/www.friedenkoeln.de\/wp-content\/uploads\/2016\/06\/Southern_door_Cologne_Cathedral_4516-956x718.jpg 956w\" sizes=\"auto, (max-width: 309px) 100vw, 309px\" \/><p id=\"caption-attachment-9585\" class=\"wp-caption-text\">T\u00fcrdetail, S\u00fcdfassade des K\u00f6lner Doms. Foto: T. Voekler (Own work) [CC BY-SA 3.0]<\/p><\/div>durch die geistliche Unterst\u00fctzung eines Agieren innerhalb der Logik der Gewalt, sondern durch konsequentes Befolgen des Weges Jesu, denn \u2013 wie Papst Franziskus sagt &#8211; \u201eein J\u00fcnger Jesu zu sein bedeutet heute, auch seinem Vorschlag der Gewaltfreiheit nachzukommen&#8220;.<\/p>\n<p>Zum Zukunftsweg der Kirche geh\u00f6rt wesentlich die Ausrichtung am Evangelium des Friedens und damit der Einsatz f\u00fcr Gewaltfreiheit im pers\u00f6nlichen Bereich, in Gemeinden, innerhalb unserer Gesellschaft und weltweit. Christsein hei\u00dft Ruhest\u00f6rung einer Gesellschaft, die Sicherheit und Frieden auf Waffengewalt errichtet. In Deutschland werden, der Logik der Gewalt folgend, Milliardenbetr\u00e4ge in die Verbreitung von Waffen und milit\u00e4rischem Ger\u00e4t investiert. Not wendend ist jedoch ein Denken, dass die Logik der Gewalt und ihrer Eskalation durchbricht. Not wendend sind nicht Waffen, sondern Taten der Gerechtigkeit. Es reichen nicht Erkl\u00e4rungen und Protestbriefe, vielmehr sind das Ein\u00fcben einer gewaltfreien Haltung sowie konkrete Schritte der \u00dcberwindung von Gewalt und des Bem\u00fchens um Gerechtigkeit einzuschlagen.<\/p>\n<p>Der \u201eRunde Tisch Frieden\u201c hat vereinbart mitzuwirken,<\/p>\n<ul>\n<li>eine Haltung und Praxis der Gewaltfreiheit im Erzbistum K\u00f6ln zu f\u00f6rdern,<\/li>\n<li>gewaltfreie Trainings zu initiieren,<\/li>\n<li>eine Spiritualit\u00e4t der Gewaltfreiheit zu \u00fcben,<\/li>\n<li>mit Gemeinden, Verb\u00e4nden und Gruppierungen im Erzbistum K\u00f6ln biblisch begr\u00fcndete Wege der Gewalt\u00fcberwindung zu reflektieren sowie<\/li>\n<li>Ans\u00e4tze und Wege der Gewaltfreiheit in konkreten Kontexten zu bedenken.<\/li>\n<\/ul>\n<p>Dem \u201eRunden Tisch Frieden\u201c geht es nicht darum, Drucksachen zu erstellen, sondern pers\u00f6nlich anfragbar zu sein f\u00fcr Gruppen, Initiativen und Gemeinden, die Gewaltfreiheit als Stil einer Politik f\u00fcr den Frieden kennenlernen und bedenken m\u00f6chten.<\/p>\n<p>Unverst\u00e4ndnis zeigte der \u201eRunde Tisch Frieden\u201c f\u00fcr die Streichung des gesamten Zuschuss des Verbandes Deutscher Di\u00f6zesen in H\u00f6he von j\u00e4hrlich 60.000 EUR an Pax Christi, das die Arbeit der katholischen Friedensbewegung auf Bundesebene nachhaltig und empfindlich trifft. Diese Entscheidung steht den Erkl\u00e4rungen der Kirche vollkommen entgegen.<\/p>\n<p>K\u00f6ln, 03.02.2017<\/p>\n<div class=\"page\" title=\"Page 2\">\n<div class=\"layoutArea\">\n<div class=\"column\">\n<p>Kontakt: Ursula Paulus, Pax Christi K\u00f6ln: ursula.paulus@web.de<\/p>\n<\/div>\n<\/div>\n<\/div>\n","protected":false},"excerpt":{"rendered":"<p>Gewaltfreiheit muss der \u201eStil einer Politik f\u00fcr den Frieden\u201c werden \u2013 dazu ruft Papst Franziskus in seiner diesj\u00e4hrigen Botschaft zum Weltfriedenstag (1. Januar) auf. \u201eAlle k\u00f6nnen \u201aHandwerker\u2018 des Friedens sein\u201c, so der Appell des&#46;&#46;&#46;<\/p>\n","protected":false},"author":110,"featured_media":10296,"comment_status":"open","ping_status":"open","sticky":false,"template":"","format":"standard","meta":{"footnotes":""},"categories":[2],"tags":[59,61,3,4],"class_list":["post-10293","post","type-post","status-publish","format-standard","has-post-thumbnail","hentry","category-aktionen","tag-kirche","tag-kommunale-friedensarbeit","tag-pazifismus","tag-zivile-konfliktloesung"],"_links":{"self":[{"href":"https:\/\/www.friedenkoeln.de\/index.php?rest_route=\/wp\/v2\/posts\/10293","targetHints":{"allow":["GET"]}}],"collection":[{"href":"https:\/\/www.friedenkoeln.de\/index.php?rest_route=\/wp\/v2\/posts"}],"about":[{"href":"https:\/\/www.friedenkoeln.de\/index.php?rest_route=\/wp\/v2\/types\/post"}],"author":[{"embeddable":true,"href":"https:\/\/www.friedenkoeln.de\/index.php?rest_route=\/wp\/v2\/users\/110"}],"replies":[{"embeddable":true,"href":"https:\/\/www.friedenkoeln.de\/index.php?rest_route=%2Fwp%2Fv2%2Fcomments&post=10293"}],"version-history":[{"count":6,"href":"https:\/\/www.friedenkoeln.de\/index.php?rest_route=\/wp\/v2\/posts\/10293\/revisions"}],"predecessor-version":[{"id":10300,"href":"https:\/\/www.friedenkoeln.de\/index.php?rest_route=\/wp\/v2\/posts\/10293\/revisions\/10300"}],"wp:featuredmedia":[{"embeddable":true,"href":"https:\/\/www.friedenkoeln.de\/index.php?rest_route=\/wp\/v2\/media\/10296"}],"wp:attachment":[{"href":"https:\/\/www.friedenkoeln.de\/index.php?rest_route=%2Fwp%2Fv2%2Fmedia&parent=10293"}],"wp:term":[{"taxonomy":"category","embeddable":true,"href":"https:\/\/www.friedenkoeln.de\/index.php?rest_route=%2Fwp%2Fv2%2Fcategories&post=10293"},{"taxonomy":"post_tag","embeddable":true,"href":"https:\/\/www.friedenkoeln.de\/index.php?rest_route=%2Fwp%2Fv2%2Ftags&post=10293"}],"curies":[{"name":"wp","href":"https:\/\/api.w.org\/{rel}","templated":true}]}}