{"id":10306,"date":"2017-02-09T23:04:09","date_gmt":"2017-02-09T21:04:09","guid":{"rendered":"http:\/\/www.friedenkoeln.de\/?p=10306"},"modified":"2017-02-09T23:04:09","modified_gmt":"2017-02-09T21:04:09","slug":"internationale-muenchner-friedenskonferenz-17-19-2-2017","status":"publish","type":"post","link":"https:\/\/www.friedenkoeln.de\/?p=10306","title":{"rendered":"Internationale M\u00fcnchner Friedenskonferenz,  17. \u2013 19. 2. 2017"},"content":{"rendered":"<p>In der kommenden Woche beginnt die Internationalen M\u00fcnchner Friedenskonferenz. Die VeranstalterInnen pl\u00e4dieren zum 15. Male f\u00fcr Sicherheit durch Verhandlungen, durch Frieden und Abr\u00fcstung. Sie will die M\u00f6glichkeiten einer zivilen Politik und die Erfolge gewaltfreien Handelns aufzeigen. Kommen Sie zur M\u00fcnchner Friedenskonferenz und zu den Protesten gegen die \u201eSicherheitskonferenz\u201c, setzen Sie mit uns ein Zeichen gegen Krieg und milit\u00e4rische Machtpolitik, f\u00fcr Frieden durch Abr\u00fcstung und Gerechtigkeit!<\/p>\n<p>&nbsp;<\/p>\n<p>Fr. 17.2., 19:00 Uhr, <strong>Internationales Forum im Alten Rathaus<\/strong>,<\/p>\n<p>mit <strong>Daniela Dahn <\/strong>(Publizistin und Autorin):<\/p>\n<p><strong>Kooperation oder Konfrontation mit Russland?;<\/strong><\/p>\n<p><strong>Harald Welzer <\/strong>(Soziologe, FUTURZWEI- Stiftung Zukunftsf\u00e4higkeit):<\/p>\n<p><strong>Wie werden wir zukunftsf\u00e4hig von Krieg und Umweltzerst\u00f6rung?<\/strong><\/p>\n<p><strong>Elsa Rassbach <\/strong>(US-B\u00fcrgerin in Deutschland, Filmemacherin und Journalistin):<\/p>\n<p><strong>Gewaltfrei gegen Drohnenkrieg<\/strong><\/p>\n<p>Einf\u00fchrung und Moderation: \u00a0\u00a0\u00a0\u00a0 <strong>Clemens Ronnefeldt<\/strong>,<\/p>\n<p>Referent f\u00fcr Friedensfragen beim deutschen Zweig des Internationalen Vers\u00f6hnungsbundes<\/p>\n<p>&nbsp;<\/p>\n<p>Musik: <strong>Die Neurosenheimer<\/strong> ; Gru\u00dfwort der LH M\u00fcnchen: <strong>Christian Vorl\u00e4nder, <\/strong>Stadtrat<\/p>\n<p>&nbsp;<\/p>\n<p>Sa. 18.2., 10:00 Uhr, <strong>Gespr\u00e4chsforum<\/strong> mit den ReferentInnen des Internationalen Forums,<\/p>\n<p>im DGB- Haus, Schwanthalerstr. 64<\/p>\n<p>&nbsp;<\/p>\n<p>&nbsp;<\/p>\n<p>Sa. 18.2., 19:00 Uhr, DGB- Haus: <strong>Friedensethik \u2013 Friedenspolitik <\/strong><\/p>\n<p>Mit Kirchen und Gewerkschaften im Gespr\u00e4ch.<\/p>\n<p>Wie kann die Friedensbewegung ihren Zielen \u2013 Frieden, Abr\u00fcstung, Gerechtigkeit \u2013 n\u00e4her kommen? Ausgangspunkt der Diskussion soll das Manifest \u201eSchutz der Menschenrechte durch Pr\u00e4vention\u201c sein. Ist dieses Manifest geeignet, als Grundlage f\u00fcr gemeinsame \u00c4u\u00dferungen und Aktivit\u00e4ten von Kirchen und Gewerkschaften zu friedenspolitischen Themen zu dienen?<\/p>\n<p>Podium: <strong>Stefan Maa\u00df<\/strong>, Friedensbeauftragter der Evang. Landeskirche Baden;<\/p>\n<p><strong>Simone Burger<\/strong>, DGB-Region Regionsgesch\u00e4ftsf\u00fchrerin und Vorsitzende DGB Kreisverband M\u00fcnchen; <strong>Wiltrud R\u00f6sch-Metzler<\/strong>, Bundesvorsitzende der internationalen katholischen Friedensbewegung pax christi. Moderation: <strong>Renate B\u00f6rger, <\/strong>Journalistin, M\u00fcnchen<\/p>\n<p>&nbsp;<\/p>\n<p>Hier finden Sie das Manifest <strong>\u201eSchutz der Menschenrechte durch Pr\u00e4vention\u201c<\/strong>.<\/p>\n<p><a href=\"http:\/\/www.friedenskonferenz.info\/index.php?ID=50\">http:\/\/www.friedenskonferenz.info\/index.php?ID=50<\/a><\/p>\n<p>und die M\u00f6glichkeit Ihre Unterst\u00fctzung zu erkl\u00e4ren<\/p>\n<p>&nbsp;<\/p>\n<p>&nbsp;<\/p>\n<p>Sonntag 19.2<strong>. Friedensgebet der Religionen<\/strong>, 11.30 Uhr, Eine WeltHaus, Schwanthalerstr. 80<\/p>\n<p>Motto: Trotz alledem<\/p>\n<p>&nbsp;<\/p>\n<p>Das gesamte Programm und Informationen zu den ReferentInnen finden Sie hier:<\/p>\n<p><a href=\"http:\/\/www.friedenskonferenz.info\/index.php?ID=1\">http:\/\/www.friedenskonferenz.info\/index.php?ID=1<\/a><\/p>\n<p>&nbsp;<\/p>\n<p>&nbsp;<\/p>\n<p>F\u00fcr den Tr\u00e4gerkreis der M\u00fcnchner Friedenskonferenz: \u00a0\u00a0\u00a0\u00a0\u00a0\u00a0\u00a0\u00a0\u00a0\u00a0\u00a0\u00a0\u00a0\u00a0\u00a0\u00a0\u00a0\u00a0\u00a0\u00a0\u00a0\u00a0\u00a0\u00a0\u00a0\u00a0\u00a0\u00a0\u00a0\u00a0\u00a0\u00a0\u00a0\u00a0\u00a0\u00a0\u00a0\u00a0\u00a0\u00a0\u00a0\u00a0\u00a0\u00a0\u00a0\u00a0\u00a0\u00a0\u00a0 Thomas R\u00f6dl<\/p>\n<p>&nbsp;<\/p>\n<p>Wir bitten um Spenden und Unterst\u00fctzerbeitr\u00e4ge! Spenden steuerlich absetzbar: Konto HMV-Bildungswerk, IBAN: DE374306 0967 8217 1208 00 ; BIC: GENODEM1GLS<\/p>\n<p>&nbsp;<\/p>\n<p>Internationale M\u00fcnchner Friedenskonferenz,<\/p>\n<p>17.2. \u2013 19.2. 2017<\/p>\n<p><a href=\"http:\/\/www.friedenskonferenz.info\/\">www.friedenskonferenz.info<\/a><\/p>\n","protected":false},"excerpt":{"rendered":"<p>In der kommenden Woche beginnt die Internationalen M\u00fcnchner Friedenskonferenz. Die VeranstalterInnen pl\u00e4dieren zum 15. Male f\u00fcr Sicherheit durch Verhandlungen, durch Frieden und Abr\u00fcstung. Sie will die M\u00f6glichkeiten einer zivilen Politik und die Erfolge gewaltfreien&#46;&#46;&#46;<\/p>\n","protected":false},"author":110,"featured_media":0,"comment_status":"open","ping_status":"open","sticky":false,"template":"","format":"standard","meta":{"footnotes":""},"categories":[2],"tags":[32,31],"class_list":["post-10306","post","type-post","status-publish","format-standard","hentry","category-aktionen","tag-information-diskussion","tag-konferenzen"],"_links":{"self":[{"href":"https:\/\/www.friedenkoeln.de\/index.php?rest_route=\/wp\/v2\/posts\/10306","targetHints":{"allow":["GET"]}}],"collection":[{"href":"https:\/\/www.friedenkoeln.de\/index.php?rest_route=\/wp\/v2\/posts"}],"about":[{"href":"https:\/\/www.friedenkoeln.de\/index.php?rest_route=\/wp\/v2\/types\/post"}],"author":[{"embeddable":true,"href":"https:\/\/www.friedenkoeln.de\/index.php?rest_route=\/wp\/v2\/users\/110"}],"replies":[{"embeddable":true,"href":"https:\/\/www.friedenkoeln.de\/index.php?rest_route=%2Fwp%2Fv2%2Fcomments&post=10306"}],"version-history":[{"count":1,"href":"https:\/\/www.friedenkoeln.de\/index.php?rest_route=\/wp\/v2\/posts\/10306\/revisions"}],"predecessor-version":[{"id":10307,"href":"https:\/\/www.friedenkoeln.de\/index.php?rest_route=\/wp\/v2\/posts\/10306\/revisions\/10307"}],"wp:attachment":[{"href":"https:\/\/www.friedenkoeln.de\/index.php?rest_route=%2Fwp%2Fv2%2Fmedia&parent=10306"}],"wp:term":[{"taxonomy":"category","embeddable":true,"href":"https:\/\/www.friedenkoeln.de\/index.php?rest_route=%2Fwp%2Fv2%2Fcategories&post=10306"},{"taxonomy":"post_tag","embeddable":true,"href":"https:\/\/www.friedenkoeln.de\/index.php?rest_route=%2Fwp%2Fv2%2Ftags&post=10306"}],"curies":[{"name":"wp","href":"https:\/\/api.w.org\/{rel}","templated":true}]}}