{"id":10364,"date":"2017-03-01T07:00:17","date_gmt":"2017-03-01T05:00:17","guid":{"rendered":"http:\/\/www.friedenkoeln.de\/?p=10364"},"modified":"2017-02-27T21:09:34","modified_gmt":"2017-02-27T19:09:34","slug":"manifest-unterstuetzen-schutz-der-menschenrechte-durch-praevention","status":"publish","type":"post","link":"https:\/\/www.friedenkoeln.de\/?p=10364","title":{"rendered":"Manifest unterst\u00fctzen: Schutz der Menschenrechte durch Pr\u00e4vention"},"content":{"rendered":"<p>Im Zusammenhang mit\u00a0der Internationalen M\u00fcnchner Friedenskonferenz wurde am 8. Februar 2017 das\u00a0<a href=\"http:\/\/www.friedenskonferenz.info\/index.php?ID=50\">Manifest &#8222;Schutz der Menschenrechte durch Pr\u00e4vention&#8220;<\/a> beschlossen. Es kann <a href=\"http:\/\/www.friedenskonferenz.info\/index.php?ID=5\">hier<\/a> online unterzeichnet werden.<\/p>\n<p>Die Auffassung ist weit verbreitet, dass Kriege &#8222;im Notfall&#8220; unumg\u00e4nglich seien, um Menschen zu sch\u00fctzen. Das Positionspapier ist eine\u00a0klare, an der politischen Realit\u00e4t und bestehenden rechtlichen und institutionellen Rahmenbedingungen orientierte pazifistische Antwort darauf. Zahlreiche Experten, darunter Mitglieder der DFG-VK,<!--more-->haben an dem Manifest mitgearbeitet. In der Pr\u00e4ambel hei\u00dft es:<\/p>\n<blockquote><p>Menschen und Menschenrechte sch\u00fctzen und Konflikte zivil bearbeiten: Ja! \u2013 Krieg Nein!<\/p>\n<p>Wir \u2013 die Personen und Gruppen, die das Papier unterst\u00fctzen \u2013 akzeptieren die Verantwortung der Staaten wie der Zivilgesellschaft f\u00fcr den Schutz der Menschen vor Verbrechen wie V\u00f6lkermord, Vertreibung, Verbrechen gegen die Menschlichkeit.<img loading=\"lazy\" decoding=\"async\" class=\"size-full wp-image-10366 alignright\" src=\"http:\/\/www.friedenkoeln.de\/wp-content\/uploads\/2017\/02\/Logo-Internationale-M\u00fcnchner-Friedenskonferenz_20170227.png\" alt=\"\" width=\"191\" height=\"133\" data-id=\"10366\" \/><\/p>\n<p>Krieg ist jedoch kein Mittel, um Konflikte zu l\u00f6sen oder Menschenrechte zu sch\u00fctzen.<\/p>\n<p>Die Milit\u00e4rinterventionen der letzten Jahrzehnte sind gescheitert, gemessen an den vorgegebenen Zielen wie Durchsetzung der Menschenrechte, Aufbau von Demokratie und Rechtsstaatlichkeit. Sie haben die internationalen Beziehungen verschlechtert, Konflikte gesch\u00fcrt und den Extremismus gef\u00f6rdert. Fl\u00e4chenbr\u00e4nde sind dadurch entstanden und st\u00fcrzen die betroffenen Regionen ins Elend. Millionen von Menschen verlieren Heimat und Existenzgrundlage.<\/p>\n<p>Gebraucht wird ein grunds\u00e4tzlich neuer Ansatz f\u00fcr die Verhinderung von Kriegen und den Schutz der Menschenrechte, der durch Regierungen, Zivilgesellschaft und internationale Einrichtungen unterst\u00fctzt wird.<\/p>\n<p>Ein tiefgr\u00fcndiges Umdenken ist notwendig: Weg von \u201eKrieg als Mittel der Politik f\u00fcr eine Minderheit\u201c, hin zum \u201eFrieden als Lebensgrundlage f\u00fcr Alle\u201c. Sicherheit und Frieden wird nur erreicht, wenn die Verwirklichung der Menschenrechte und eine nachhaltige Entwicklung f\u00fcr Menschen und Umwelt angestrebt werden.<\/p>\n<p>Die Antwort auf die Spirale der Gewalt ist die Vision der Entmilitarisierung der Politik und der allgemeinen und vollst\u00e4ndigen Abr\u00fcstung.<\/p><\/blockquote>\n<p>Im weiteren Text\u00a0werden konkrete Empfehlungen zu verschiedenen Politikbereichen formuliert, welche eine gute Grundlage f\u00fcr die weitere Arbeit an einer zivilen Umorientierung der Au\u00dfen- und Sicherheitspolitik bieten k\u00f6nnen.<\/p>\n<p><em>Stefanie Intveen<\/em><\/p>\n","protected":false},"excerpt":{"rendered":"<p>Im Zusammenhang mit\u00a0der Internationalen M\u00fcnchner Friedenskonferenz wurde am 8. Februar 2017 das\u00a0Manifest &#8222;Schutz der Menschenrechte durch Pr\u00e4vention&#8220; beschlossen. Es kann hier online unterzeichnet werden. Die Auffassung ist weit verbreitet, dass Kriege &#8222;im Notfall&#8220; unumg\u00e4nglich&#46;&#46;&#46;<\/p>\n","protected":false},"author":110,"featured_media":0,"comment_status":"open","ping_status":"open","sticky":false,"template":"","format":"standard","meta":{"footnotes":""},"categories":[2],"tags":[42,70,68,49,48,40,31,56,3,72,37,71,4],"class_list":["post-10364","post","type-post","status-publish","format-standard","hentry","category-aktionen","tag-abruestung","tag-auslandseinsaetze-der-bundeswehr","tag-bundesregierung","tag-bundestag","tag-bundeswehr","tag-demokratie","tag-konferenzen","tag-konversion","tag-pazifismus","tag-r2p-responsibility-to-protect","tag-ruestungsexporte","tag-waffenhandel","tag-zivile-konfliktloesung"],"_links":{"self":[{"href":"https:\/\/www.friedenkoeln.de\/index.php?rest_route=\/wp\/v2\/posts\/10364","targetHints":{"allow":["GET"]}}],"collection":[{"href":"https:\/\/www.friedenkoeln.de\/index.php?rest_route=\/wp\/v2\/posts"}],"about":[{"href":"https:\/\/www.friedenkoeln.de\/index.php?rest_route=\/wp\/v2\/types\/post"}],"author":[{"embeddable":true,"href":"https:\/\/www.friedenkoeln.de\/index.php?rest_route=\/wp\/v2\/users\/110"}],"replies":[{"embeddable":true,"href":"https:\/\/www.friedenkoeln.de\/index.php?rest_route=%2Fwp%2Fv2%2Fcomments&post=10364"}],"version-history":[{"count":5,"href":"https:\/\/www.friedenkoeln.de\/index.php?rest_route=\/wp\/v2\/posts\/10364\/revisions"}],"predecessor-version":[{"id":10370,"href":"https:\/\/www.friedenkoeln.de\/index.php?rest_route=\/wp\/v2\/posts\/10364\/revisions\/10370"}],"wp:attachment":[{"href":"https:\/\/www.friedenkoeln.de\/index.php?rest_route=%2Fwp%2Fv2%2Fmedia&parent=10364"}],"wp:term":[{"taxonomy":"category","embeddable":true,"href":"https:\/\/www.friedenkoeln.de\/index.php?rest_route=%2Fwp%2Fv2%2Fcategories&post=10364"},{"taxonomy":"post_tag","embeddable":true,"href":"https:\/\/www.friedenkoeln.de\/index.php?rest_route=%2Fwp%2Fv2%2Ftags&post=10364"}],"curies":[{"name":"wp","href":"https:\/\/api.w.org\/{rel}","templated":true}]}}