{"id":10385,"date":"2017-03-04T07:00:57","date_gmt":"2017-03-04T05:00:57","guid":{"rendered":"http:\/\/www.friedenkoeln.de\/?p=10385"},"modified":"2017-03-03T22:09:32","modified_gmt":"2017-03-03T20:09:32","slug":"ja-zu-einem-atomwaffenverbot","status":"publish","type":"post","link":"https:\/\/www.friedenkoeln.de\/?p=10385","title":{"rendered":"Ja zu einem Atomwaffenverbot!"},"content":{"rendered":"<p><b><\/b><b>Bundesweite Aktionswoche in vielen St\u00e4dten und Start der 20-Protestwochen in B\u00fcchel: 26.-31. M\u00e4rz<\/b><\/p>\n<h4><b>Jetzt mitmachen!<\/b><\/h4>\n<p>Angeregt durch die <a href=\"http:\/\/atomwaffenfrei.us11.list-manage.com\/track\/click?u=acc580757d5f2fe31e0adf37d&amp;id=88a992778a&amp;e=28c4aa451b\">Aktionskonferenz<\/a> der Kampagne \u201eB\u00fcchel ist \u00fcberall \u2013 atomwaffenfrei.jetzt\u201c vor wenigen Wochen in K\u00f6ln mit fast 50 TeilnehmerInnen laden wir Euch zum Mitmachen ein.\u00a0Ende M\u00e4rz findet der erste Teil der historischen Verhandlungen f\u00fcr ein Atomwaffenverbot statt \u2013 bisher ohne Deutschland. Gleichzeitig startet die Aktionspr\u00e4senz am Atomwaffenlager B\u00fcchel. Parallel zu den Verhandlungen sollen im Rahmen einer Aktionswoche in viele St\u00e4dten Fotoaktionen stattfinden.<\/p>\n<ul>\n<li>Kommt zur <a href=\"http:\/\/atomwaffenfrei.us11.list-manage.com\/track\/click?u=acc580757d5f2fe31e0adf37d&amp;id=5943479a5b&amp;e=28c4aa451b\">Auftaktveranstaltung nach B\u00fcchel<\/a> am 26. M\u00e4rz<\/li>\n<li>Macht mit in eurer Stadt vom 27.-31. M\u00e4rz und nehmt dazu<a href=\"http:\/\/atomwaffenfrei.us11.list-manage1.com\/track\/click?u=acc580757d5f2fe31e0adf37d&amp;id=567179b733&amp;e=28c4aa451b\">Kontakt zu euren B\u00fcrgermeistern<\/a> auf. Bestellt dazu unsere <a href=\"http:\/\/atomwaffenfrei.us11.list-manage.com\/track\/click?u=acc580757d5f2fe31e0adf37d&amp;id=1ec491cf3f&amp;e=28c4aa451b\">Aktionsschilder<\/a>. Hier findet Ihr unser <a href=\"http:\/\/atomwaffenfrei.us11.list-manage.com\/track\/click?u=acc580757d5f2fe31e0adf37d&amp;id=926f5badd5&amp;e=28c4aa451b\">Anschreiben an die B\u00fcrgermeister<\/a>.<\/li>\n<\/ul>\n<p>Eine breite Mehrheit von deutlich \u00fcber 100 Staaten hat am 23. Dezember bei der UN Generalversammlung <img loading=\"lazy\" decoding=\"async\" class=\" wp-image-10287 alignright\" src=\"http:\/\/www.friedenkoeln.de\/wp-content\/uploads\/2017\/02\/403615_310636658982480_698691568_n.jpg\" alt=\"\" width=\"259\" height=\"344\" data-id=\"10287\" \/>beschlossen, Konferenzen f\u00fcr Verhandlungen zum Verbot von Atomwaffen vom 27. bis 31. M\u00e4rz sowie 15. Juni bis 7. Juli 2017 einzuberufen. Deutschland selbst hatte wie die meisten NATO-Staaten gegen die Resolution gestimmt.<\/p>\n<p>Die Unterst\u00fctzung f\u00fcr diesen au\u00dferordentlichen Verbotsprozess auch durch die Bundesregierung ist umso wichtiger als dass die Welt nach der Wahl Donald Trumps zum neuen US-Pr\u00e4sidenten noch unsicherer zu werden droht und gerade die Frage der atomaren R\u00fcstung noch st\u00e4rker in den Fokus ger\u00e4t. Seit Jahren ist klar, dass alle Atomwaffenstaaten ihre Arsenale aufr\u00fcsten. So wurde Ende Januar 2017 die sogenannte <a href=\"http:\/\/atomwaffenfrei.us11.list-manage1.com\/track\/click?u=acc580757d5f2fe31e0adf37d&amp;id=d90a9da9b0&amp;e=28c4aa451b\">Doomsday clock<\/a> auf zweieinhalb Minuten vor Zw\u00f6lf gestellt \u2013 wie zuletzt Anfang der 50er Jahre!<\/p>\n<p>Die Kampagne \u201eB\u00fcchel ist \u00fcberall. Atomwaffenfrei.jetzt\u201c richtet einen deutlichen Appell an die gesamte Zivilgesellschaft, sich den Denkmustern und Strategien f\u00fcr mehr Abschreckung zu widersetzen, appelliert an die Bundesregierung sich vorangehend f\u00fcr die weltweite atomare Abr\u00fcstung einzusetzen und erwartet die Teilnahme an den im M\u00e4rz beginnenden Verbotsverhandlungen.<\/p>\n<div id=\"attachment_10329\" style=\"width: 390px\" class=\"wp-caption alignleft\"><img loading=\"lazy\" decoding=\"async\" aria-describedby=\"caption-attachment-10329\" class=\"wp-image-10329\" src=\"http:\/\/www.friedenkoeln.de\/wp-content\/uploads\/2017\/02\/Gedenkstein-Foto_von_Konrad_2007_wp-1024x683.jpg\" width=\"380\" height=\"253\" data-id=\"10329\" \/><p id=\"caption-attachment-10329\" class=\"wp-caption-text\">Gedenkstein im Hiroshima-Nagasaki-Park K\u00f6ln. Foto: Konrad H\u00f6cker<\/p><\/div>\n<p>Nach dem Auftakt der Aktionspr\u00e4senz in B\u00fcchel am 26. M\u00e4rz, dem Vorabend des Verhandlungsbeginns an der UNO laden wir zu einer <a href=\"http:\/\/atomwaffenfrei.us11.list-manage1.com\/track\/click?u=acc580757d5f2fe31e0adf37d&amp;id=4879dd61e8&amp;e=28c4aa451b\">bundesweiten Aktionswoche<\/a> w\u00e4hrend der ersten Verhandlungsrunde in New York vom 27.-31. M\u00e4rz ein. So sind allein in Deutschland sind 474 St\u00e4dte (von \u00fcber 7.000 weltweit) in den Mayors for Peace engagiert.<\/p>\n<p>Mayor for Peace und Friedensgruppen sind dazu aufgerufen, sich mit einer Fotoaktion daran zu beteiligen und sich gemeinsam f\u00fcr ein Atomwaffenverbot zu bekennen.<\/p>\n<p>Zudem sind alle St\u00e4dte eingeladen, von der Aktionswoche bis zum Ende der zweiten Verhandlungsrunde im Juli die <a href=\"http:\/\/atomwaffenfrei.us11.list-manage.com\/track\/click?u=acc580757d5f2fe31e0adf37d&amp;id=b78d7a9414&amp;e=28c4aa451b\">Unterschriftenaktion der Kampagne \u201eTaten statt leerer Worte\u201c<\/a> zu bewerben.<\/p>\n<p>&nbsp;<\/p>\n<p><em>Eure Kampagne &#8222;B\u00fcchel ist \u00fcberall! atomwaffenfrei.jetzt&#8220;, 23.2.2017<\/em><\/p>\n","protected":false},"excerpt":{"rendered":"<p>Bundesweite Aktionswoche in vielen St\u00e4dten und Start der 20-Protestwochen in B\u00fcchel: 26.-31. M\u00e4rz Jetzt mitmachen! Angeregt durch die Aktionskonferenz der Kampagne \u201eB\u00fcchel ist \u00fcberall \u2013 atomwaffenfrei.jetzt\u201c vor wenigen Wochen in K\u00f6ln mit fast 50&#46;&#46;&#46;<\/p>\n","protected":false},"author":110,"featured_media":0,"comment_status":"open","ping_status":"open","sticky":false,"template":"","format":"standard","meta":{"footnotes":""},"categories":[2],"tags":[42,33,68,49,48,3,73],"class_list":["post-10385","post","type-post","status-publish","format-standard","hentry","category-aktionen","tag-abruestung","tag-atomwaffen","tag-bundesregierung","tag-bundestag","tag-bundeswehr","tag-pazifismus","tag-vereinte-nationen"],"_links":{"self":[{"href":"https:\/\/www.friedenkoeln.de\/index.php?rest_route=\/wp\/v2\/posts\/10385","targetHints":{"allow":["GET"]}}],"collection":[{"href":"https:\/\/www.friedenkoeln.de\/index.php?rest_route=\/wp\/v2\/posts"}],"about":[{"href":"https:\/\/www.friedenkoeln.de\/index.php?rest_route=\/wp\/v2\/types\/post"}],"author":[{"embeddable":true,"href":"https:\/\/www.friedenkoeln.de\/index.php?rest_route=\/wp\/v2\/users\/110"}],"replies":[{"embeddable":true,"href":"https:\/\/www.friedenkoeln.de\/index.php?rest_route=%2Fwp%2Fv2%2Fcomments&post=10385"}],"version-history":[{"count":2,"href":"https:\/\/www.friedenkoeln.de\/index.php?rest_route=\/wp\/v2\/posts\/10385\/revisions"}],"predecessor-version":[{"id":10387,"href":"https:\/\/www.friedenkoeln.de\/index.php?rest_route=\/wp\/v2\/posts\/10385\/revisions\/10387"}],"wp:attachment":[{"href":"https:\/\/www.friedenkoeln.de\/index.php?rest_route=%2Fwp%2Fv2%2Fmedia&parent=10385"}],"wp:term":[{"taxonomy":"category","embeddable":true,"href":"https:\/\/www.friedenkoeln.de\/index.php?rest_route=%2Fwp%2Fv2%2Fcategories&post=10385"},{"taxonomy":"post_tag","embeddable":true,"href":"https:\/\/www.friedenkoeln.de\/index.php?rest_route=%2Fwp%2Fv2%2Ftags&post=10385"}],"curies":[{"name":"wp","href":"https:\/\/api.w.org\/{rel}","templated":true}]}}