{"id":10408,"date":"2017-03-08T22:39:55","date_gmt":"2017-03-08T20:39:55","guid":{"rendered":"http:\/\/www.friedenkoeln.de\/?p=10408"},"modified":"2017-03-08T22:39:55","modified_gmt":"2017-03-08T20:39:55","slug":"mimic","status":"publish","type":"post","link":"https:\/\/www.friedenkoeln.de\/?p=10408","title":{"rendered":"MIMIC"},"content":{"rendered":"<p>Diana Johnstone schl\u00e4gt vor, den Begriff des Milit\u00e4risch-Industriellen Komplexes zu erweitern und von Milit\u00e4risch-Industriellem Medien-Intelligenz-Komplex (Military Industrial Media Intelligence Complex, or MIMIC) zu sprechen. Ein interessanter Gedanke,die Verflechtung der Medien mit den Verflechtungen von Staat, Milit\u00e4r und Industrie zusammen zu denken.<\/p>\n<p><a href=\"http:\/\/www.counterpunch.org\/2017\/02\/17\/france-another-ghastly-presidential-election-campaign-the-deep-state-rises-to-the-surface\/\">http:\/\/www.counterpunch.org\/2017\/02\/17\/france-another-ghastly-presidential-election-campaign-the-deep-state-rises-to-the-surface\/<\/a><\/p>\n<p style=\"text-align: right;\">Harald Fuchs<\/p>\n","protected":false},"excerpt":{"rendered":"<p>Diana Johnstone schl\u00e4gt vor, den Begriff des Milit\u00e4risch-Industriellen Komplexes zu erweitern und von Milit\u00e4risch-Industriellem Medien-Intelligenz-Komplex (Military Industrial Media Intelligence Complex, or MIMIC) zu sprechen. Ein interessanter Gedanke,die Verflechtung der Medien mit den Verflechtungen von&#46;&#46;&#46;<\/p>\n","protected":false},"author":110,"featured_media":0,"comment_status":"open","ping_status":"open","sticky":false,"template":"","format":"standard","meta":{"footnotes":""},"categories":[2],"tags":[40,32],"class_list":["post-10408","post","type-post","status-publish","format-standard","hentry","category-aktionen","tag-demokratie","tag-information-diskussion"],"_links":{"self":[{"href":"https:\/\/www.friedenkoeln.de\/index.php?rest_route=\/wp\/v2\/posts\/10408","targetHints":{"allow":["GET"]}}],"collection":[{"href":"https:\/\/www.friedenkoeln.de\/index.php?rest_route=\/wp\/v2\/posts"}],"about":[{"href":"https:\/\/www.friedenkoeln.de\/index.php?rest_route=\/wp\/v2\/types\/post"}],"author":[{"embeddable":true,"href":"https:\/\/www.friedenkoeln.de\/index.php?rest_route=\/wp\/v2\/users\/110"}],"replies":[{"embeddable":true,"href":"https:\/\/www.friedenkoeln.de\/index.php?rest_route=%2Fwp%2Fv2%2Fcomments&post=10408"}],"version-history":[{"count":1,"href":"https:\/\/www.friedenkoeln.de\/index.php?rest_route=\/wp\/v2\/posts\/10408\/revisions"}],"predecessor-version":[{"id":10409,"href":"https:\/\/www.friedenkoeln.de\/index.php?rest_route=\/wp\/v2\/posts\/10408\/revisions\/10409"}],"wp:attachment":[{"href":"https:\/\/www.friedenkoeln.de\/index.php?rest_route=%2Fwp%2Fv2%2Fmedia&parent=10408"}],"wp:term":[{"taxonomy":"category","embeddable":true,"href":"https:\/\/www.friedenkoeln.de\/index.php?rest_route=%2Fwp%2Fv2%2Fcategories&post=10408"},{"taxonomy":"post_tag","embeddable":true,"href":"https:\/\/www.friedenkoeln.de\/index.php?rest_route=%2Fwp%2Fv2%2Ftags&post=10408"}],"curies":[{"name":"wp","href":"https:\/\/api.w.org\/{rel}","templated":true}]}}