{"id":10433,"date":"2017-03-13T00:00:24","date_gmt":"2017-03-12T22:00:24","guid":{"rendered":"http:\/\/www.friedenkoeln.de\/?p=10433"},"modified":"2017-03-13T00:00:59","modified_gmt":"2017-03-12T22:00:59","slug":"noch-2-wochen-bis-zum-beginn-der-verhandlungen-ueber-ein-atomwaffenverbot","status":"publish","type":"post","link":"https:\/\/www.friedenkoeln.de\/?p=10433","title":{"rendered":"Noch 2 Wochen bis zum Beginn der Verhandlungen \u00fcber ein Atomwaffenverbot"},"content":{"rendered":"<p>Am 27. 3. beginnen in New York die Verhandlungen \u00fcber ein Atomwaffenverbot. \u00dcber 120 Staaten haben einen Beschluss in der UN-Vollversammlung durchgesetzt, Verhandlungen \u00fcber eine \u00c4chtung der Atomwaffen als Massenvernichtungswaffen \u00e4hnlich den biologischen und chemischen Waffen zu beginnen.<\/p>\n<p>Eine der letzten Amtshandlungen des scheidenden deutschen Au\u00dfenministers Steinmeier war es, daf\u00fcr zu sorgen, dass Deutschland sich nicht an diesen Verhandlungen beteiligt. Die deutsche Politik setzt sich damit in Widerspruch zur \u00fcberw\u00e4ltigenden Mehrheit der B\u00fcrger. Atomwaffen sind kein &#8222;Sicherheitsschirm&#8220;, sondern eine t\u00f6dliche Gefahr f\u00fcr Deutschland. Ein mit Atomwaffen gef\u00fchrter Krieg w\u00e4re das Ende f\u00fcr unser Land.<\/p>\n<p>Die Internationale Kampagne f\u00fcr die Abschaffung der Atomwaffen (ICAN) hat einen Internetappell an den neuen Au\u00dfenminister Gabriel und an den UN-Botschafter Deutschlands gestartet, dass sich Deutschland konstruktiv in die Verhandlungen \u00fcber ein Atomwaffenverbot einbringen soll. Er kann unter <a href=\"https:\/\/nuclearban.de\/die-kampagne\/\">https:\/\/nuclearban.de\/die-kampagne\/<\/a>\u00a0 unterst\u00fctzt werden.<\/p>\n<p>Weiterhin gibt es eine unterst\u00fctzenswerte online-Petition von &#8222;Netzwerk Friedensinitiative&#8220; f\u00fcr den Abzug der Atomwaffen aus Deutschland (B\u00fcchel) und f\u00fcr die Unterst\u00fctzung der UN-Verhandlungen zum Verbot der Atomwaffen: <a href=\"https:\/\/www.friedenskooperative.de\/aktion\/petition\/abzug-statt-aufruestung-der-atomwaffen\">https:\/\/www.friedenskooperative.de\/aktion\/petition\/abzug-statt-aufruestung-der-atomwaffen<\/a><\/p>\n<p>Am 26. 3. findet in B\u00fcchel der Auftakt der Kampagne &#8222;20 Bomben &#8211; 20 Wochen&#8220; statt, an der sich die DFG-VK K\u00f6ln beteiligt: <a href=\"http:\/\/www.atomwaffenfrei.de\/aktiv-werden.html\">http:\/\/www.atomwaffenfrei.de\/aktiv-werden.html<\/a><\/p>\n<p>Wer sich am 25.\/26. 5. an unserer Aktion beteiligen m\u00f6chte, ist dazu herzlich eingeladen und kann sich per mail an uns wenden.<\/p>\n<p>Au\u00dferdem sei in diesem Zusammenhang auf die vom AK Hiroshima Nagasaki im K\u00f6lner Friedensforum mitveranstaltete Lesung am 28. 3, 17.00 Uhr im Dom-Forum hingewiesen: <a href=\"http:\/\/www.domforum.de\/veranstaltungen-und-fuehrungen\/Einfach-zuhoeren-Die-Schatten-nach-Hiroshima\/?calDat=1490713200000\">http:\/\/www.domforum.de\/veranstaltungen-und-fuehrungen\/Einfach-zuhoeren-Die-Schatten-nach-Hiroshima\/?calDat=1490713200000<\/a><\/p>\n<p>Nicht zuletzt m\u00f6chte ich zus\u00e4tzlich zum Ostermarsch am 15. 4. in K\u00f6ln und D\u00fcsseldorf (<a href=\"http:\/\/www.ostermarsch-rheinland.de\/\">http:\/\/www.ostermarsch-rheinland.de\/<\/a>) zur Teilnahme am Ostermarsch in B\u00fcchel am 17. 4. aufrufen:<a href=\"https:\/\/www.friedenskooperative.de\/termine\/ostermarsch-2017-in-buechel\"> https:\/\/www.friedenskooperative.de\/termine\/ostermarsch-2017-in-buechel<\/a><\/p>\n<p style=\"text-align: right;\"><em>Harald Fuchs<\/em><\/p>\n<p>&nbsp;<\/p>\n","protected":false},"excerpt":{"rendered":"<p>Am 27. 3. beginnen in New York die Verhandlungen \u00fcber ein Atomwaffenverbot. \u00dcber 120 Staaten haben einen Beschluss in der UN-Vollversammlung durchgesetzt, Verhandlungen \u00fcber eine \u00c4chtung der Atomwaffen als Massenvernichtungswaffen \u00e4hnlich den biologischen und&#46;&#46;&#46;<\/p>\n","protected":false},"author":110,"featured_media":0,"comment_status":"open","ping_status":"open","sticky":false,"template":"","format":"standard","meta":{"footnotes":""},"categories":[2],"tags":[42,33],"class_list":["post-10433","post","type-post","status-publish","format-standard","hentry","category-aktionen","tag-abruestung","tag-atomwaffen"],"_links":{"self":[{"href":"https:\/\/www.friedenkoeln.de\/index.php?rest_route=\/wp\/v2\/posts\/10433","targetHints":{"allow":["GET"]}}],"collection":[{"href":"https:\/\/www.friedenkoeln.de\/index.php?rest_route=\/wp\/v2\/posts"}],"about":[{"href":"https:\/\/www.friedenkoeln.de\/index.php?rest_route=\/wp\/v2\/types\/post"}],"author":[{"embeddable":true,"href":"https:\/\/www.friedenkoeln.de\/index.php?rest_route=\/wp\/v2\/users\/110"}],"replies":[{"embeddable":true,"href":"https:\/\/www.friedenkoeln.de\/index.php?rest_route=%2Fwp%2Fv2%2Fcomments&post=10433"}],"version-history":[{"count":2,"href":"https:\/\/www.friedenkoeln.de\/index.php?rest_route=\/wp\/v2\/posts\/10433\/revisions"}],"predecessor-version":[{"id":10435,"href":"https:\/\/www.friedenkoeln.de\/index.php?rest_route=\/wp\/v2\/posts\/10433\/revisions\/10435"}],"wp:attachment":[{"href":"https:\/\/www.friedenkoeln.de\/index.php?rest_route=%2Fwp%2Fv2%2Fmedia&parent=10433"}],"wp:term":[{"taxonomy":"category","embeddable":true,"href":"https:\/\/www.friedenkoeln.de\/index.php?rest_route=%2Fwp%2Fv2%2Fcategories&post=10433"},{"taxonomy":"post_tag","embeddable":true,"href":"https:\/\/www.friedenkoeln.de\/index.php?rest_route=%2Fwp%2Fv2%2Ftags&post=10433"}],"curies":[{"name":"wp","href":"https:\/\/api.w.org\/{rel}","templated":true}]}}