{"id":10439,"date":"2017-03-15T07:00:09","date_gmt":"2017-03-15T05:00:09","guid":{"rendered":"http:\/\/www.friedenkoeln.de\/?p=10439"},"modified":"2017-03-15T08:00:11","modified_gmt":"2017-03-15T06:00:11","slug":"koennen-wir-wallonie-volksinitiative-gegen-ceta-zur-landtagswahl-nrw","status":"publish","type":"post","link":"https:\/\/www.friedenkoeln.de\/?p=10439","title":{"rendered":"K\u00f6nnen wir Wallonie? Volksinitiative gegen CETA zur Landtagswahl NRW"},"content":{"rendered":"<p>Das <a href=\"http:\/\/no-ttip-koeln.de\">K\u00f6lner B\u00fcndnis gegen CETA, TTIP und TISA<\/a> l\u00e4dt am 22. M\u00e4rz 2017 um 19:00 Uhr zur Podiumsdiskussion mit Landtagskandidaten in die Lutherkirche S\u00fcdstadt ein. Wir unterst\u00fctzen die <a href=\"https:\/\/nrw-gegen-ceta.de\">Volksinitiative NRW Stop CETA\/TTIP<\/a>, weil diese sogenannten Freihandelsabkommen <!--more-->die Rechte der B\u00fcrgerinnen und B\u00fcrger zugunsten der Rechte von privaten Unternehmen einschr\u00e4nken und die L\u00f6sung sozialer Konflikte behindern\u00a0k\u00f6nnen.<\/p>\n<p>Programm:<\/p>\n<p>Vortrag von J\u00f6rg Eichenauer (Campaigner der Volksinitiative NRW)<\/p>\n<p>Podiumsdiskussion mit den NRW-Landtagskandidaten Daniel Schwerd (LINKE),\u00a0Stefan Engstfeld (GR\u00dcNE), Jochen Ott (SPD), Lorenz Deutsch (FDP),\u00a0Thomas Hegenbarth (PIRATEN) und einem Kandidaten der CDU (angefragt).<\/p>\n<p>Moderation: Anne Schulz (Journalistin)<\/p>\n<p><img loading=\"lazy\" decoding=\"async\" class=\"alignnone size-large wp-image-10440\" src=\"http:\/\/www.friedenkoeln.de\/wp-content\/uploads\/2017\/03\/fullsizeoutput_424-722x1024.jpeg\" alt=\"\" width=\"639\" height=\"906\" srcset=\"https:\/\/www.friedenkoeln.de\/wp-content\/uploads\/2017\/03\/fullsizeoutput_424-722x1024.jpeg 722w, https:\/\/www.friedenkoeln.de\/wp-content\/uploads\/2017\/03\/fullsizeoutput_424-768x1090.jpeg 768w, https:\/\/www.friedenkoeln.de\/wp-content\/uploads\/2017\/03\/fullsizeoutput_424.jpeg 1748w\" sizes=\"auto, (max-width: 639px) 100vw, 639px\" \/><\/p>\n<p><img loading=\"lazy\" decoding=\"async\" class=\"alignnone size-large wp-image-10442\" src=\"http:\/\/www.friedenkoeln.de\/wp-content\/uploads\/2017\/03\/fullsizeoutput_423-722x1024.jpeg\" alt=\"\" width=\"639\" height=\"906\" srcset=\"https:\/\/www.friedenkoeln.de\/wp-content\/uploads\/2017\/03\/fullsizeoutput_423-722x1024.jpeg 722w, https:\/\/www.friedenkoeln.de\/wp-content\/uploads\/2017\/03\/fullsizeoutput_423-768x1090.jpeg 768w, https:\/\/www.friedenkoeln.de\/wp-content\/uploads\/2017\/03\/fullsizeoutput_423.jpeg 1748w\" sizes=\"auto, (max-width: 639px) 100vw, 639px\" \/><\/p>\n","protected":false},"excerpt":{"rendered":"<p>Das K\u00f6lner B\u00fcndnis gegen CETA, TTIP und TISA l\u00e4dt am 22. M\u00e4rz 2017 um 19:00 Uhr zur Podiumsdiskussion mit Landtagskandidaten in die Lutherkirche S\u00fcdstadt ein. Wir unterst\u00fctzen die Volksinitiative NRW Stop CETA\/TTIP, weil diese&#46;&#46;&#46;<\/p>\n","protected":false},"author":110,"featured_media":0,"comment_status":"open","ping_status":"open","sticky":false,"template":"","format":"standard","meta":{"footnotes":""},"categories":[2],"tags":[40,74,75,36,29,76],"class_list":["post-10439","post","type-post","status-publish","format-standard","hentry","category-aktionen","tag-demokratie","tag-eu","tag-landtag","tag-oekologie-und-frieden","tag-solidaritat","tag-wirtschaft"],"_links":{"self":[{"href":"https:\/\/www.friedenkoeln.de\/index.php?rest_route=\/wp\/v2\/posts\/10439","targetHints":{"allow":["GET"]}}],"collection":[{"href":"https:\/\/www.friedenkoeln.de\/index.php?rest_route=\/wp\/v2\/posts"}],"about":[{"href":"https:\/\/www.friedenkoeln.de\/index.php?rest_route=\/wp\/v2\/types\/post"}],"author":[{"embeddable":true,"href":"https:\/\/www.friedenkoeln.de\/index.php?rest_route=\/wp\/v2\/users\/110"}],"replies":[{"embeddable":true,"href":"https:\/\/www.friedenkoeln.de\/index.php?rest_route=%2Fwp%2Fv2%2Fcomments&post=10439"}],"version-history":[{"count":5,"href":"https:\/\/www.friedenkoeln.de\/index.php?rest_route=\/wp\/v2\/posts\/10439\/revisions"}],"predecessor-version":[{"id":10449,"href":"https:\/\/www.friedenkoeln.de\/index.php?rest_route=\/wp\/v2\/posts\/10439\/revisions\/10449"}],"wp:attachment":[{"href":"https:\/\/www.friedenkoeln.de\/index.php?rest_route=%2Fwp%2Fv2%2Fmedia&parent=10439"}],"wp:term":[{"taxonomy":"category","embeddable":true,"href":"https:\/\/www.friedenkoeln.de\/index.php?rest_route=%2Fwp%2Fv2%2Fcategories&post=10439"},{"taxonomy":"post_tag","embeddable":true,"href":"https:\/\/www.friedenkoeln.de\/index.php?rest_route=%2Fwp%2Fv2%2Ftags&post=10439"}],"curies":[{"name":"wp","href":"https:\/\/api.w.org\/{rel}","templated":true}]}}