{"id":10450,"date":"2017-03-16T07:00:40","date_gmt":"2017-03-16T05:00:40","guid":{"rendered":"http:\/\/www.friedenkoeln.de\/?p=10450"},"modified":"2017-03-15T22:02:34","modified_gmt":"2017-03-15T20:02:34","slug":"tuerkei-verhaftet-menschenrechtsaktivisten-call-for-action","status":"publish","type":"post","link":"https:\/\/www.friedenkoeln.de\/?p=10450","title":{"rendered":"T\u00fcrkei verhaftet Menschenrechtsaktivisten &#8211; Call for Action!"},"content":{"rendered":"<p>Ernst-Ludwig &#8222;Elu&#8220; Iskenius (IPPNW Germany) berichtete am 15. M\u00e4rz 2017 aus Diyabakir \/ T\u00fcrkei:<\/p>\n<blockquote><p>Es ist schon ein wenig bedr\u00fcckend, wenn man so nah soviel Unrecht und sinnlose Repression erleben muss und man eher hilflos und ratlos dabei sitzt und nicht genau wei\u00df, wie man eingreifen kann.\u00a0Das einzige, was ich jetzt machen kann, diese Informationen weit und weiter auszuteilen und Menschen bitten, einmal selbst aktiv zu werden, und sei es mit einer e-mail, zum anderen andere zu ermutigen, es auch zu tun. Wenn wir es nicht machen, wer soll es sonst machen?<\/p><\/blockquote>\n<div id=\"attachment_10454\" style=\"width: 592px\" class=\"wp-caption alignleft\"><img loading=\"lazy\" decoding=\"async\" aria-describedby=\"caption-attachment-10454\" class=\"wp-image-10454 \" src=\"http:\/\/www.friedenkoeln.de\/wp-content\/uploads\/2017\/03\/Logo-Briefkopf-Human-Rights-Foundation-Turkey-1.png\" width=\"582\" height=\"160\" \/><p id=\"caption-attachment-10454\" class=\"wp-caption-text\">Logos der Human Rights Association \/ T\u00fcrkei<\/p><\/div>\n<p>In Diyabakir war am Morgen Raci Bilici aus unbekannten Gr\u00fcnden verhaftet worden. Raci Bilici ist Vorsitzender der Filiale Diyabakir der 1986 gegr\u00fcndeten t\u00fcrkischen Menschenrechtsorganisation &#8222;Human Rights Association&#8220; (\u0130HD), die in Ankara ihren Hauptsitz hat. Die \u0130HD protestiert scharf gegen die Festnahme und ruft dazu auf, per Telefon und Email bei t\u00fcrkischen Regierungsmitgliedern zu protestieren. Kontaktadressen sind im (englischsprachigen) <a href=\"http:\/\/www.friedenkoeln.de\/wp-content\/uploads\/2017\/03\/170315_Urgent-Call-for-Action_Turkey.pdf\">Aufruf<\/a> enthalten.<\/p>\n","protected":false},"excerpt":{"rendered":"<p>Ernst-Ludwig &#8222;Elu&#8220; Iskenius (IPPNW Germany) berichtete am 15. M\u00e4rz 2017 aus Diyabakir \/ T\u00fcrkei: Es ist schon ein wenig bedr\u00fcckend, wenn man so nah soviel Unrecht und sinnlose Repression erleben muss und man eher&#46;&#46;&#46;<\/p>\n","protected":false},"author":110,"featured_media":0,"comment_status":"open","ping_status":"open","sticky":false,"template":"","format":"standard","meta":{"footnotes":""},"categories":[2],"tags":[40,74,29,73,64],"class_list":["post-10450","post","type-post","status-publish","format-standard","hentry","category-aktionen","tag-demokratie","tag-eu","tag-solidaritat","tag-vereinte-nationen","tag-zivilcourage"],"_links":{"self":[{"href":"https:\/\/www.friedenkoeln.de\/index.php?rest_route=\/wp\/v2\/posts\/10450","targetHints":{"allow":["GET"]}}],"collection":[{"href":"https:\/\/www.friedenkoeln.de\/index.php?rest_route=\/wp\/v2\/posts"}],"about":[{"href":"https:\/\/www.friedenkoeln.de\/index.php?rest_route=\/wp\/v2\/types\/post"}],"author":[{"embeddable":true,"href":"https:\/\/www.friedenkoeln.de\/index.php?rest_route=\/wp\/v2\/users\/110"}],"replies":[{"embeddable":true,"href":"https:\/\/www.friedenkoeln.de\/index.php?rest_route=%2Fwp%2Fv2%2Fcomments&post=10450"}],"version-history":[{"count":2,"href":"https:\/\/www.friedenkoeln.de\/index.php?rest_route=\/wp\/v2\/posts\/10450\/revisions"}],"predecessor-version":[{"id":10455,"href":"https:\/\/www.friedenkoeln.de\/index.php?rest_route=\/wp\/v2\/posts\/10450\/revisions\/10455"}],"wp:attachment":[{"href":"https:\/\/www.friedenkoeln.de\/index.php?rest_route=%2Fwp%2Fv2%2Fmedia&parent=10450"}],"wp:term":[{"taxonomy":"category","embeddable":true,"href":"https:\/\/www.friedenkoeln.de\/index.php?rest_route=%2Fwp%2Fv2%2Fcategories&post=10450"},{"taxonomy":"post_tag","embeddable":true,"href":"https:\/\/www.friedenkoeln.de\/index.php?rest_route=%2Fwp%2Fv2%2Ftags&post=10450"}],"curies":[{"name":"wp","href":"https:\/\/api.w.org\/{rel}","templated":true}]}}