{"id":10461,"date":"2017-03-19T22:48:50","date_gmt":"2017-03-19T20:48:50","guid":{"rendered":"http:\/\/www.friedenkoeln.de\/?p=10461"},"modified":"2020-11-14T23:27:16","modified_gmt":"2020-11-14T21:27:16","slug":"internationaler-tag-gegen-rassismus-in-koeln","status":"publish","type":"post","link":"https:\/\/www.friedenkoeln.de\/?p=10461","title":{"rendered":"Internationaler Tag gegen Rassismus in K\u00f6ln"},"content":{"rendered":"<p>Am 21. M\u00e4rz ist der Internationale Tag gegen Rassismus. Auch das &#8222;K\u00f6lner Forum gegen Rassismus&#8220;, dem verschiedene Gruppen und Initiativen aus Stadt und Zivilgesellschaft angeh\u00f6ren, macht an diesem Tag darauf aufmerksam, wie notwendig das Engagement gegen Rassismus und Diskriminierung ist. Machen Sie mit! Setzen Sie mit uns ein Zeichen gegen Rassismus und gegen jede Form von Diskriminierung! Am 21. M\u00e4rz 2017 gibt es ab 15 Uhr vor der Antoniterkirche (Schildergasse 57) ein Programm mit Theater, Musik und Performance sowie vielen M\u00f6glichkeiten zur Information. Es treten u. a. auf: Projekte von SKM und IN VIA, die Theatergruppe Import\/Export (Schauspiel K\u00f6ln) und der Kabarettist Fatih \u00c7evikkollu. Weitere Informationen: <a href=\"https:\/\/www.facebook.com\/events\/426698184331379\/\">https:\/\/www.facebook.com\/events\/426698184331379\/<\/a><\/p>\n","protected":false},"excerpt":{"rendered":"<p>Am 21. M\u00e4rz ist der Internationale Tag gegen Rassismus. Auch das &#8222;K\u00f6lner Forum gegen Rassismus&#8220;, dem verschiedene Gruppen und Initiativen aus Stadt und Zivilgesellschaft angeh\u00f6ren, macht an diesem Tag darauf aufmerksam, wie notwendig das&#46;&#46;&#46;<\/p>\n","protected":false},"author":110,"featured_media":0,"comment_status":"open","ping_status":"open","sticky":false,"template":"","format":"standard","meta":{"footnotes":""},"categories":[104],"tags":[43],"class_list":["post-10461","post","type-post","status-publish","format-standard","hentry","category-ankuendigung","tag-rassismus"],"_links":{"self":[{"href":"https:\/\/www.friedenkoeln.de\/index.php?rest_route=\/wp\/v2\/posts\/10461","targetHints":{"allow":["GET"]}}],"collection":[{"href":"https:\/\/www.friedenkoeln.de\/index.php?rest_route=\/wp\/v2\/posts"}],"about":[{"href":"https:\/\/www.friedenkoeln.de\/index.php?rest_route=\/wp\/v2\/types\/post"}],"author":[{"embeddable":true,"href":"https:\/\/www.friedenkoeln.de\/index.php?rest_route=\/wp\/v2\/users\/110"}],"replies":[{"embeddable":true,"href":"https:\/\/www.friedenkoeln.de\/index.php?rest_route=%2Fwp%2Fv2%2Fcomments&post=10461"}],"version-history":[{"count":1,"href":"https:\/\/www.friedenkoeln.de\/index.php?rest_route=\/wp\/v2\/posts\/10461\/revisions"}],"predecessor-version":[{"id":10462,"href":"https:\/\/www.friedenkoeln.de\/index.php?rest_route=\/wp\/v2\/posts\/10461\/revisions\/10462"}],"wp:attachment":[{"href":"https:\/\/www.friedenkoeln.de\/index.php?rest_route=%2Fwp%2Fv2%2Fmedia&parent=10461"}],"wp:term":[{"taxonomy":"category","embeddable":true,"href":"https:\/\/www.friedenkoeln.de\/index.php?rest_route=%2Fwp%2Fv2%2Fcategories&post=10461"},{"taxonomy":"post_tag","embeddable":true,"href":"https:\/\/www.friedenkoeln.de\/index.php?rest_route=%2Fwp%2Fv2%2Ftags&post=10461"}],"curies":[{"name":"wp","href":"https:\/\/api.w.org\/{rel}","templated":true}]}}