{"id":10470,"date":"2017-03-22T23:35:40","date_gmt":"2017-03-22T21:35:40","guid":{"rendered":"http:\/\/www.friedenkoeln.de\/?p=10470"},"modified":"2017-03-22T23:43:34","modified_gmt":"2017-03-22T21:43:34","slug":"deutschland-soll-an-un-verhandlungen-ueber-atomwaffenverbot-teilnehmen","status":"publish","type":"post","link":"https:\/\/www.friedenkoeln.de\/?p=10470","title":{"rendered":"Deutschland soll an UN-Verhandlungen \u00fcber Atomwaffenverbot teilnehmen!"},"content":{"rendered":"<p>Die Bundesregierung soll sich an den UN-Verhandlungen \u00fcber ein<br \/>\n&gt; Atomwaffenverbot beteiligen, das fordert die \u00c4rzteorganisation IPPNW<br \/>\n&gt; gemeinsam mit anderen Nichtregierungsorganisationen in einem offenen<br \/>\n&gt; Brief an Au\u00dfenminister Sigmar Gabriel. Ab 27. M\u00e4rz 2017 werden<br \/>\n&gt; Mitgliedsstaaten der Vereinten Nationen in New York \u00fcber einen<br \/>\n&gt; Verbotsvertrag verhandeln. Die Bundesregierung hatte angek\u00fcndigt, dass<br \/>\n&gt; Deutschland diesen Verhandlungen fernbleibt.<br \/>\n&gt;<br \/>\n&gt; Unterzeichnet ist der Brief von den Friedensorganisationen DFG-VK,<br \/>\n&gt; ICAN, IPPNW, Ohne R\u00fcstung Leben und Pax Christi, den<br \/>\n&gt; Entwicklungsorganisationen Medico International und Oxfam sowie der<br \/>\n&gt; Umwelt- und Menschenrechtsorganisation Urgewald. Sie kritisieren die<br \/>\n&gt; Entscheidung in einem Brief an Au\u00dfenminister Sigmar Gabriel: \u201eDer<br \/>\n&gt; Boykott von multilateralen Verhandlungen zu einem Atomwaffenverbot<br \/>\n&gt; schadet der Glaubw\u00fcrdigkeit der Bundesrepublik im Bereich der<br \/>\n&gt; nuklearen R\u00fcstungskontrolle.\u201c Diese Haltung sei mit dem<br \/>\n&gt; au\u00dfenpolitischen Selbstverst\u00e4ndnis Deutschlands als f\u00f6rdernde Kraft<br \/>\n&gt; von V\u00f6lkerrecht und Frieden nicht vereinbar. Die Gruppe hofft nun,<br \/>\n&gt; dass Gabriel die ablehnende Haltung aufgibt.<br \/>\n&gt;<br \/>\n&gt; Dr. Alex Rosen, stellvertretender Vorsitzender der deutschen IPPNW,<br \/>\n&gt; hob den Gesundheitsaspekt vor: \u201eDie humanit\u00e4ren Folgen von Atomwaffen<br \/>\n&gt; f\u00fcr die Zivilbev\u00f6lkerung sind so grausam und weitreichend, dass ihr<br \/>\n&gt; Einsatz immer einen massiven Versto\u00df gegen das V\u00f6lkerrecht bedeutet.<br \/>\n&gt; Atomwaffen abschussbereit zu stationieren bedeutet, anderen L\u00e4ndern<br \/>\n&gt; schwere Kriegsverbrechen anzudrohen. Deswegen m\u00fcssen Atomwaffen<br \/>\n&gt; ge\u00e4chtet werden.\u201c<br \/>\n&gt;<br \/>\n&gt; Im vergangenen Jahr hat eine \u00fcberw\u00e4ltigende 2\/3-Mehrheit der<br \/>\n&gt; Staatengemeinschaft f\u00fcr Verbotsverhandlungen gestimmt. Deutschland<br \/>\n&gt; boykottiert, gemeinsam mit den USA, anderen NATO-Staaten und Russland<br \/>\n&gt; jeden Fortschritt in Richtung einer \u00c4chtung. Dabei w\u00fcrde mit einem<br \/>\n&gt; Verbot endlich eine L\u00fccke im V\u00f6lkerrecht geschlossen: Nuklearwaffen<br \/>\n&gt; sind die einzigen Massenvernichtungswaffen, die noch nicht<br \/>\n&gt; v\u00f6lkerrechtlich ge\u00e4chtet werden.<br \/>\n&gt;<br \/>\n&gt; Auf der Welt gibt es noch fast 15.000 Atomwaffen, von denen etwa 1.800<br \/>\n&gt; st\u00e4ndig einsatzbereit sind und innerhalb weniger Minuten abgefeuert<br \/>\n&gt; werden k\u00f6nnen. In dem offenen Brief hei\u00dft es: \u201eAtomwaffen sind eine<br \/>\n&gt; der gr\u00f6\u00dften Bedrohungen f\u00fcr die Menschheit und unseren Planeten\u201c und<br \/>\n&gt; \u201ces w\u00e4re gerade heute unverantwortlich, sich darauf zu verlassen, dass<br \/>\n&gt; es einen verantwortungsbewussten Umgang mit diesen Waffen geben kann.\u201c<br \/>\n&gt;<br \/>\n&gt; Den offenen Brief an Au\u00dfenminister Sigmar Gabriel finden Sie hier:<br \/>\n&gt;<a href=\"http:\/\/www.icanw.de\/wp-content\/uploads\/2017\/03\/20170302_Brief_Gabriel_final.pdf\"> http:\/\/www.icanw.de\/wp-content\/uploads\/2017\/03\/20170302_Brief_Gabriel_final.pdf<\/a><br \/>\n&gt;<br \/>\n&gt; Antworten auf h\u00e4ufige Fragen zu den Verbotsverhandlungen finden Sie hier:<br \/>\n&gt; <a href=\"https:\/\/nuclearban.de\/die-konferenz\/\">https:\/\/nuclearban.de\/die-konferenz\/<\/a><br \/>\nKontakt: Angelika Wilmen, Pressesprecherin IPPNW, Tel. 030 698074-15, Internationale \u00c4rzte f\u00fcr die Verh\u00fctung des Atomkrieges\/\u00c4rzte in sozialer Verantwortung, Email: wilmen@ippnw.de, <a href=\"https:\/\/www.ippnw.de\/\">www.ippnw.de<\/a><\/p>\n","protected":false},"excerpt":{"rendered":"<p>Die Bundesregierung soll sich an den UN-Verhandlungen \u00fcber ein &gt; Atomwaffenverbot beteiligen, das fordert die \u00c4rzteorganisation IPPNW &gt; gemeinsam mit anderen Nichtregierungsorganisationen in einem offenen &gt; Brief an Au\u00dfenminister Sigmar Gabriel. Ab 27. M\u00e4rz&#46;&#46;&#46;<\/p>\n","protected":false},"author":110,"featured_media":0,"comment_status":"open","ping_status":"open","sticky":false,"template":"","format":"standard","meta":{"footnotes":""},"categories":[],"tags":[33,68],"class_list":["post-10470","post","type-post","status-publish","format-standard","hentry","tag-atomwaffen","tag-bundesregierung"],"_links":{"self":[{"href":"https:\/\/www.friedenkoeln.de\/index.php?rest_route=\/wp\/v2\/posts\/10470","targetHints":{"allow":["GET"]}}],"collection":[{"href":"https:\/\/www.friedenkoeln.de\/index.php?rest_route=\/wp\/v2\/posts"}],"about":[{"href":"https:\/\/www.friedenkoeln.de\/index.php?rest_route=\/wp\/v2\/types\/post"}],"author":[{"embeddable":true,"href":"https:\/\/www.friedenkoeln.de\/index.php?rest_route=\/wp\/v2\/users\/110"}],"replies":[{"embeddable":true,"href":"https:\/\/www.friedenkoeln.de\/index.php?rest_route=%2Fwp%2Fv2%2Fcomments&post=10470"}],"version-history":[{"count":4,"href":"https:\/\/www.friedenkoeln.de\/index.php?rest_route=\/wp\/v2\/posts\/10470\/revisions"}],"predecessor-version":[{"id":10474,"href":"https:\/\/www.friedenkoeln.de\/index.php?rest_route=\/wp\/v2\/posts\/10470\/revisions\/10474"}],"wp:attachment":[{"href":"https:\/\/www.friedenkoeln.de\/index.php?rest_route=%2Fwp%2Fv2%2Fmedia&parent=10470"}],"wp:term":[{"taxonomy":"category","embeddable":true,"href":"https:\/\/www.friedenkoeln.de\/index.php?rest_route=%2Fwp%2Fv2%2Fcategories&post=10470"},{"taxonomy":"post_tag","embeddable":true,"href":"https:\/\/www.friedenkoeln.de\/index.php?rest_route=%2Fwp%2Fv2%2Ftags&post=10470"}],"curies":[{"name":"wp","href":"https:\/\/api.w.org\/{rel}","templated":true}]}}