{"id":10489,"date":"2017-03-28T07:00:57","date_gmt":"2017-03-28T05:00:57","guid":{"rendered":"http:\/\/www.friedenkoeln.de\/?p=10489"},"modified":"2020-11-14T23:27:00","modified_gmt":"2020-11-14T21:27:00","slug":"atomwaffenfrei-jetzt-teilnehmer-der-proteste-in-buechel-berichten-heute-in-koeln","status":"publish","type":"post","link":"https:\/\/www.friedenkoeln.de\/?p=10489","title":{"rendered":"&#8222;Atomwaffenfrei jetzt!&#8220; &#8211; Teilnehmer der Proteste in B\u00fcchel berichten heute in K\u00f6ln"},"content":{"rendered":"<p>Heute ab 15:00 Uhr werden DFG-VK-Mitglieder bei einer Kundgebung auf der Domplatte vor dem DomForum in K\u00f6ln von ihren Eindr\u00fccken aus B\u00fcchel und Cochem<!--more--> in Rheinland-Pfalz\u00a0berichten.<br \/>\n<img loading=\"lazy\" decoding=\"async\" class=\"wp-image-10287 alignright\" src=\"http:\/\/www.friedenkoeln.de\/wp-content\/uploads\/2017\/02\/403615_310636658982480_698691568_n.jpg\" alt=\"\" width=\"184\" height=\"244\" \/><\/p>\n<p>Sie haben am vergangenen Wochenende an der erfolgreichen Blockade der vier Zufahrten auf das Gel\u00e4nde der Bundesluftwaffe in B\u00fcchel teilgenommen, um ein Zeichen f\u00fcr eine atomwaffenfreie Welt zu setzen. <a href=\"http:\/\/www.swr.de\/swraktuell\/rp\/koblenz\/friedensaktivisten-haben-am-fruehen-morgen-die-zufahrten-zum-fliegerhorst-buechel-blockiert\/-\/id=1642\/did=19262456\/nid=1642\/87og6p\/index.html\">SWR Aktuell<\/a> berichtete \u00fcber die Blockade, aber auch die Unterst\u00fctzung durch die &#8222;Mayors for Peace&#8220;, den Start der UN-Verhandlungen \u00fcber eine globale \u00c4chtung der Atomwaffen\u00a0und dar\u00fcber, dass die Bundesregierung die\u00a0\u00a0Verhandlungen ablehnt.<\/p>\n<p>Die \u00fcberregionalen Medien &#8211; Tagesschau und Deutschlandfunk &#8211; berichteten am Abend des 27. M\u00e4rz 2017\u00a0zwar ebenfalls \u00fcber den Start der Verbotsverhandlungen, erw\u00e4hnten aber die Politik\u00a0der Bundesregierung nicht. Auch das Konstrukt der &#8222;nuklearen Teilhabe&#8220;, welches Deutschland zu einem &#8222;halben&#8220; Atomwaffenstaat macht, fehlte in den Berichten. Lediglich \u00fcber die USA und andere Atomwaffenstaaten wurde gesagt, dass sie sich nicht an den Verbotsverhandlungen beteiligen w\u00fcrden. Damit wird bei vielen Zuschauer*innen und Zuh\u00f6rer*innen der Eindruck entstanden sein, Deutschland sei kein Atomwaffenstaat, Deutschland gingen\u00a0die Verhandlungen nichts an und es habe keine politische Position zu den Verhandlungen bezogen.<\/p>\n<div id=\"attachment_10058\" style=\"width: 361px\" class=\"wp-caption alignleft\"><img loading=\"lazy\" decoding=\"async\" aria-describedby=\"caption-attachment-10058\" class=\" wp-image-10058\" src=\"http:\/\/www.friedenkoeln.de\/wp-content\/uploads\/2016\/11\/DSC_0129-1024x683.jpg\" alt=\"\" width=\"351\" height=\"234\" srcset=\"https:\/\/www.friedenkoeln.de\/wp-content\/uploads\/2016\/11\/DSC_0129-1024x683.jpg 1024w, https:\/\/www.friedenkoeln.de\/wp-content\/uploads\/2016\/11\/DSC_0129-700x467.jpg 700w, https:\/\/www.friedenkoeln.de\/wp-content\/uploads\/2016\/11\/DSC_0129-768x512.jpg 768w, https:\/\/www.friedenkoeln.de\/wp-content\/uploads\/2016\/11\/DSC_0129-956x637.jpg 956w\" sizes=\"auto, (max-width: 351px) 100vw, 351px\" \/><p id=\"caption-attachment-10058\" class=\"wp-caption-text\">Blick vom Haupttor auf das Bundeswehrgel\u00e4nde in B\u00fcchel (11\/2016)<\/p><\/div>\n<p>Leider setzten\u00a0Tagesschau und Deutschlandfunk denjenigen Teil ihres\u00a0Publikums, der nicht aktiv im Online-Angebot der Sender nach Themen sucht, auf informationelle Schonkost\u00a0und behindern eine aufgekl\u00e4rte politische Auseinandersetzung mit einem wichtigen und dringenden\u00a0politischen Sachthema. Es bleibt zu hoffen, dass der journalistische Funke noch \u00fcberspringt &#8211; bevor eine echte Bombe gez\u00fcndet wird.<\/p>\n<p>Bis dahin verbreiten\u00a0wir weiterhin die wichtigsten Infos \u00fcber unsere eigenen Kan\u00e4le &#8211; und laden zum Besuch der heutigen Kundgebung ein!<\/p>\n<p><em>Stefanie Intveen<\/em><\/p>\n","protected":false},"excerpt":{"rendered":"<p>Heute ab 15:00 Uhr werden DFG-VK-Mitglieder bei einer Kundgebung auf der Domplatte vor dem DomForum in K\u00f6ln von ihren Eindr\u00fccken aus B\u00fcchel und Cochem<\/p>\n","protected":false},"author":110,"featured_media":0,"comment_status":"open","ping_status":"open","sticky":false,"template":"","format":"standard","meta":{"footnotes":""},"categories":[2],"tags":[42,33,68,48,40,73,64],"class_list":["post-10489","post","type-post","status-publish","format-standard","hentry","category-aktionen","tag-abruestung","tag-atomwaffen","tag-bundesregierung","tag-bundeswehr","tag-demokratie","tag-vereinte-nationen","tag-zivilcourage"],"_links":{"self":[{"href":"https:\/\/www.friedenkoeln.de\/index.php?rest_route=\/wp\/v2\/posts\/10489","targetHints":{"allow":["GET"]}}],"collection":[{"href":"https:\/\/www.friedenkoeln.de\/index.php?rest_route=\/wp\/v2\/posts"}],"about":[{"href":"https:\/\/www.friedenkoeln.de\/index.php?rest_route=\/wp\/v2\/types\/post"}],"author":[{"embeddable":true,"href":"https:\/\/www.friedenkoeln.de\/index.php?rest_route=\/wp\/v2\/users\/110"}],"replies":[{"embeddable":true,"href":"https:\/\/www.friedenkoeln.de\/index.php?rest_route=%2Fwp%2Fv2%2Fcomments&post=10489"}],"version-history":[{"count":8,"href":"https:\/\/www.friedenkoeln.de\/index.php?rest_route=\/wp\/v2\/posts\/10489\/revisions"}],"predecessor-version":[{"id":10497,"href":"https:\/\/www.friedenkoeln.de\/index.php?rest_route=\/wp\/v2\/posts\/10489\/revisions\/10497"}],"wp:attachment":[{"href":"https:\/\/www.friedenkoeln.de\/index.php?rest_route=%2Fwp%2Fv2%2Fmedia&parent=10489"}],"wp:term":[{"taxonomy":"category","embeddable":true,"href":"https:\/\/www.friedenkoeln.de\/index.php?rest_route=%2Fwp%2Fv2%2Fcategories&post=10489"},{"taxonomy":"post_tag","embeddable":true,"href":"https:\/\/www.friedenkoeln.de\/index.php?rest_route=%2Fwp%2Fv2%2Ftags&post=10489"}],"curies":[{"name":"wp","href":"https:\/\/api.w.org\/{rel}","templated":true}]}}