{"id":10519,"date":"2017-04-01T10:35:23","date_gmt":"2017-04-01T08:35:23","guid":{"rendered":"http:\/\/www.friedenkoeln.de\/?p=10519"},"modified":"2020-11-14T23:25:54","modified_gmt":"2020-11-14T21:25:54","slug":"bundesaussenminister-sigmar-gabriel-kuendigt-abzug-der-bundeswehr-aus-irak-syrien-und-mali-an","status":"publish","type":"post","link":"https:\/\/www.friedenkoeln.de\/?p=10519","title":{"rendered":"Bundesau\u00dfenminister Sigmar Gabriel k\u00fcndigt Abzug der Bundeswehr aus Irak, Syrien und Mali an"},"content":{"rendered":"<p>Berlin. Bundesau\u00dfenminister Sigmar Gabriel hat angek\u00fcndigt, die Bundeswehr innerhalb von zw\u00f6lf Monaten aus\u00a0dem Irak, Syrien und Mali abzuziehen. Das wurde am 1. April 2017\u00a0in\u00a0Berliner Sicherheitskreisen bekannt.<!--more--> Die Nachricht wurde vom Au\u00dfenministerium weder best\u00e4tigt, noch dementiert. Journalisten bem\u00fchen sich zur Zeit um n\u00e4here Informationen.<\/p>\n<div id=\"attachment_9260\" style=\"width: 356px\" class=\"wp-caption alignright\"><img loading=\"lazy\" decoding=\"async\" aria-describedby=\"caption-attachment-9260\" class=\" wp-image-9260\" src=\"http:\/\/www.friedenkoeln.de\/wp-content\/uploads\/2016\/04\/bild-dfg-1024x588.jpg\" alt=\"\" width=\"346\" height=\"199\" srcset=\"https:\/\/www.friedenkoeln.de\/wp-content\/uploads\/2016\/04\/bild-dfg-1024x588.jpg 1024w, https:\/\/www.friedenkoeln.de\/wp-content\/uploads\/2016\/04\/bild-dfg.jpg 2048w\" sizes=\"auto, (max-width: 346px) 100vw, 346px\" \/><p id=\"caption-attachment-9260\" class=\"wp-caption-text\">Demonstration gegen Bundeswehreinsatz in Syrien 2016 in K\u00f6ln<\/p><\/div>\n<p>Im NATO-Hauptquartier in Br\u00fcssel war kein Kommentar zu erhalten; allerdings berichteten Insider von gro\u00dfer Unruhe. Unklar sei, wie die <a href=\"https:\/\/www.welt.de\/politik\/ausland\/article108682338\/Deutsches-Spionageschiff-hilft-syrischen-Rebellen.html\">hervorragenden geheimdienstlichen Kontakte der Deutschen<\/a> im so genannten Krieg gegen den Terror in Irak und Syrien ersetzt werden k\u00f6nnten, falls Gabriel seine Ank\u00fcndigung tats\u00e4chlich umsetze. Ein Abzug der Deutschen k\u00f6nne den <a href=\"https:\/\/www.gov.uk\/government\/speeches\/the-friends-of-syria-today-expressed-their-support-once-again\">mehrj\u00e4hrigen Kampf gegen das Assad-Regime<\/a> und damit die Front gegen die syrische Armee und ihre iranischen und russischen Verb\u00fcndeten schw\u00e4chen.<\/p>\n<p>Der ehemalige Verteidigungsminister Franz-Josef Jung, der als stellvertretender Fraktionsvorsitzender f\u00fcr die Au\u00dfen- und Verteidigungspolitik der Unionsfraktion zust\u00e4ndig ist, \u00e4u\u00dferte v\u00f6lliges Unverst\u00e4ndnis f\u00fcr Gabriels angeblichen Plan.<\/p>\n<p>Jung, der\u00a0im Mai 2017 <a href=\"http:\/\/www.spiegel.de\/wirtschaft\/unternehmen\/franz-josef-jung-ex-verteidigungsminister-geht-zu-rheinmetall-a-1141259.html\">in den Aufsichtsrat des R\u00fcstungskonzerns Rheinmetall<\/a> gew\u00e4hlt werden soll, hatte gestern\u00a0im <a href=\"http:\/\/www.deutschlandfunk.de\/nato-aussenministertreffen-in-bruessel-kein-zweifel-dass.694.de.html?dram:article_id=382727\">Deutschlandfunk-Interview<\/a>\u00a0\u00fcber die Bundeswehr gesagt:<\/p>\n<blockquote><p>Wissen Sie, wir sind das drittst\u00e4rkste Kontingent in Afghanistan. Wir sind immer noch das st\u00e4rkste Kontingent auf dem Balkan. Wir haben die ganzen Eins\u00e4tze jetzt in Afrika, in Mali, in Somalia, im Sudan, jetzt auch unseren Beitrag in Litauen. Wissen Sie, wenn man sagt, die europ\u00e4ische Au\u00dfengrenze und wir haben vier Bataillone, aber die vier Bataillone werden gestellt von Amerika, von Kanada, von Gro\u00dfbritannien und von Deutschland.<\/p><\/blockquote>\n<p>Wie er dem Deutschlandfunk erkl\u00e4rte, unterst\u00fctzt Jung das &#8222;Zwei-Prozent-Ziel&#8220; der NATO, also die Steigerung der R\u00fcstungsausgaben zahlreicher NATO-Mitgliedsstaaten bis zu einem Betrag von zwei Prozent des jeweiligen Bruttoinlandsprodukts.<\/p>\n<p>Jung bemerkte heute nach Angaben eines Insiders zu den vorgeblichen Pl\u00e4nen des Au\u00dfenministers :<\/p>\n<blockquote><p>Wissen Sie, wenn Herr Gabriel das ernst meint, muss man, denke ich, an seiner Eignung f\u00fcr die Position des deutschen Au\u00dfenministers ein bisschen zweifeln. Die\u00a0damalige Verabredung von Wales \u2013 und die haben die amerikanischen Freunde genau mit so beschlossen \u2013 ist die Ann\u00e4herung an das Ziel von zwei Prozent und dass hier wieder eine Steigerung und ein gr\u00f6\u00dferes Engagement gerade von Europa erfolgt. Und das ist, glaube ich, auch richtig. Denn wir m\u00fcssen hier als Europ\u00e4er schon einen anderen Beitrag leisten und nicht uns nur immer auf die Amerikaner verlassen. (&#8230;) Wissen Sie, wenn wir die Bundeswehr, denke ich, jetzt abziehen w\u00fcrden, dann w\u00fcssten\u00a0wir ja, denke ich, gar nicht, wo\u00a0wir die zus\u00e4tzlichen, die neuen Milliarden aus dem Verteidigungsbudget unterbringen sollten. Das w\u00fcrden die amerikanischen Freunde auch nicht verstehen.<\/p><\/blockquote>\n<p>Aus Kreisen der Friedensbewegung wurde Verwunderung \u00fcber Au\u00dfenminister Gabriel deutlich: nachdem er als Bundeswirtschaftsminister mit seiner <a href=\"http:\/\/www.aufschrei-waffenhandel.de\/28-10-2016-Aachener-Friedenspr.860.0.html\">hemmungslosen Genehmigung von Waffen- und Munitionsexporten an Kriegsparteien<\/a> die Konflikte angeheizt habe, sei die jetzige Ank\u00fcndigung des Abzugs der Bundeswehr kaum zu glauben.<\/p>\n<p><em>Von Stefanie Intveen, 1. April 2017<\/em><\/p>\n","protected":false},"excerpt":{"rendered":"<p>Berlin. Bundesau\u00dfenminister Sigmar Gabriel hat angek\u00fcndigt, die Bundeswehr innerhalb von zw\u00f6lf Monaten aus\u00a0dem Irak, Syrien und Mali abzuziehen. Das wurde am 1. April 2017\u00a0in\u00a0Berliner Sicherheitskreisen bekannt.<\/p>\n","protected":false},"author":110,"featured_media":0,"comment_status":"open","ping_status":"open","sticky":false,"template":"","format":"standard","meta":{"footnotes":""},"categories":[172],"tags":[70,68,49,48,47,37,41,71],"class_list":["post-10519","post","type-post","status-publish","format-standard","hentry","category-satire","tag-auslandseinsaetze-der-bundeswehr","tag-bundesregierung","tag-bundestag","tag-bundeswehr","tag-krieg-gegen-terror","tag-ruestungsexporte","tag-satire","tag-waffenhandel"],"_links":{"self":[{"href":"https:\/\/www.friedenkoeln.de\/index.php?rest_route=\/wp\/v2\/posts\/10519","targetHints":{"allow":["GET"]}}],"collection":[{"href":"https:\/\/www.friedenkoeln.de\/index.php?rest_route=\/wp\/v2\/posts"}],"about":[{"href":"https:\/\/www.friedenkoeln.de\/index.php?rest_route=\/wp\/v2\/types\/post"}],"author":[{"embeddable":true,"href":"https:\/\/www.friedenkoeln.de\/index.php?rest_route=\/wp\/v2\/users\/110"}],"replies":[{"embeddable":true,"href":"https:\/\/www.friedenkoeln.de\/index.php?rest_route=%2Fwp%2Fv2%2Fcomments&post=10519"}],"version-history":[{"count":5,"href":"https:\/\/www.friedenkoeln.de\/index.php?rest_route=\/wp\/v2\/posts\/10519\/revisions"}],"predecessor-version":[{"id":10524,"href":"https:\/\/www.friedenkoeln.de\/index.php?rest_route=\/wp\/v2\/posts\/10519\/revisions\/10524"}],"wp:attachment":[{"href":"https:\/\/www.friedenkoeln.de\/index.php?rest_route=%2Fwp%2Fv2%2Fmedia&parent=10519"}],"wp:term":[{"taxonomy":"category","embeddable":true,"href":"https:\/\/www.friedenkoeln.de\/index.php?rest_route=%2Fwp%2Fv2%2Fcategories&post=10519"},{"taxonomy":"post_tag","embeddable":true,"href":"https:\/\/www.friedenkoeln.de\/index.php?rest_route=%2Fwp%2Fv2%2Ftags&post=10519"}],"curies":[{"name":"wp","href":"https:\/\/api.w.org\/{rel}","templated":true}]}}