{"id":10527,"date":"2017-04-03T07:00:57","date_gmt":"2017-04-03T05:00:57","guid":{"rendered":"http:\/\/www.friedenkoeln.de\/?p=10527"},"modified":"2020-11-14T23:25:35","modified_gmt":"2020-11-14T21:25:35","slug":"soziologe-rolf-pohl-bundeswehr-baut-soldatenpersoenlichkeit-zu-kriegstauglichem-ich-um","status":"publish","type":"post","link":"https:\/\/www.friedenkoeln.de\/?p=10527","title":{"rendered":"Soziologe Rolf Pohl: Bundeswehr baut Soldatenpers\u00f6nlichkeit zu &#8222;kriegstauglichem Ich&#8220; um"},"content":{"rendered":"<p>Im Interview des K\u00f6lner Stadtanzeiger\u00a0am 2.4.2017 erl\u00e4utert der Soziologe Rolf Pohl, warum es bei der Bundeswehr h\u00e4ufig zu Gewaltakten, Dem\u00fctigungen oder sexuellen \u00dcbergriffen kommt. <!--more-->Er erkl\u00e4rt:<\/p>\n<blockquote><p>Beim Milit\u00e4r wird das zivile Ich einer Pers\u00f6nlichkeitsumwandlung unterzogen, damit ein militarisiertes und kriegstaugliches Ich aufgebaut werden kann. Das wird durch Regressionsvorg\u00e4nge und eine gewisse Infantilisierung erzielt. Au\u00dferdem m\u00fcssen die jungen Soldaten lernen, mit der Todesangst umzugehen.<\/p><\/blockquote>\n<p>Seiner Ansicht nach solle man\u00a0grundlegender \u00fcber das Verh\u00e4ltnis von Milit\u00e4r und Geschlecht und die damit verkn\u00fcpfte Idee einer vorherrschenden M\u00e4nnlichkeit nachdenken. Es m\u00fcsse viel h\u00e4ufiger Aufkl\u00e4rungskurse geben \u2013 allerdings lasse\u00a0sich eine andere Denkweise, weg von den traditionellen Mustern, nicht einfach antrainieren.<\/p>\n<p>Pohl\u00a0stellt weiterhin fest:<\/p>\n<blockquote><p>Au\u00dferdem steht die Transformation der Bundeswehr in eine weltweit operierende Interventionsarmee, mit der Bereitschaft Krieg zu f\u00fchren, einer wirksamen Aufkl\u00e4rung entgegen. Solange diese Entwicklung weitergeht, ist daher ein R\u00fcckgriff auf traditionelle kriegerische M\u00e4nnlichkeitsmuster wahrscheinlich. Ein wirksames Umdenken m\u00fcsste daher zuerst in der Politik anfangen.<\/p><\/blockquote>\n<p>Das vollst\u00e4ndige Interview ist <a href=\"http:\/\/www.ksta.de\/politik\/soziologe-rolf-pohl--militaerleben-verschaerft-sexualisierte-gruppendynamik--26295968\">hier<\/a>.<\/p>\n<div id=\"attachment_10176\" style=\"width: 188px\" class=\"wp-caption alignleft\"><img loading=\"lazy\" decoding=\"async\" aria-describedby=\"caption-attachment-10176\" class=\"size-full wp-image-10176\" src=\"http:\/\/www.friedenkoeln.de\/wp-content\/uploads\/2016\/12\/30.jpeg\" alt=\"\" width=\"178\" height=\"178\" srcset=\"https:\/\/www.friedenkoeln.de\/wp-content\/uploads\/2016\/12\/30.jpeg 178w, https:\/\/www.friedenkoeln.de\/wp-content\/uploads\/2016\/12\/30-150x150.jpeg 150w\" sizes=\"auto, (max-width: 178px) 100vw, 178px\" \/><p id=\"caption-attachment-10176\" class=\"wp-caption-text\">&#8222;War is not the answer&#8220;. Graffito in K\u00f6ln.<\/p><\/div>\n<p>Rolf Pohl war nach Angaben von <a href=\"https:\/\/de.wikipedia.org\/wiki\/Rolf_Pohl\">Wikipedia<\/a>\u00a0bis Februar 2017 Professor am Institut f\u00fcr Soziologie und Sozialpsychologie an der Gottfried Wilhelm Leibniz Universit\u00e4t Hannover. Er besch\u00e4ftigte sich mit\u00a0M\u00e4nnlichkeits- und Geschlechterforschung, Jugendforschung und politischer Psychologie, sowie psychoanalytischen und sozialpsychologischen Fragen zu NS-T\u00e4tern und ihren Verbrechen.<\/p>\n","protected":false},"excerpt":{"rendered":"<p>Im Interview des K\u00f6lner Stadtanzeiger\u00a0am 2.4.2017 erl\u00e4utert der Soziologe Rolf Pohl, warum es bei der Bundeswehr h\u00e4ufig zu Gewaltakten, Dem\u00fctigungen oder sexuellen \u00dcbergriffen kommt.<\/p>\n","protected":false},"author":110,"featured_media":0,"comment_status":"open","ping_status":"open","sticky":false,"template":"","format":"standard","meta":{"footnotes":""},"categories":[106],"tags":[70,48,5],"class_list":["post-10527","post","type-post","status-publish","format-standard","hentry","category-analyse","tag-auslandseinsaetze-der-bundeswehr","tag-bundeswehr","tag-kindersoldaten"],"_links":{"self":[{"href":"https:\/\/www.friedenkoeln.de\/index.php?rest_route=\/wp\/v2\/posts\/10527","targetHints":{"allow":["GET"]}}],"collection":[{"href":"https:\/\/www.friedenkoeln.de\/index.php?rest_route=\/wp\/v2\/posts"}],"about":[{"href":"https:\/\/www.friedenkoeln.de\/index.php?rest_route=\/wp\/v2\/types\/post"}],"author":[{"embeddable":true,"href":"https:\/\/www.friedenkoeln.de\/index.php?rest_route=\/wp\/v2\/users\/110"}],"replies":[{"embeddable":true,"href":"https:\/\/www.friedenkoeln.de\/index.php?rest_route=%2Fwp%2Fv2%2Fcomments&post=10527"}],"version-history":[{"count":5,"href":"https:\/\/www.friedenkoeln.de\/index.php?rest_route=\/wp\/v2\/posts\/10527\/revisions"}],"predecessor-version":[{"id":10532,"href":"https:\/\/www.friedenkoeln.de\/index.php?rest_route=\/wp\/v2\/posts\/10527\/revisions\/10532"}],"wp:attachment":[{"href":"https:\/\/www.friedenkoeln.de\/index.php?rest_route=%2Fwp%2Fv2%2Fmedia&parent=10527"}],"wp:term":[{"taxonomy":"category","embeddable":true,"href":"https:\/\/www.friedenkoeln.de\/index.php?rest_route=%2Fwp%2Fv2%2Fcategories&post=10527"},{"taxonomy":"post_tag","embeddable":true,"href":"https:\/\/www.friedenkoeln.de\/index.php?rest_route=%2Fwp%2Fv2%2Ftags&post=10527"}],"curies":[{"name":"wp","href":"https:\/\/api.w.org\/{rel}","templated":true}]}}