{"id":10535,"date":"2017-04-05T09:02:31","date_gmt":"2017-04-05T07:02:31","guid":{"rendered":"http:\/\/www.friedenkoeln.de\/?p=10535"},"modified":"2020-11-14T23:25:23","modified_gmt":"2020-11-14T21:25:23","slug":"nachlese-abzug-der-bundeswehr-leider-nur-ein-aprilscherz","status":"publish","type":"post","link":"https:\/\/www.friedenkoeln.de\/?p=10535","title":{"rendered":"Nachlese: Abzug der Bundeswehr leider nur ein Aprilscherz"},"content":{"rendered":"<p>Wie einige Leser*innen bereits richtig vermuteten, handelt es sich bei der Meldung vom 1. April 2017 \u00fcber den angeblich beschlossenen Abzug der Bundeswehr aus Irak, Syrien und Mali um einen Aprilscherz. Ich hoffe, dass der Text nicht allzuviel Unmut\u00a0gestiftet hat. Diejenigen, die ihn f\u00fcr bare M\u00fcnze gehalten haben, sollten sich nicht zu sehr gr\u00e4men, denn <!--more-->viele Passagen in dem Beitrag beruhen auf Fakten. Beispielsweise habe ich nicht erfunden, dass der ehemalige<\/p>\n<div id=\"attachment_9260\" style=\"width: 475px\" class=\"wp-caption alignright\"><img loading=\"lazy\" decoding=\"async\" aria-describedby=\"caption-attachment-9260\" class=\" wp-image-9260\" src=\"http:\/\/www.friedenkoeln.de\/wp-content\/uploads\/2016\/04\/bild-dfg-1024x588.jpg\" alt=\"\" width=\"465\" height=\"267\" srcset=\"https:\/\/www.friedenkoeln.de\/wp-content\/uploads\/2016\/04\/bild-dfg-1024x588.jpg 1024w, https:\/\/www.friedenkoeln.de\/wp-content\/uploads\/2016\/04\/bild-dfg.jpg 2048w\" sizes=\"auto, (max-width: 465px) 100vw, 465px\" \/><p id=\"caption-attachment-9260\" class=\"wp-caption-text\">Demonstration gegen Bundeswehreinsatz in Syrien 2016 in K\u00f6ln<\/p><\/div>\n<p>Verteidigungsminister Franz-Josef Jung, der im Deutschlandfunk-Interview die Aufr\u00fcstung lobte, im Mai in den Aufsichtsrat des R\u00fcstungskonzerns Rheinmetall AG berufen werden soll.<\/p>\n<p>Carsten Weikamp von den NachDenkSeiten hatte \u00fcbrigens am selben Tag eine ebenso hoffnungsvolle wie (bitter-)scherzhafte Meldung dar\u00fcber ver\u00f6ffentlicht, dass <a href=\"http:\/\/www.nachdenkseiten.de\/?p=37653\">Martin Schulz den US-Milit\u00e4rflughaften Ramstein schlie\u00dfen<\/a> wolle. Hier ist sein\u00a0<a href=\"http:\/\/www.nachdenkseiten.de\/?p=37667#more-37667\">Dementi<\/a>.<\/p>\n<p><em>Stefanie Intveen<\/em><\/p>\n","protected":false},"excerpt":{"rendered":"<p>Wie einige Leser*innen bereits richtig vermuteten, handelt es sich bei der Meldung vom 1. April 2017 \u00fcber den angeblich beschlossenen Abzug der Bundeswehr aus Irak, Syrien und Mali um einen Aprilscherz. Ich hoffe, dass&#46;&#46;&#46;<\/p>\n","protected":false},"author":110,"featured_media":0,"comment_status":"open","ping_status":"open","sticky":false,"template":"","format":"standard","meta":{"footnotes":""},"categories":[172],"tags":[42,70,68,48,39,47,77,37,41,71],"class_list":["post-10535","post","type-post","status-publish","format-standard","hentry","category-satire","tag-abruestung","tag-auslandseinsaetze-der-bundeswehr","tag-bundesregierung","tag-bundeswehr","tag-kampfdrohnen","tag-krieg-gegen-terror","tag-militaerisch-industrieller-komplex","tag-ruestungsexporte","tag-satire","tag-waffenhandel"],"_links":{"self":[{"href":"https:\/\/www.friedenkoeln.de\/index.php?rest_route=\/wp\/v2\/posts\/10535","targetHints":{"allow":["GET"]}}],"collection":[{"href":"https:\/\/www.friedenkoeln.de\/index.php?rest_route=\/wp\/v2\/posts"}],"about":[{"href":"https:\/\/www.friedenkoeln.de\/index.php?rest_route=\/wp\/v2\/types\/post"}],"author":[{"embeddable":true,"href":"https:\/\/www.friedenkoeln.de\/index.php?rest_route=\/wp\/v2\/users\/110"}],"replies":[{"embeddable":true,"href":"https:\/\/www.friedenkoeln.de\/index.php?rest_route=%2Fwp%2Fv2%2Fcomments&post=10535"}],"version-history":[{"count":2,"href":"https:\/\/www.friedenkoeln.de\/index.php?rest_route=\/wp\/v2\/posts\/10535\/revisions"}],"predecessor-version":[{"id":10537,"href":"https:\/\/www.friedenkoeln.de\/index.php?rest_route=\/wp\/v2\/posts\/10535\/revisions\/10537"}],"wp:attachment":[{"href":"https:\/\/www.friedenkoeln.de\/index.php?rest_route=%2Fwp%2Fv2%2Fmedia&parent=10535"}],"wp:term":[{"taxonomy":"category","embeddable":true,"href":"https:\/\/www.friedenkoeln.de\/index.php?rest_route=%2Fwp%2Fv2%2Fcategories&post=10535"},{"taxonomy":"post_tag","embeddable":true,"href":"https:\/\/www.friedenkoeln.de\/index.php?rest_route=%2Fwp%2Fv2%2Ftags&post=10535"}],"curies":[{"name":"wp","href":"https:\/\/api.w.org\/{rel}","templated":true}]}}