{"id":10656,"date":"2017-04-17T13:00:20","date_gmt":"2017-04-17T11:00:20","guid":{"rendered":"http:\/\/www.friedenkoeln.de\/?p=10656"},"modified":"2020-11-14T23:24:54","modified_gmt":"2020-11-14T21:24:54","slug":"kritische-soldaten-kurz-vor-zwoelf-abruestung-der-atomwaffen-dringend-erforderlich","status":"publish","type":"post","link":"https:\/\/www.friedenkoeln.de\/?p=10656","title":{"rendered":"Kritische Soldaten: Kurz vor Zw\u00f6lf &#8211; Abr\u00fcstung der Atomwaffen dringend erforderlich"},"content":{"rendered":"<p>Der <a href=\"http:\/\/www.darmstaedter-signal.de\">Arbeitskreis Darmst\u00e4dter Signal &#8211; die kritischen Soldaten<\/a>\u00a0fordert in seiner heutigen Pressemitteilung\u00a0eine neue R\u00fcstungskontrolle und die Abr\u00fcstung von Nuklearwaffen. Die Bundeswehrsoldaten bedauern, dass sich Deutschland nicht an den UN-Verhandlungen von rund 130 Staaten \u00fcber die weltweite \u00c4chtung von Atomwaffen <!--more-->beteiligt.\u00a0Es folgt der vollst\u00e4ndige Text vom 17.4.2017:<\/p>\n<p>&#8222;Der Arbeitskreis Darmst\u00e4dter Signal, ein Zusammenschluss aktiver und ehemaliger Bundeswehrangeh\u00f6riger, sieht gro\u00dfe Gefahren f\u00fcr die internationale Sicherheit und den Frieden in Europa in den derzeitigen atomaren Modernisierungs- und Aufr\u00fcstungsprogrammen, die von den USA und Russland durchgef\u00fchrt und geplant werden.<\/p>\n<p>Unter dem Thema \u201eKurz vor Zw\u00f6lf: Raketenabwehr und Nuklearwaffenentwicklung in Europa\u201c diskutierten die kritischen Soldaten bei ihrem 97. Seminar in W\u00fcrzburg mit Wissenschaftlern \u00fcber unterschiedliche sicherheitspolitische Aspekte der historischen und aktuellen Atomwaffenprogramme. Wichtigste Erkenntnis waren die Lehren aus dem Kalten Krieg, in dem trotz ihrer Feindschaft beide Bl\u00f6cke aus eigenem nationalen Interesse R\u00fcstungskontroll- und Abr\u00fcstungsvertr\u00e4ge umsetzen konnten.<\/p>\n<p>Besondere Sorge bereitet den kritischen Soldaten, dass sich die Beziehungen zwischen den USA und Russland seit geraumer Zeit massiv verschlechtert haben und das sicherheitspolitisch besonders wichtige gegenseitige Vertrauen verloren ging. Aus deutscher Sicht ist dringend ein Einwirken auf die USA und Russland erforderlich, damit die Regierungen beider Staaten wieder auf Transparenz, Berechenbarkeit und R\u00fcstungskontrolle setzen. Mit realen oder als Bedrohungsszenarien wahrgenommenen Atomkriegspl\u00e4nen und -szenarien l\u00e4sst sich keine Sicherheit schaffen, wohl aber Rechtfertigungen f\u00fcr extrem teure und zweifelhafte Aufr\u00fcstungsprogramme.<\/p>\n<p>Hingewiesen wurde auch auf Gefahren, die bereits nach der Aufk\u00fcndigung des Vertrags \u00fcber die Begrenzung von Raketenabwehrsystemen (ABM) durch die USA im Jahr 2002 entstanden und die bei einem m\u00f6glichen Scheitern des INF-Vertrags drastisch versch\u00e4rft w\u00fcrden. Mit dem INF-Vertrag wurden 1987 bekanntlich die atomaren Mittelstreckenraketen verboten und am Ende der 80er Jahre die Gefahr eines Atomkriegs in Europa gebannt.<\/p>\n<p>Das derzeit laufende Modernisierungsprogramm betrifft auch die im deutschen B\u00fcchel verbliebenen US-Atomwaffen, deren Zielgenauigkeit und Einsatzf\u00e4higkeit verbessert werden soll, ohne dass bisher in der NATO Einigkeit \u00fcber Sinn und Zweck ihres Einsatzes bestehe. Die kritischen Soldaten bedauern, dass sich Deutschland, das sich in der Vergangenheit mehrfach f\u00fcr die Abschaffung von Atomwaffen ausgesprochen hatte, nicht an den aktuellen UN-Verhandlungen von rund 130 Staaten, also 2\/3 der Weltgemeinschaft, \u00fcber die weltweite \u00c4chtung von Atomwaffen beteiligt.&#8220;<\/p>\n<p><img decoding=\"async\" class=\"aligncenter\" src=\"blob:http:\/\/www.friedenkoeln.de\/dc93c533-2f5e-4b7e-8965-a70246ce7603\" \/><\/p>\n<p>Vorstand:<br \/>\nHauptmann Florian Kling (Sprecher)<br \/>\nC3 24, 68159 Mannheim<br \/>\nTel: 0176-70938410<br \/>\n<a href=\"mailto:FlorianKling@Darmstaedter-Signal.de\">FlorianKling@Darmstaedter-Signal.de<\/a><br \/>\nOberstleutnant a.D. J\u00fcrgen Rose<br \/>\nMajor a.D. Florian Pfaff<br \/>\nStabsfeldwebel Holger H\u00fcttel<br \/>\nHauptfeldwebel Eric Giesel<\/p>\n","protected":false},"excerpt":{"rendered":"<p>Der Arbeitskreis Darmst\u00e4dter Signal &#8211; die kritischen Soldaten\u00a0fordert in seiner heutigen Pressemitteilung\u00a0eine neue R\u00fcstungskontrolle und die Abr\u00fcstung von Nuklearwaffen. Die Bundeswehrsoldaten bedauern, dass sich Deutschland nicht an den UN-Verhandlungen von rund 130 Staaten \u00fcber&#46;&#46;&#46;<\/p>\n","protected":false},"author":110,"featured_media":0,"comment_status":"open","ping_status":"open","sticky":false,"template":"","format":"standard","meta":{"footnotes":""},"categories":[107],"tags":[42,33,68,48,74,45,31,77,73],"class_list":["post-10656","post","type-post","status-publish","format-standard","hentry","category-kommentar","tag-abruestung","tag-atomwaffen","tag-bundesregierung","tag-bundeswehr","tag-eu","tag-geschichte","tag-konferenzen","tag-militaerisch-industrieller-komplex","tag-vereinte-nationen"],"_links":{"self":[{"href":"https:\/\/www.friedenkoeln.de\/index.php?rest_route=\/wp\/v2\/posts\/10656","targetHints":{"allow":["GET"]}}],"collection":[{"href":"https:\/\/www.friedenkoeln.de\/index.php?rest_route=\/wp\/v2\/posts"}],"about":[{"href":"https:\/\/www.friedenkoeln.de\/index.php?rest_route=\/wp\/v2\/types\/post"}],"author":[{"embeddable":true,"href":"https:\/\/www.friedenkoeln.de\/index.php?rest_route=\/wp\/v2\/users\/110"}],"replies":[{"embeddable":true,"href":"https:\/\/www.friedenkoeln.de\/index.php?rest_route=%2Fwp%2Fv2%2Fcomments&post=10656"}],"version-history":[{"count":4,"href":"https:\/\/www.friedenkoeln.de\/index.php?rest_route=\/wp\/v2\/posts\/10656\/revisions"}],"predecessor-version":[{"id":10660,"href":"https:\/\/www.friedenkoeln.de\/index.php?rest_route=\/wp\/v2\/posts\/10656\/revisions\/10660"}],"wp:attachment":[{"href":"https:\/\/www.friedenkoeln.de\/index.php?rest_route=%2Fwp%2Fv2%2Fmedia&parent=10656"}],"wp:term":[{"taxonomy":"category","embeddable":true,"href":"https:\/\/www.friedenkoeln.de\/index.php?rest_route=%2Fwp%2Fv2%2Fcategories&post=10656"},{"taxonomy":"post_tag","embeddable":true,"href":"https:\/\/www.friedenkoeln.de\/index.php?rest_route=%2Fwp%2Fv2%2Ftags&post=10656"}],"curies":[{"name":"wp","href":"https:\/\/api.w.org\/{rel}","templated":true}]}}