{"id":10682,"date":"2017-04-26T17:37:52","date_gmt":"2017-04-26T15:37:52","guid":{"rendered":"http:\/\/www.friedenkoeln.de\/?p=10682"},"modified":"2017-04-27T19:38:28","modified_gmt":"2017-04-27T17:38:28","slug":"ostermarsch-nachlese-wir-wollen-ein-friedensland-nrw","status":"publish","type":"post","link":"https:\/\/www.friedenkoeln.de\/?p=10682","title":{"rendered":"Ostermarsch-Nachlese: Wir wollen ein Friedensland NRW!"},"content":{"rendered":"<p>Michael S\u00fcnner vom Landesarbeitsausschuss der DFG-VK NRW, forderte\u00a0bei der Auftaktkundgebung zum Ostermarsch am 15. April 2017 in K\u00f6ln die Politik auf, Nordrhein-Westfalen als Land des Friedens weiterzuentwickeln. Er wies darauf hin, dass sogar die Verfassung des Bundeslandes in Artikel 7 eine Erziehung zur Friedensgesinnung <!--more-->verlange. \u00a0Au\u00dferdem werde in mehreren Friedensbildungswerken und Institutionen wie dem Forum Ziviler Friedensdienst schon hauptberuflich f\u00fcr zivile Konfliktl\u00f6sung gearbeitet. Hier sei Frieden keine Utopie mehr! Hier ist der volle Wortlaut der Rede (kursiv gesetzte Teile wurden nicht vorgetragen):<\/p>\n<p>Liebe Friedensfreundinnen und \u2013freunde,<\/p>\n<p>wir haben bei der letzten Landeskonferenz der Deutschen Friedensgesellschaft eine Diskussion mit Landespolitikern \u00fcber das Friedensland NRW gestartet, die jetzt im Landtagswahlkampf einen H\u00f6hepunkt erreicht und in der wir Euch auffordern, mit<\/p>\n<div id=\"attachment_10685\" style=\"width: 360px\" class=\"wp-caption alignleft\"><img loading=\"lazy\" decoding=\"async\" aria-describedby=\"caption-attachment-10685\" class=\" wp-image-10685\" src=\"http:\/\/www.friedenkoeln.de\/wp-content\/uploads\/2017\/04\/20170415-_DSC2277-1024x683.jpeg\" alt=\"\" width=\"350\" height=\"233\" srcset=\"https:\/\/www.friedenkoeln.de\/wp-content\/uploads\/2017\/04\/20170415-_DSC2277-1024x683.jpeg 1024w, https:\/\/www.friedenkoeln.de\/wp-content\/uploads\/2017\/04\/20170415-_DSC2277-768x512.jpeg 768w, https:\/\/www.friedenkoeln.de\/wp-content\/uploads\/2017\/04\/20170415-_DSC2277.jpeg 1280w\" sizes=\"auto, (max-width: 350px) 100vw, 350px\" \/><p id=\"caption-attachment-10685\" class=\"wp-caption-text\">Michael S\u00fcnner am 15.4.2017 in K\u00f6ln. Foto: Herbert Sauerwein<\/p><\/div>\n<p>Euren Landtagskandidaten diese Diskussion fortzusetzen:<\/p>\n<p>Friedensland NRW bedeutet zun\u00e4chst einmal, dass die hier lebenden Menschen z. B. durch St\u00e4dtepartnerschaften mit vielen Menschen in anderen L\u00e4ndern und Kontinenten freundschaftlich verbunden sind.<\/p>\n<p><em>(Ich wei\u00df z. B., dass in der Zuspitzung der Krise zwischen Europa und Russland sowohl Menschen in K\u00f6ln wie auch in Wolgograd entschieden f\u00fcr den Frieden eintreten und dort wie hier ausrufen: wir wollen keine milit\u00e4rische Auseinandersetzung, wir wollen zivile Konfliktl\u00f6sungen.)<\/em><\/p>\n<p>Auch durch vielf\u00e4ltige Handelsbeziehungen ist NRW mit vielen L\u00e4ndern auf der ganzen Welt im friedlichen Kontakt.<\/p>\n<p>Zuwanderer haben mit ihrer Sprache und Kultur unser Land bereichert und verwandtschaftliche Bindungen sind Br\u00fccken in viele L\u00e4nder der Erde.<\/p>\n<p>Aber leider ist NRW auch ein Land der Kriegsvorbereitung und Kriegsf\u00fchrung durch die R\u00fcstungsindustrie und die Milit\u00e4rs:<\/p>\n<p>Mit Rheinmetall in D\u00fcsseldorf und Thyssen Krupp in Essen sind hier zwei der gr\u00f6\u00dften deutschen R\u00fcstungskonzerne beheimatet.<\/p>\n<p>Gestern war bereits ein erster Teil des Ostermarsches in Gronau, wo die Firma Urenco die einzige Urananreicherungsanlage in Deutschland betreibt. Von dort werden nicht nur immer noch zahlreiche Atomkraftwerke auch in unseren Nachbarl\u00e4ndern mit Brennstoff beliefert, sondern deren Technologie kann auch zur Herstellung von Atombomben dienen.<\/p>\n<p>Die Bundeswehr unterh\u00e4lt die Luftwaffenkommandozentrale in Kalkar am Niederrhein von der die Eins\u00e4tze in Syrien, Afghanistan, Mali und \u00fcber dem Baltikum gesteuert werden.<\/p>\n<p>Gef\u00e4hrlich sind auch die Eurofighter-Basis in N\u00f6rvenich, der AWACS-St\u00fctzpunkt in Geilenkirchen und die Luftwaffenzentrale in K\u00f6ln-Wahn.<\/p>\n<p>In Augustdorf im Lipperland ist die Panzerbrigade 21 stationiert. Deren Soldaten f\u00fchrten in Afghanistan Krieg und sind auch an anderen Auslandseins\u00e4tzen der Bundeswehr beteiligt.<\/p>\n<p>Sie trainieren auf dem Truppen\u00fcbungsplatz in der Naturlandschaft Senne zusammen mit den Soldaten der britischen Armee ihre Kriegseins\u00e4tze.<\/p>\n<p>In M\u00fcnster befindet sich die Zentrale des Deutsch-Niederl\u00e4ndische Korps. Es stellt im Wechsel mit anderen die schnelle Eingreiftruppe der NATO, ein zentrales Element in der Konfrontation mit Russland.<\/p>\n<p>Wir wollen aber kein Kriegsland NRW &#8211; wir wollen ein Friedensland zwischen Rhein und Weser:<\/p>\n<p>Dazu m\u00fcssen die Milit\u00e4rstandorte geschlossen und f\u00fcr die Besch\u00e4ftigten durch Konversionsprogramme der Landesregierung neue Perspektiven er\u00f6ffnet werden.<\/p>\n<p>So kann die Landesregierung fr\u00fchzeitig damit beginnen, Gelder zur Umwandlung eines milit\u00e4rischen in einen zivilen Standort bereit zu stellen, was es in anderen Bundesl\u00e4ndern bereits gibt.<\/p>\n<p>Die Landesregierung kann auch einen Nationalpark Senne unter Einbeziehung des dortigen Truppen\u00fcbungsplatzes einrichten, wenn die britische Armee in den n\u00e4chsten Jahren abgezogen ist,\u00a0so wie es von der dortigen Bev\u00f6lkerung und den Naturschutzverb\u00e4nden gefordert wird und\u00a0sie braucht sich nicht den Begehrlichkeiten der Bundeswehr beugen.<\/p>\n<p>Au\u00dferdem fordern wir die R\u00fccknahme der Betriebsgenehmigung f\u00fcr die Urananreicherungsanlage der Urenco in Gronau, auch, damit in Deutschland keine Atombombe produziert werden kann.<\/p>\n<p><em>(Das Land NRW darf die heimische Wirtschaft mit finanziellen sowie Beratungs- und Serviceleistungen nur noch f\u00fcr zivile Zwecke unterst\u00fctzen mit der Bedingung, dass keine milit\u00e4rischen und R\u00fcstungsunternehmen beteiligt sind.)<\/em><\/p>\n<p>Ein weiteres wesentliches Feld der Landespolitik ist die Bildung:<\/p>\n<p>Wir fordern die R\u00fccknahme bzw. K\u00fcndigung der Kooperation mit der<br \/>\nBundeswehr f\u00fcr das Werben an Schulen f\u00fcrs T\u00f6ten und Sterben.<\/p>\n<p>Wir fordern den Ausbau der friedenspolitischen Bildung, wie es in Artikel 7 der Landesverfassung steht: \u201eErziehung &#8230; zur V\u00f6lkergemeinschaft und Friedensgesinnung.\u201c<\/p>\n<p>Dazu geh\u00f6rt auch eine st\u00e4rkere F\u00f6rderung der Friedensbildungswerke in NRW, wie z. B. das der Deutschen Friedensgesellschaft in Dortmund, des Friedensbildungswerks K\u00f6ln,\u00a0des Forums Ziviler Friedensdienst in K\u00f6ln und des Bundes f\u00fcr Soziale Verteidigung in Minden.<\/p>\n<p>Hier ist Frieden keine Utopie mehr, sondern hier wird schon hauptberuflich f\u00fcr zivile Konfliktl\u00f6sung gearbeitet! Es brauchte nur noch erheblich mehr staatliche finanzielle F\u00f6rderung!<\/p>\n<p>Der Landtag hat 2014 eine Zivilklausel im Hochschulgesetz beschlossen. Hier unterst\u00fctzen wir den Arbeitskreis Zivilklausel bei der Forderung an unsere K\u00f6lner wie auch an anderen Unis nach der Offenlegung von Projekten und Mitteln, die der Zusammenarbeit mit Bundeswehr und R\u00fcstungswirtschaft dienen.<\/p>\n<p>Bildung muss zuerst und in allen Bereichen zivil werden und bleiben!<\/p>\n<p>Nun noch kurz ein paar S\u00e4tze zu unseren Nachbarl\u00e4ndern Rheinland Pfalz, Belgien und Niederlande, wo in ca. 80 bis 100 km Entfernung von uns US-amerikanische Atombomben auf den Fliegerhorsten der Bundeswehr und der anderen NATO-Staaten in B\u00fcchel, in Kleine Brogel und in Volkel gelagert sind:<\/p>\n<p>Sie sind eine gro\u00dfe Bedrohung f\u00fcr uns hier in NRW und f\u00fcr den Frieden auf der Welt.<\/p>\n<p>Leider nimmt die Bundesregierung trotz des Bundestagsbeschlusses bereits von 2010 nicht teil an den derzeitigen Verhandlungen \u00fcber ein weltweites Atomwaffenverbot, wie es das zu chemischen und biologischen Waffen bereits gibt.<\/p>\n<p>Um so mehr freuen wir uns \u00fcber ein Gru\u00dfwort unserer Oberb\u00fcrgermeisterin<\/p>\n<div id=\"attachment_10483\" style=\"width: 274px\" class=\"wp-caption alignleft\"><img loading=\"lazy\" decoding=\"async\" aria-describedby=\"caption-attachment-10483\" class=\" wp-image-10483\" src=\"http:\/\/www.friedenkoeln.de\/wp-content\/uploads\/2017\/03\/IMG_20160708_111037-e1490542251820-1024x691.jpg\" alt=\"\" width=\"264\" height=\"179\" srcset=\"https:\/\/www.friedenkoeln.de\/wp-content\/uploads\/2017\/03\/IMG_20160708_111037-e1490542251820-1024x691.jpg 1024w, https:\/\/www.friedenkoeln.de\/wp-content\/uploads\/2017\/03\/IMG_20160708_111037-e1490542251820-768x518.jpg 768w\" sizes=\"auto, (max-width: 264px) 100vw, 264px\" \/><p id=\"caption-attachment-10483\" class=\"wp-caption-text\">Flagge der Mayors for Peace vor dem Rathausturm K\u00f6ln. 8.7.2016. Foto: Stefanie Intveen<\/p><\/div>\n<p>Henriette Reker, das wir bei unseren Protesten zum Auftakt der<\/p>\n<p>Aktionswochen f\u00fcr eine Atomwaffenfreie Welt am 26.\/27. M\u00e4rz vor den Blockaden des Fliegerhorstes in B\u00fcchel in der Eifel in der Reihe vieler anderer B\u00fcrgermeister f\u00fcr den Frieden vortragen konnten. Ich zitiere hier noch mal, was in der Zeitung bereits zu lesen war:<\/p>\n<blockquote><p>Als B\u00fcrgermeisterin f\u00fcr den Frieden \u2013 Mayor for Peace \u2013 setze ich mich daf\u00fcr ein, Atomwaffen weltweit abzuschaffen, insbesondere auch die Atombomben beim Jagdbombergeschwader 33 aus B\u00fcchel abzuziehen.<\/p>\n<p>Massenvernichtungswaffen richten sich vor allem gegen Zivilsten, ihr Einsatz ist ein Verbrechen gegen die Menschheit. Daher w\u00fcnsche ich den UN-Verhandlungen f\u00fcr ein Atomwaffenverbot, die am 27.M\u00e4rz 2017 in New York beginnen, viel Erfolg und der Auftaktveranstaltung zu 20 Wochen Aktionspr\u00e4senz in B\u00fcchel einen guten Verlauf.<\/p>\n<p>Henriette Reker Oberb\u00fcrgermeisterin der Stadt K\u00f6ln<\/p><\/blockquote>\n<p>Wir fordern von der Bundesregierung:<\/p>\n<p>Stopp der nuklearen Aufr\u00fcstung in Deutschland!<\/p>\n<p>Abzug der Atomwaffen aus B\u00fcchel!<\/p>\n<p>Verbot aller Atomwaffen!<\/p>\n<p>Zum Schluss lade ich ein, mit all diesen Forderungen auf unserer FriedensFahrradTour mit durch unser Land NRW zu fahren.<\/p>\n<p>Ich bitte unsere gemeinsamen Forderungen in den Listen hier zu unterschreiben und mit den Kandidaten f\u00fcr die anstehenden Wahlen zu diskutieren.<\/p>\n<p>Kommt mit, heute und in den n\u00e4chsten Tagen zu den Osterm\u00e4rschen in D\u00fcsseldorf, Essen, Bochum, Dortmund und in Bonn und in B\u00fcchel.<\/p>\n<p>Ich danke f\u00fcrs Zuh\u00f6ren!<\/p>\n","protected":false},"excerpt":{"rendered":"<p>Michael S\u00fcnner vom Landesarbeitsausschuss der DFG-VK NRW, forderte\u00a0bei der Auftaktkundgebung zum Ostermarsch am 15. April 2017 in K\u00f6ln die Politik auf, Nordrhein-Westfalen als Land des Friedens weiterzuentwickeln. Er wies darauf hin, dass sogar die&#46;&#46;&#46;<\/p>\n","protected":false},"author":110,"featured_media":0,"comment_status":"open","ping_status":"open","sticky":false,"template":"","format":"standard","meta":{"footnotes":""},"categories":[2],"tags":[42,33,70,68,48,38,40,56,75,77,3,65,73],"class_list":["post-10682","post","type-post","status-publish","format-standard","hentry","category-aktionen","tag-abruestung","tag-atomwaffen","tag-auslandseinsaetze-der-bundeswehr","tag-bundesregierung","tag-bundeswehr","tag-bundeswehr-und-schule","tag-demokratie","tag-konversion","tag-landtag","tag-militaerisch-industrieller-komplex","tag-pazifismus","tag-schule","tag-vereinte-nationen"],"_links":{"self":[{"href":"https:\/\/www.friedenkoeln.de\/index.php?rest_route=\/wp\/v2\/posts\/10682","targetHints":{"allow":["GET"]}}],"collection":[{"href":"https:\/\/www.friedenkoeln.de\/index.php?rest_route=\/wp\/v2\/posts"}],"about":[{"href":"https:\/\/www.friedenkoeln.de\/index.php?rest_route=\/wp\/v2\/types\/post"}],"author":[{"embeddable":true,"href":"https:\/\/www.friedenkoeln.de\/index.php?rest_route=\/wp\/v2\/users\/110"}],"replies":[{"embeddable":true,"href":"https:\/\/www.friedenkoeln.de\/index.php?rest_route=%2Fwp%2Fv2%2Fcomments&post=10682"}],"version-history":[{"count":4,"href":"https:\/\/www.friedenkoeln.de\/index.php?rest_route=\/wp\/v2\/posts\/10682\/revisions"}],"predecessor-version":[{"id":10687,"href":"https:\/\/www.friedenkoeln.de\/index.php?rest_route=\/wp\/v2\/posts\/10682\/revisions\/10687"}],"wp:attachment":[{"href":"https:\/\/www.friedenkoeln.de\/index.php?rest_route=%2Fwp%2Fv2%2Fmedia&parent=10682"}],"wp:term":[{"taxonomy":"category","embeddable":true,"href":"https:\/\/www.friedenkoeln.de\/index.php?rest_route=%2Fwp%2Fv2%2Fcategories&post=10682"},{"taxonomy":"post_tag","embeddable":true,"href":"https:\/\/www.friedenkoeln.de\/index.php?rest_route=%2Fwp%2Fv2%2Ftags&post=10682"}],"curies":[{"name":"wp","href":"https:\/\/api.w.org\/{rel}","templated":true}]}}