{"id":10691,"date":"2017-04-29T19:54:36","date_gmt":"2017-04-29T17:54:36","guid":{"rendered":"http:\/\/www.friedenkoeln.de\/?p=10691"},"modified":"2020-11-14T23:24:28","modified_gmt":"2020-11-14T21:24:28","slug":"drohnenkrieg-us-dokumentation-ab-mai-im-kino-deutsche-mit-verantwortung","status":"publish","type":"post","link":"https:\/\/www.friedenkoeln.de\/?p=10691","title":{"rendered":"Drohnenkrieg: US-Dokumentation ab Mai im Kino. Deutsche (Mit-)Verantwortung"},"content":{"rendered":"<div class=\"\">Im\u00a0Mai 2017 l\u00e4uft der Whistleblower-Film\u00a0\u201eNational Bird &#8211; Wohin geht die Reise, Amerika?\u201c im englischen Original mit deutschen Untertiteln in deutschen Kinos. Zu den Produzenten geh\u00f6ren Wim Wenders und Errol Morris; Regie f\u00fchrte Sonia Kennebeck. Der <a href=\"http:\/\/nationalbird-derfilm.de\/inhalt.html\">Film <\/a><\/div>\n<p><!--more--><\/p>\n<blockquote>\n<div class=\"\">begleitet Menschen, die entschlossen sind, das Schweigen \u00fcber eine der umstrittensten milit\u00e4rischen Ma\u00dfnahmen der j\u00fcngeren Zeit zu brechen: Den geheimen Drohnenkrieg der USA.<\/div>\n<div class=\"\"><\/div>\n<div class=\"\">Im Zentrum des Films stehen drei Kriegsveteranen der US-Air-Force, die in unterschiedlichen Funktionen selbst an diesem Krieg beteiligt waren. Ihre Mitschuld an der T\u00f6tung Unbekannter \u2013 und m\u00f6glicherweise Unschuldiger \u2013 auf weit entfernten Kriegsschaupl\u00e4tzen l\u00e4sst sie nicht zur Ruhe kommen.<\/div>\n<div class=\"\"><\/div>\n<div class=\"\">Schlie\u00dflich gehen sie an die \u00d6ffentlichkeit \u2013 ohne R\u00fccksicht auf m\u00f6gliche Konsequenzen. Im Verlauf des Films nehmen ihre Geschichten dramatische Wendungen: so f\u00e4hrt eine der Protagonistinnen selbst nach Afghanistan, wo sie mit einem grauenhaften Vorfall und dessen Opfern konfrontiert wird. Doch ihre Reise bietet auch Anlass f\u00fcr Frieden und Vers\u00f6hnung.<\/div>\n<\/blockquote>\n<div class=\"\">\n<p>Der Film ist mit umfangreichem\u00a0<a href=\"http:\/\/nationalbird-derfilm.de\/media\/pdf\/schulmaterial\/national_bird_Schulmaterial.pdf\">Material f\u00fcr den Schulunterricht<\/a> (ab Klasse 10) ausgestattet.<\/p>\n<\/div>\n<div class=\"\">\n<div id=\"attachment_10701\" style=\"width: 492px\" class=\"wp-caption alignright\"><img loading=\"lazy\" decoding=\"async\" aria-describedby=\"caption-attachment-10701\" class=\" wp-image-10701\" src=\"http:\/\/www.friedenkoeln.de\/wp-content\/uploads\/2017\/04\/CODEPINK-against-Drones-in-Pakistan-1024x638.jpg\" alt=\"\" width=\"482\" height=\"300\" srcset=\"https:\/\/www.friedenkoeln.de\/wp-content\/uploads\/2017\/04\/CODEPINK-against-Drones-in-Pakistan-1024x638.jpg 1024w, https:\/\/www.friedenkoeln.de\/wp-content\/uploads\/2017\/04\/CODEPINK-against-Drones-in-Pakistan-768x478.jpg 768w, https:\/\/www.friedenkoeln.de\/wp-content\/uploads\/2017\/04\/CODEPINK-against-Drones-in-Pakistan-80x50.jpg 80w, https:\/\/www.friedenkoeln.de\/wp-content\/uploads\/2017\/04\/CODEPINK-against-Drones-in-Pakistan.jpg 1565w\" sizes=\"auto, (max-width: 482px) 100vw, 482px\" \/><p id=\"caption-attachment-10701\" class=\"wp-caption-text\">US-Friedensaktivist*innen und pakistanische Familien protestieren gemeinsam gegen Drohnenkrieg in Pakistan<\/p><\/div>\n<p>Die <a href=\"https:\/\/netzpolitik.org\/2016\/kampfdrohnen-der-bundeswehr-verteidigungsministerium-haelt-hintertueren-in-israelischer-verschluesselung-fuer-moeglich\/\">Bundesregierung hat beschlossen, Kampfdrohnen &#8222;HERON TP&#8220;<\/a> der israelischen Firma Israel Aerospace Industries anzuschaffen, wie Matthias Monroy am 5. Oktober 2016 auf Netzpolitik.org berichtete. Gegen die Entscheidung hat\u00a0der US-amerikanische Konkurrent\u00a0General Atomics Klage erhoben; das Oberlandesgericht D\u00fcsseldorf wird voraussichtlich am 31. Mai 2017 ein abschlie\u00dfendes Urteil dazu f\u00e4llen.<\/p>\n<\/div>\n<div class=\"\">Die Juristen der IALANA Deutschland &#8211; Vereinigung f\u00fcr Friedensrecht haben umfangreiches Material zur <a href=\"http:\/\/ialana.de\/arbeitsfelder\/frieden-durch-recht\/neue-formen-der-kriegsfuehrung-und-voelkerrecht\/drohnen-und-gezielte-toetungen\">deutschen (Mit-)Verantwortung f\u00fcr den Drohnenkrieg<\/a> zusammengetragen.<\/div>\n","protected":false},"excerpt":{"rendered":"<p>Im\u00a0Mai 2017 l\u00e4uft der Whistleblower-Film\u00a0\u201eNational Bird &#8211; Wohin geht die Reise, Amerika?\u201c im englischen Original mit deutschen Untertiteln in deutschen Kinos. Zu den Produzenten geh\u00f6ren Wim Wenders und Errol Morris; Regie f\u00fchrte Sonia Kennebeck.&#46;&#46;&#46;<\/p>\n","protected":false},"author":110,"featured_media":0,"comment_status":"open","ping_status":"open","sticky":false,"template":"","format":"standard","meta":{"footnotes":""},"categories":[104],"tags":[44,63,39,47,65,64],"class_list":["post-10691","post","type-post","status-publish","format-standard","hentry","category-ankuendigung","tag-drohnen","tag-informatik","tag-kampfdrohnen","tag-krieg-gegen-terror","tag-schule","tag-zivilcourage"],"_links":{"self":[{"href":"https:\/\/www.friedenkoeln.de\/index.php?rest_route=\/wp\/v2\/posts\/10691","targetHints":{"allow":["GET"]}}],"collection":[{"href":"https:\/\/www.friedenkoeln.de\/index.php?rest_route=\/wp\/v2\/posts"}],"about":[{"href":"https:\/\/www.friedenkoeln.de\/index.php?rest_route=\/wp\/v2\/types\/post"}],"author":[{"embeddable":true,"href":"https:\/\/www.friedenkoeln.de\/index.php?rest_route=\/wp\/v2\/users\/110"}],"replies":[{"embeddable":true,"href":"https:\/\/www.friedenkoeln.de\/index.php?rest_route=%2Fwp%2Fv2%2Fcomments&post=10691"}],"version-history":[{"count":10,"href":"https:\/\/www.friedenkoeln.de\/index.php?rest_route=\/wp\/v2\/posts\/10691\/revisions"}],"predecessor-version":[{"id":10703,"href":"https:\/\/www.friedenkoeln.de\/index.php?rest_route=\/wp\/v2\/posts\/10691\/revisions\/10703"}],"wp:attachment":[{"href":"https:\/\/www.friedenkoeln.de\/index.php?rest_route=%2Fwp%2Fv2%2Fmedia&parent=10691"}],"wp:term":[{"taxonomy":"category","embeddable":true,"href":"https:\/\/www.friedenkoeln.de\/index.php?rest_route=%2Fwp%2Fv2%2Fcategories&post=10691"},{"taxonomy":"post_tag","embeddable":true,"href":"https:\/\/www.friedenkoeln.de\/index.php?rest_route=%2Fwp%2Fv2%2Ftags&post=10691"}],"curies":[{"name":"wp","href":"https:\/\/api.w.org\/{rel}","templated":true}]}}