{"id":10722,"date":"2017-05-03T08:25:43","date_gmt":"2017-05-03T06:25:43","guid":{"rendered":"http:\/\/www.friedenkoeln.de\/?p=10722"},"modified":"2017-05-03T08:25:43","modified_gmt":"2017-05-03T06:25:43","slug":"nato-gipfeltreffen-in-bruessel-protestaktionen-vom-21-bis-25-mai-2017-geplant","status":"publish","type":"post","link":"https:\/\/www.friedenkoeln.de\/?p=10722","title":{"rendered":"NATO-Gipfeltreffen in Br\u00fcssel: Protestaktionen vom 21. bis 25. Mai 2017 geplant"},"content":{"rendered":"<div><strong>Presseerkl\u00e4rung: Protestaktionen um den NATO Gipfel in Br\u00fcssel, 21.5. bis 26.5.<\/strong><\/div>\n<div>Am 23.04 fand in K\u00f6ln ein Vorbereitungstreffen deutscher Friedensorganisationen zur Vorbereitung von Protestaktionen w\u00e4hrend des n\u00e4chsten NATO-Gipfels am 24.\/25.05.2017 in Br\u00fcssel statt.<\/div>\n<p><!--more--><\/p>\n<div>Ludo de Brabander von der belgischen Initiative \u201evrede vzw\u201c informierte \u00fcber die internationale Vorbereitung der verschiedenen Aktionen.<\/div>\n<div>W\u00e4hrend des Gipfels wird das mit 1 Milliarde Dollar s\u00fcndhaft teure neue Hauptquartier des Milit\u00e4rb\u00fcndnisses eingeweiht. Es ist der erste Gipfel f\u00fcr die neugew\u00e4hlten Pr\u00e4sidenten der USA (Donald Trump) und Frankreichs.<\/div>\n<div>Im Mittelpunkt der Diskussionen stehen:<\/div>\n<ul>\n<li>Die schnellstm\u00f6gliche Erh\u00f6hung der R\u00fcstungsetats aller NATO-L\u00e4nder auf 2% des Bruttoinlandproduktes, was eine Erh\u00f6hung der Milit\u00e4rausgaben f\u00fcr die europ\u00e4ischen NATO Staaten von 200 Milliarden auf 300 Milliarden bedeuten w\u00fcrden. Die USA gehen mit einer Erh\u00f6hung um 54 Milliarden f\u00fcr 2018 (ca. 9%) voran. Tiefe soziale Einschnitte w\u00e4ren unvermeidlich.<\/li>\n<li>Ausweitung und Intensivierung der politischen, ideologischen und milit\u00e4rischen Konfrontation gegen Russland durch die Stationierung weiterer NATO Truppen an der russischen Westgrenze und Ausbau des sogenannten Raketenabwehrschirms.<\/li>\n<li>Intensivierung des Cyberwars und der eigenen Aktivit\u00e4ten der NATO.<\/li>\n<li>Fortsetzung der Interventionspolitik. Hier steht besonders eine Diskussion \u00fcber Afghanistan an, nicht \u00fcber Abzug sondern \u00fcber die Intensivierung des Krieges in dem leidgepr\u00fcften Land.<\/li>\n<li>Planungen zur \u201eEurop\u00e4ischen Militarisierung\u201c und deren Einbindung aber auch Selbstst\u00e4ndigkeit im Rahmen der NATO.<\/li>\n<li>Stand der Umsetzung der Planungen f\u00fcr eine umfassende Modernisierung aller Atomwaffen und die Diskussion ihrer weiteren \u201eVorw\u00e4rtsstationierung\u201c, n\u00e4her zur russischen Grenze.<\/li>\n<li>Weiterentwicklung des Konzeptes der \u201eglobalen NATO\u201c, das eine Ausweitung des Engagements der NATO in den Krisenregionen der Welt besonders in Asien beinhaltet.<\/li>\n<\/ul>\n<div>Es geht um die Militarisierung der Politik und Kriege in allen Teilen der Welt weiterhin oder neu f\u00fchrbar zu machen. Es ist ein aggressives Kriegskonzept, das durch die Bereitschaft Atomwaffen auch als erste einzusetzen, mit dem Untergang des Planeten Erde spielt.<\/div>\n<div><img loading=\"lazy\" decoding=\"async\" class=\"size-large wp-image-10723 aligncenter\" src=\"http:\/\/www.friedenkoeln.de\/wp-content\/uploads\/2017\/05\/Bundesausschuss-Friedensratschlag_Transpi-Abr\u00fcstung-statt-Sozialabbau_20170501-1024x384.jpg\" alt=\"\" width=\"639\" height=\"240\" srcset=\"https:\/\/www.friedenkoeln.de\/wp-content\/uploads\/2017\/05\/Bundesausschuss-Friedensratschlag_Transpi-Abr\u00fcstung-statt-Sozialabbau_20170501-1024x384.jpg 1024w, https:\/\/www.friedenkoeln.de\/wp-content\/uploads\/2017\/05\/Bundesausschuss-Friedensratschlag_Transpi-Abr\u00fcstung-statt-Sozialabbau_20170501-768x288.jpg 768w, https:\/\/www.friedenkoeln.de\/wp-content\/uploads\/2017\/05\/Bundesausschuss-Friedensratschlag_Transpi-Abr\u00fcstung-statt-Sozialabbau_20170501.jpg 1340w\" sizes=\"auto, (max-width: 639px) 100vw, 639px\" \/>Die internationale Friedensbewegung bereitet gro\u00dfe Proteste vor.<\/div>\n<div>Frieden als Ziel, aber auch als Weg des Handels pr\u00e4gt die intensiven Vorbereitungen der friedlichen aber gewaltigen Aktionen gegen das Kriegsb\u00fcndnis in Br\u00fcssel:<\/div>\n<ul>\n<li>Schon am 21.05. wird das internationale Camp er\u00f6ffnet<\/li>\n<li>Aktionen des zivilen Ungehorsams werden die Tage des Gipfels begleiten<\/li>\n<li>Am 24.05. findet eine internationale Demonstration mit sicher tausenden von Teilnehmerinnen und Teilnehmern in Br\u00fcssel statt.<\/li>\n<li>Am 25.05. veranstaltet die belgische Friedensbewegung und das B\u00fcndnis No to War \u2013 No to NATO sowie weitere Organisationen einen Gegengipfel. Friedliche Alternativen zur NATO sind m\u00f6glich, der Dinosaurier NATO geh\u00f6rt abgeschafft.<\/li>\n<\/ul>\n<div>Weitere Informationen zu den verschiedenen Aktionen der Friedensbewegung sind auf den folgenden Webseiten erh\u00e4ltlich: <a href=\"http:\/\/www.no-to-nato.org\/\" target=\"_blank\" rel=\"noopener noreferrer\">www.no-to-nato.org<\/a>, <a href=\"http:\/\/www.no-to-nato.de\/\" target=\"_blank\" rel=\"noopener noreferrer\">www.no-to-nato.de<\/a>, <a href=\"http:\/\/www.stopnato2017.org\/\" target=\"_blank\" rel=\"noopener noreferrer\">www.stopnato2017.org<\/a>.<\/div>\n<div>Die mehr als 25 Teilnehmerinnen und Teilnehmern des Vorbereitungstreffens waren sich einig, dass die Protestaktionen in Br\u00fcssel auch von Deutschland aus intensiv vorbereitet und beworben werden m\u00fcssen. Besonders die naheliegenden Regionen Nordrhein-Westfalen und Rheinland Pfalz werden aktiv f\u00fcr die Protestaktionen mobilisieren.<\/div>\n<div>Geplant sind:<\/div>\n<ul>\n<li>Regionale und lokale Vorbereitungsveranstaltungen<\/li>\n<li>Gemeinsame Anreise zu den Aktionen in Br\u00fcssel<\/li>\n<li>Gro\u00dfe Verteilaktionen der zentralen <a href=\"http:\/\/no-to-nato.org\/wp-content\/uploads\/2017\/Web_NATO%20Zeitung_2017.pdf\" target=\"_blank\" rel=\"noopener noreferrer\">Anti NATO Zeitung<\/a> u.a. am 1.Mai<\/li>\n<li>Inhaltliche Beitr\u00e4ge auf der Demonstration und auf dem Gegengipfel<\/li>\n<\/ul>\n<div>\u201eNach den erfolgreichen Osterm\u00e4rschen, werden wir jetzt in Vorbereitung der Aktionen in Br\u00fcssel eine Schippe zulegen. Nato ist Krieg und wir wollen Abr\u00fcstung und Frieden. Daf\u00fcr werden wir in Br\u00fcssel demonstrieren\u201c, so Kristine Karch, eine der beiden Sprecherinnen des internationalen Netzwerkes No to War &#8211; No to NATO.<\/div>\n<div><\/div>\n<div><strong>F\u00fcr weitere Informationen und Kontakte, wenden Sie sich an:<\/strong><\/div>\n<div>Kristine Karch, <a href=\"mailto:kristine@kkarch.de\" target=\"_blank\" rel=\"noopener noreferrer\">kristine@kkarch.de<\/a><\/div>\n<div>Lucas Wirl,\u00a0 <a href=\"mailto:l.wirl@gmx.de\" target=\"_blank\" rel=\"noopener noreferrer\">l.wirl@gmx.de<\/a><\/div>\n<div><\/div>\n<div><strong>Link zur Anti-NATO \u2013 Zeitung: <\/strong><\/div>\n<div><a href=\"http:\/\/no-to-nato.org\/wp-content\/uploads\/2017\/Web_NATO%20Zeitung_2017.pdf\" target=\"_blank\" rel=\"noopener noreferrer\">http:\/\/no-to-nato.org\/wp-content\/uploads\/2017\/Web_NATO%20Zeitung_2017.pdf<\/a><\/div>\n<div><strong>Webseiten:<\/strong><\/div>\n<div>Internationales Netzwerk No to War \u2013 No to NATO: <a href=\"http:\/\/www.no-to-nato.org\/\" target=\"_blank\" rel=\"noopener noreferrer\">www.no-to-nato.org<\/a>, deutsch: <a href=\"http:\/\/www.no-to-nato.de\/\" target=\"_blank\" rel=\"noopener noreferrer\">www.no-to-nato.de<\/a> \u2502 <a href=\"mailto:info@no-to-nato.org\" target=\"_blank\" rel=\"noopener noreferrer\">info@no-to-nato.org<\/a><\/div>\n<div>Belgische Vorbereitungsgruppen: <a href=\"http:\/\/www.stopnato.2017.org\/\" target=\"_blank\" rel=\"noopener noreferrer\">www.stopnato.2017.org<\/a><\/div>\n<div><strong>Mailingliste der Vorbereitungsgruppe in Deutschland<\/strong>:<\/div>\n<div><a href=\"https:\/\/lists.riseup.net\/www\/info\/no-nato-brussels2017\" target=\"_blank\" rel=\"noopener noreferrer\">no-nato-brussels2017@lists.riseup.net<\/a>, Ein- und Austragen unter: <a href=\"https:\/\/lists.riseup.net\/www\/info\/no-nato-brussels2017\" target=\"_blank\" rel=\"noopener noreferrer\">https:\/\/lists.riseup.net\/www\/info\/no-nato-brussels2017<\/a><\/div>\n<div><strong>Facebook:<\/strong><br \/>\n@NotoWAR.NotoNATO<\/div>\n<div><\/div>\n<div>&#8212;<\/div>\n<div>No to War \u2013 No to NATO<\/div>\n<div>c\/o IALANA<\/div>\n<div>Marienstra\u00dfe 19\/20<\/div>\n<div>10117 Berlin<\/div>\n<div><a href=\"mailto:info@no-to-nato.org\" target=\"_blank\" rel=\"noopener noreferrer\">info@no-to-nato.org<\/a><\/div>\n<div><a href=\"http:\/\/www.no-to-nato.org\/\" target=\"_blank\" rel=\"noopener noreferrer\">www.no-to-nato.org<\/a><\/div>\n","protected":false},"excerpt":{"rendered":"<p>Presseerkl\u00e4rung: Protestaktionen um den NATO Gipfel in Br\u00fcssel, 21.5. bis 26.5. Am 23.04 fand in K\u00f6ln ein Vorbereitungstreffen deutscher Friedensorganisationen zur Vorbereitung von Protestaktionen w\u00e4hrend des n\u00e4chsten NATO-Gipfels am 24.\/25.05.2017 in Br\u00fcssel statt.<\/p>\n","protected":false},"author":110,"featured_media":0,"comment_status":"open","ping_status":"open","sticky":false,"template":"","format":"standard","meta":{"footnotes":""},"categories":[2],"tags":[42,33,70,48,40,74,31,29,64],"class_list":["post-10722","post","type-post","status-publish","format-standard","hentry","category-aktionen","tag-abruestung","tag-atomwaffen","tag-auslandseinsaetze-der-bundeswehr","tag-bundeswehr","tag-demokratie","tag-eu","tag-konferenzen","tag-solidaritat","tag-zivilcourage"],"_links":{"self":[{"href":"https:\/\/www.friedenkoeln.de\/index.php?rest_route=\/wp\/v2\/posts\/10722","targetHints":{"allow":["GET"]}}],"collection":[{"href":"https:\/\/www.friedenkoeln.de\/index.php?rest_route=\/wp\/v2\/posts"}],"about":[{"href":"https:\/\/www.friedenkoeln.de\/index.php?rest_route=\/wp\/v2\/types\/post"}],"author":[{"embeddable":true,"href":"https:\/\/www.friedenkoeln.de\/index.php?rest_route=\/wp\/v2\/users\/110"}],"replies":[{"embeddable":true,"href":"https:\/\/www.friedenkoeln.de\/index.php?rest_route=%2Fwp%2Fv2%2Fcomments&post=10722"}],"version-history":[{"count":1,"href":"https:\/\/www.friedenkoeln.de\/index.php?rest_route=\/wp\/v2\/posts\/10722\/revisions"}],"predecessor-version":[{"id":10724,"href":"https:\/\/www.friedenkoeln.de\/index.php?rest_route=\/wp\/v2\/posts\/10722\/revisions\/10724"}],"wp:attachment":[{"href":"https:\/\/www.friedenkoeln.de\/index.php?rest_route=%2Fwp%2Fv2%2Fmedia&parent=10722"}],"wp:term":[{"taxonomy":"category","embeddable":true,"href":"https:\/\/www.friedenkoeln.de\/index.php?rest_route=%2Fwp%2Fv2%2Fcategories&post=10722"},{"taxonomy":"post_tag","embeddable":true,"href":"https:\/\/www.friedenkoeln.de\/index.php?rest_route=%2Fwp%2Fv2%2Ftags&post=10722"}],"curies":[{"name":"wp","href":"https:\/\/api.w.org\/{rel}","templated":true}]}}