{"id":10725,"date":"2017-05-04T07:00:08","date_gmt":"2017-05-04T05:00:08","guid":{"rendered":"http:\/\/www.friedenkoeln.de\/?p=10725"},"modified":"2017-05-04T07:02:00","modified_gmt":"2017-05-04T05:02:00","slug":"jetzt-anmelden-kunstwettbewerb-frieden-ausgeschrieben","status":"publish","type":"post","link":"https:\/\/www.friedenkoeln.de\/?p=10725","title":{"rendered":"Jetzt anmelden: Kunstwettbewerb Frieden ausgeschrieben"},"content":{"rendered":"<p>Pressemitteilung:<\/p>\n<p><strong>K\u00f6lner Friedensgruppen laden Kinder und Jugendliche ein, \u201eFrieden\u201c und \u201ePazifismus\u201c k\u00fcnstlerisch zu gestalten. Die Kunstwerke sollen bei einem Friedensfest im November 2017 pr\u00e4miert werden. Vor 125 Jahren wurde die Deutsche Friedensgesellschaft gegr\u00fcndet.<\/strong><!--more--><\/p>\n<p>Das Friedensbildungswerk K\u00f6ln, der F\u00f6rderverein des K\u00f6lner Friedensforums und die K\u00f6lner Gruppe der Deutschen Friedensgesellschaft \u2013 Vereinigte KriegsdienstgegnerInnen (DFG-VK) laden junge Menschen zwischen 6 und 18 Jahren zum \u201eSch\u00fclerkunstwettbewerb Frieden\u201c ein. Teilnahmeberechtigt sind Gruppen, die mindestens aus zwei Kindern oder Jugendlichen und einer erwachsenen Betreuungsperson bestehen und sich sp\u00e4testens bis zum 30. Juni 2017 per Email bei der Projektleitung unter <a href=\"mailto:wettbewerb@friedenkoeln.de\">wettbewerb@friedenkoeln.de<\/a> anmelden.<\/p>\n<div id=\"attachment_10673\" style=\"width: 341px\" class=\"wp-caption alignright\"><img loading=\"lazy\" decoding=\"async\" aria-describedby=\"caption-attachment-10673\" class=\" wp-image-10673\" src=\"http:\/\/www.friedenkoeln.de\/wp-content\/uploads\/2017\/04\/Sch\u00fclerkunstwettbewerb-Frieden-2017_Flyer-Cover_klein-827x1024.jpg\" alt=\"\" width=\"331\" height=\"410\" srcset=\"https:\/\/www.friedenkoeln.de\/wp-content\/uploads\/2017\/04\/Sch\u00fclerkunstwettbewerb-Frieden-2017_Flyer-Cover_klein-827x1024.jpg 827w, https:\/\/www.friedenkoeln.de\/wp-content\/uploads\/2017\/04\/Sch\u00fclerkunstwettbewerb-Frieden-2017_Flyer-Cover_klein-768x951.jpg 768w, https:\/\/www.friedenkoeln.de\/wp-content\/uploads\/2017\/04\/Sch\u00fclerkunstwettbewerb-Frieden-2017_Flyer-Cover_klein.jpg 1136w\" sizes=\"auto, (max-width: 331px) 100vw, 331px\" \/><p id=\"caption-attachment-10673\" class=\"wp-caption-text\">Graphik: Jelena Ilic<\/p><\/div>\n<p>Die Kunstwerke k\u00f6nnen aus Gem\u00e4lden, Skulpturen oder auch einem kurzen Video bestehen und sollen \u201eFrieden\u201c oder \u201ePazifismus\u201c thematisieren. Markus Fr\u00f6hlich, einer der ehrenamtlichen Projektmitarbeiter der DFG-VK, meint dazu: \u201eWir wollen nicht, dass milit\u00e4rische Gewalt zu einem normalen Werkzeug der Politik wird. Dazu richten wir den Blick darauf, was Frieden ist und wie Frieden aussehen kann. Kinder und Jugendliche sind oft phantasievoller als Erwachsene. Viele haben schon genaue Vorstellungen davon, wie man Konflikte mit friedlichen Mitteln bearbeiten kann. Wir sind sehr gespannt zu sehen, welche k\u00fcnstlerischen Ideen die Gruppen entwickeln.\u201c<\/p>\n<p>Eine aus Kunst- und Friedensfachleuten zusammengesetzte Jury wird die besten Kunstwerke am 24. November 2017 bei einem Friedensfest in der Lutherkirche in der K\u00f6lner S\u00fcdstadt pr\u00e4mieren. Harald Fuchs, einer der K\u00f6lner Gruppensprecher der DFG-VK erl\u00e4utert: \u201eVor 125 Jahren gr\u00fcndeten Bertha von Suttner, Alfred Hermann Fried und andere engagierte Personen die Deutsche Friedensgesellschaft. Das wird gefeiert! Die Konfliktbearbeitung mit zivilen Mitteln hat eine reiche Tradition, und wer dar\u00fcber nachdenkt, wie man \u201eFrieden\u201c k\u00fcnstlerisch darstellen kann, kommt dieser Tradition vielleicht schon sehr nahe.\u201c<\/p>\n<p>Alle Informationen zum Wettbewerb:\u00a0<a href=\"http:\/\/www.friedenkoeln.de\">http:\/\/www.friedenkoeln.de<\/a>\u00a0und im\u00a0<a href=\"http:\/\/www.friedenkoeln.de\/wp-content\/uploads\/2017\/04\/FlyerSKWF.pdf\">Flyer zum Sch\u00fclerkunstwettbewerb Frieden<\/a>\u00a0(in Druckqualit\u00e4t zum Falten)<\/p>\n<p>Anmeldung und Kontakt:\u00a0Bis zum 30.6.2017 unter <a href=\"mailto:wettbewerb@friedenkoeln.de\">wettbewerb@friedenkoeln.de<\/a><\/p>\n<p>Spenden:<\/p>\n<p>F\u00f6rderverein K\u00f6lner Friedensforum e.V.<\/p>\n<p>SPARDA Bank West<\/p>\n<p>IBAN: DE09 3706 0590 0004 1572 30<\/p>\n<p>BIC: GENODED\u00a0 1SPK<\/p>\n<p>Kennwort: \u201eKunstwettbewerb 2017\u201c<\/p>\n<p>Eine Spendenquittung kann \u00fcber <a href=\"mailto:koelner-friedensforum@web.de\">koelner-friedensforum@web.de<\/a> angefordert werden.<\/p>\n<p>&nbsp;<\/p>\n<p>&nbsp;<\/p>\n","protected":false},"excerpt":{"rendered":"<p>Pressemitteilung: K\u00f6lner Friedensgruppen laden Kinder und Jugendliche ein, \u201eFrieden\u201c und \u201ePazifismus\u201c k\u00fcnstlerisch zu gestalten. Die Kunstwerke sollen bei einem Friedensfest im November 2017 pr\u00e4miert werden. Vor 125 Jahren wurde die Deutsche Friedensgesellschaft gegr\u00fcndet.<\/p>\n","protected":false},"author":110,"featured_media":0,"comment_status":"open","ping_status":"open","sticky":false,"template":"","format":"standard","meta":{"footnotes":""},"categories":[2],"tags":[27,9,3,65,4],"class_list":["post-10725","post","type-post","status-publish","format-standard","hentry","category-aktionen","tag-kultur","tag-frieden-und-kunst","tag-pazifismus","tag-schule","tag-zivile-konfliktloesung"],"_links":{"self":[{"href":"https:\/\/www.friedenkoeln.de\/index.php?rest_route=\/wp\/v2\/posts\/10725","targetHints":{"allow":["GET"]}}],"collection":[{"href":"https:\/\/www.friedenkoeln.de\/index.php?rest_route=\/wp\/v2\/posts"}],"about":[{"href":"https:\/\/www.friedenkoeln.de\/index.php?rest_route=\/wp\/v2\/types\/post"}],"author":[{"embeddable":true,"href":"https:\/\/www.friedenkoeln.de\/index.php?rest_route=\/wp\/v2\/users\/110"}],"replies":[{"embeddable":true,"href":"https:\/\/www.friedenkoeln.de\/index.php?rest_route=%2Fwp%2Fv2%2Fcomments&post=10725"}],"version-history":[{"count":3,"href":"https:\/\/www.friedenkoeln.de\/index.php?rest_route=\/wp\/v2\/posts\/10725\/revisions"}],"predecessor-version":[{"id":10728,"href":"https:\/\/www.friedenkoeln.de\/index.php?rest_route=\/wp\/v2\/posts\/10725\/revisions\/10728"}],"wp:attachment":[{"href":"https:\/\/www.friedenkoeln.de\/index.php?rest_route=%2Fwp%2Fv2%2Fmedia&parent=10725"}],"wp:term":[{"taxonomy":"category","embeddable":true,"href":"https:\/\/www.friedenkoeln.de\/index.php?rest_route=%2Fwp%2Fv2%2Fcategories&post=10725"},{"taxonomy":"post_tag","embeddable":true,"href":"https:\/\/www.friedenkoeln.de\/index.php?rest_route=%2Fwp%2Fv2%2Ftags&post=10725"}],"curies":[{"name":"wp","href":"https:\/\/api.w.org\/{rel}","templated":true}]}}