{"id":10732,"date":"2017-05-05T07:00:33","date_gmt":"2017-05-05T05:00:33","guid":{"rendered":"http:\/\/www.friedenkoeln.de\/?p=10732"},"modified":"2017-05-04T08:01:05","modified_gmt":"2017-05-04T06:01:05","slug":"vorleserinnen-gesucht-nie-wieder-faschismus-nie-wieder-krieg-nie-wieder-brennende-buecher","status":"publish","type":"post","link":"https:\/\/www.friedenkoeln.de\/?p=10732","title":{"rendered":"Vorleser*innen gesucht: Nie wieder Faschismus, nie wieder Krieg, nie wieder brennende B\u00fccher!"},"content":{"rendered":"<p align=\"justify\">Der <a href=\"http:\/\/www.zivilklausel.uni-koeln.de\">Arbeitskreis Zivilklausel<\/a> an der Universit\u00e4t zu K\u00f6ln l\u00e4dt zur Lesung und zum Vorlesen ein:<\/p>\n<p align=\"justify\">Lesung anl\u00e4sslich des 84. Jahrestages der B\u00fccherverbrennung durch die Faschisten am Mittwoch, den 17. Mai 2017, 11:00 bis 17:00 Uhr, auf dem Albertus-Magnus-Platz, <!--more-->vor dem Hauptgeb\u00e4ude der Uni K\u00f6ln.<\/p>\n<p>Wer nur zu bestimmten Zeiten lesen kann, m\u00f6ge sich f\u00fcr die Koordination bitte unter <a href=\"mailto:lesungen@yahoo.de\">lesungen@yahoo.de<\/a> melden. F\u00fcr Kurzentschlossene liegt eine Auswahl der Werke der Autoren vor Ort aus.<\/p>\n<blockquote>\n<div>Ich glaube wie je, da\u00df literarische Bem\u00fchungen niemals ohne\u00a0Wirkung bleiben, wie lange es auch dauern mag, bis die greifbare\u00a0Welt ihnen zug\u00e4nglich wird. K\u00fcnftige Menschen k\u00f6nnen sich\u00a0einem gerechten Handeln nur dann gewachsen zeigen, wenn wir\u00a0verharrt haben in der Sprache der Wahrheit.<\/div>\n<\/blockquote>\n<div>Das schrieb\u00a0Heinrich Mann 1933 in &#8222;Die erniedrigte Intelligenz&#8220; (Aus: Heinrich Mann: Verteidigung der Kultur. Antifaschistische Streitschriften und Essays).<br \/>\n____________________________________________<\/div>\n<div><\/div>\n<div>Aufruf<\/div>\n<div>\n<p>Nie wieder Faschismus, nie wieder Krieg, nie wieder brennende B\u00fccher!\u201eDie Klassiker lebten in den finstersten und blutigsten Zeiten. Sie waren die heitersten und zuversichtlichsten Menschen.\u201c Bertolt Brecht, \u201eMe-Ti\/Buch der Wendungen\u201c, 1939.<\/p>\n<div id=\"attachment_10735\" style=\"width: 309px\" class=\"wp-caption alignright\"><img loading=\"lazy\" decoding=\"async\" aria-describedby=\"caption-attachment-10735\" class=\" wp-image-10735\" src=\"http:\/\/www.friedenkoeln.de\/wp-content\/uploads\/2017\/05\/Albertus-Magnus-Skulptur_-Uni-K\u00f6ln-567x1024.jpg\" alt=\"\" width=\"299\" height=\"540\" srcset=\"https:\/\/www.friedenkoeln.de\/wp-content\/uploads\/2017\/05\/Albertus-Magnus-Skulptur_-Uni-K\u00f6ln-567x1024.jpg 567w, https:\/\/www.friedenkoeln.de\/wp-content\/uploads\/2017\/05\/Albertus-Magnus-Skulptur_-Uni-K\u00f6ln-768x1388.jpg 768w, https:\/\/www.friedenkoeln.de\/wp-content\/uploads\/2017\/05\/Albertus-Magnus-Skulptur_-Uni-K\u00f6ln.jpg 2048w\" sizes=\"auto, (max-width: 299px) 100vw, 299px\" \/><p id=\"caption-attachment-10735\" class=\"wp-caption-text\">Albertus Magnus, Universit\u00e4t zu K\u00f6ln. Foto: @1971Markus (Creative Commons)<\/p><\/div>\n<p>Fortschrittliche Kulturschaffende und Intellektuelle wendeten sich in den Krisenzeiten von 1929 gegen nationalistische Hetze und Verh\u00e4ltnisse, die dem Menschen nicht w\u00fcrdig sind. Sie gaben den Erniedrigten eine Stimme, der Wut \u00fcber die herrschende Ungerechtigkeit eine aufgekl\u00e4rte und weltoffene Richtung, entlarvten mit wachem Blick den zunehmenden und von Justiz und Beamtentum tolerierten Nazi-Terror und wirkten f\u00fcr eine anteilnehmende und solidarische Gesellschaft. Ihr Schaffen war aufrichtender Bezugspunkt und Ermutigung zu widerst\u00e4ndigem und solidarischem Handeln gegen den aufkommenden Faschismus. Die Nazis mussten diese Kulturschaffenden und die Wahrheiten die sie aussprachen bek\u00e4mpfen. Denn sie stellten der feigen sozialdarwinistischen Hetze, der dumpfen antiintellektuellen Romantisierung des \u201eAriertums\u201c und des soldatischen Gehorsams eine wissenschaftliche Weltanschauung, die Bef\u00fcrwortung des Lebens und die \u00dcberzeugung der gleichen Rechte aller Menschen entgegen.<\/p>\n<p>Wenige Monate nach der Macht\u00fcbertragung an die Faschisten, am 10. Mai 1933, brannten an den meisten deutschen Hochschulen die B\u00fccher von j\u00fcdischen, b\u00fcrgerlich humanistischen, pazifistischen und marxistischen Autorinnen und Autoren. Am 17. Mai auch an der Universit\u00e4t K\u00f6ln. Nicht auf Befehl der NSDAP, sondern auf Initiative der Studierendenschaften unter Regie der v\u00f6lkisch-militaristisch gesinnten Burschenschaften und unter dem Wohlwollen breiter Teile der Professorenschaft. Verbrannt und verboten wurden Werke von Heinrich Heine, Erich K\u00e4stner, Nelly Sachs, Irmgard Keun, Carl von Ossietzky, Erich Maria Remarque, Kurt Tucholsky, Sigmund Freud, Heinrich Mann, Anna Seghers, Lion Feuchtwanger, Bertolt Brecht, Karl Marx und vielen anderen. Ihre Verfasser wurden verfolgt, in Konzentrationslager gesperrt oder gingen ins Exil, wo etliche den Widerstand gegen den Faschismus als Gefl\u00fcchtete fortsetzten.<\/p>\n<p>Der Raub- und Vernichtungskrieg der Nazis hat \u00fcber 60 Millionen Tote gefordert, sechs Millionen Menschen wurden in den Konzentrationslagern ermordet. Und doch konnten die Nazis das \u201eandere Deutschland\u201c nicht zum Schweigen bringen, haben Menschen widerstanden und konnte deshalb die Alternative einer menschenw\u00fcrdigen Gesellschaftsentwicklung nicht vernichtet werden. Das gr\u00f6\u00dfenwahnsinnige \u201eTausendj\u00e4hrige Reich\u201c ist nach zw\u00f6lf Jahren besiegt worden, der \u201eGriff nach der Weltmacht\u201c endete mit der Kapitulation und vollkommenen Niederlage Nazideutschlands.<\/p>\n<p>Die antifaschistische Aufkl\u00e4rung \u00fcber die Verbrechen Nazi-Deutschlands, die Ablehnung der Gewalt und die Verteidigung der Kultur, das unverbr\u00fcchliche Engagement f\u00fcr eine neue, zivile und dem Menschen w\u00fcrdige Gesellschaft waren konstituierend f\u00fcr das B\u00fcndnis unterschiedlicher Weltanschauungen, das Deutschland und die Welt vom Faschismus befreite. Wir wollen am 17. Mai aus den B\u00fcchern der Autoren lesen, deren Werke 1933 verbrannt wurden und Gedanken, Erkenntnisse, Hoffnungen und Anspr\u00fcche zur Geltung bringen, die heute neu zu fassen und einzul\u00f6sen sind. Alle sind eingeladen sich zu beteiligen am gemeinsamen Lesen, Zuh\u00f6ren, Lernen und Lachen gegen Rechts, f\u00fcr eine erhellende und aufgekl\u00e4rte Wissenschaft und Kultur und eine erfreuliche Zukunft f\u00fcr alle Menschen \u00fcberall.<\/p>\n<\/div>\n","protected":false},"excerpt":{"rendered":"<p>Der Arbeitskreis Zivilklausel an der Universit\u00e4t zu K\u00f6ln l\u00e4dt zur Lesung und zum Vorlesen ein: Lesung anl\u00e4sslich des 84. Jahrestages der B\u00fccherverbrennung durch die Faschisten am Mittwoch, den 17. Mai 2017, 11:00 bis 17:00&#46;&#46;&#46;<\/p>\n","protected":false},"author":110,"featured_media":0,"comment_status":"open","ping_status":"open","sticky":false,"template":"","format":"standard","meta":{"footnotes":""},"categories":[2],"tags":[27,9,3,29,62,64],"class_list":["post-10732","post","type-post","status-publish","format-standard","hentry","category-aktionen","tag-kultur","tag-frieden-und-kunst","tag-pazifismus","tag-solidaritat","tag-wissenschaft","tag-zivilcourage"],"_links":{"self":[{"href":"https:\/\/www.friedenkoeln.de\/index.php?rest_route=\/wp\/v2\/posts\/10732","targetHints":{"allow":["GET"]}}],"collection":[{"href":"https:\/\/www.friedenkoeln.de\/index.php?rest_route=\/wp\/v2\/posts"}],"about":[{"href":"https:\/\/www.friedenkoeln.de\/index.php?rest_route=\/wp\/v2\/types\/post"}],"author":[{"embeddable":true,"href":"https:\/\/www.friedenkoeln.de\/index.php?rest_route=\/wp\/v2\/users\/110"}],"replies":[{"embeddable":true,"href":"https:\/\/www.friedenkoeln.de\/index.php?rest_route=%2Fwp%2Fv2%2Fcomments&post=10732"}],"version-history":[{"count":3,"href":"https:\/\/www.friedenkoeln.de\/index.php?rest_route=\/wp\/v2\/posts\/10732\/revisions"}],"predecessor-version":[{"id":10736,"href":"https:\/\/www.friedenkoeln.de\/index.php?rest_route=\/wp\/v2\/posts\/10732\/revisions\/10736"}],"wp:attachment":[{"href":"https:\/\/www.friedenkoeln.de\/index.php?rest_route=%2Fwp%2Fv2%2Fmedia&parent=10732"}],"wp:term":[{"taxonomy":"category","embeddable":true,"href":"https:\/\/www.friedenkoeln.de\/index.php?rest_route=%2Fwp%2Fv2%2Fcategories&post=10732"},{"taxonomy":"post_tag","embeddable":true,"href":"https:\/\/www.friedenkoeln.de\/index.php?rest_route=%2Fwp%2Fv2%2Ftags&post=10732"}],"curies":[{"name":"wp","href":"https:\/\/api.w.org\/{rel}","templated":true}]}}