{"id":10753,"date":"2017-05-06T07:00:12","date_gmt":"2017-05-06T05:00:12","guid":{"rendered":"http:\/\/www.friedenkoeln.de\/?p=10753"},"modified":"2017-05-05T23:58:40","modified_gmt":"2017-05-05T21:58:40","slug":"pax-christi-und-dfg-vk-gruppe-koeln-im-domradio-die-maer-vom-gerechten-krieg","status":"publish","type":"post","link":"https:\/\/www.friedenkoeln.de\/?p=10753","title":{"rendered":"Pax Christi und DFG-VK Gruppe K\u00f6ln im Domradio: &#8222;Die M\u00e4r vom Gerechten Krieg&#8220;"},"content":{"rendered":"<div class=\"\">\n<div class=\"\">\n<p class=\"\">Martin Singe, Pax Christi Bonn, und Stefanie Intveen, DFG-VK Gruppe K\u00f6ln, sprachen im Domradio am 3. Mai 2017 zum Thema &#8222;Die M\u00e4r vom Gerechten Krieg. Christliche Ethik versus kriegerische Konflikte&#8220;. Die Sendung ist h\u00f6renswert! Ein guter Beitrag zur Delegitimierung der derzeit herrschenden Politik der Interventionskriege, der Aufr\u00fcstung, der Modernisierung der Atomwaffen und der Militarisierung und eine Ermutigung f\u00fcr uns.<\/p>\n<p><div id=\"attachment_9585\" style=\"width: 226px\" class=\"wp-caption alignright\"><img loading=\"lazy\" decoding=\"async\" aria-describedby=\"caption-attachment-9585\" class=\" wp-image-9585\" src=\"http:\/\/www.friedenkoeln.de\/wp-content\/uploads\/2016\/06\/Southern_door_Cologne_Cathedral_4516-1024x769.jpg\" alt=\"\" width=\"216\" height=\"162\" srcset=\"https:\/\/www.friedenkoeln.de\/wp-content\/uploads\/2016\/06\/Southern_door_Cologne_Cathedral_4516-1024x769.jpg 1024w, https:\/\/www.friedenkoeln.de\/wp-content\/uploads\/2016\/06\/Southern_door_Cologne_Cathedral_4516-768x577.jpg 768w, https:\/\/www.friedenkoeln.de\/wp-content\/uploads\/2016\/06\/Southern_door_Cologne_Cathedral_4516-320x240.jpg 320w, https:\/\/www.friedenkoeln.de\/wp-content\/uploads\/2016\/06\/Southern_door_Cologne_Cathedral_4516-956x718.jpg 956w\" sizes=\"auto, (max-width: 216px) 100vw, 216px\" \/><p id=\"caption-attachment-9585\" class=\"wp-caption-text\">T\u00fcrdetail, S\u00fcdfassade des K\u00f6lner Doms. Foto: T. Voekler (Own work) [CC BY-SA 3.0]<\/p><\/div><\/div>\n<\/div>\n<div class=\"\">\n<div class=\"\">Das Domradio stellt auf seiner Seite einen etwa einst\u00fcndigen\u00a0<a class=\"\" href=\"https:\/\/www.domradio.de\/radio\/sendungen\/thema\/christliche-ethik-versus-kriegerische-konflikte\">Mitschnitt<\/a>\u00a0der Sendung bereit.<\/div>\n<div class=\"\"><\/div>\n<div class=\"\">Harald Fuchs<\/div>\n<\/div>\n","protected":false},"excerpt":{"rendered":"<p>Martin Singe, Pax Christi Bonn, und Stefanie Intveen, DFG-VK Gruppe K\u00f6ln, sprachen im Domradio am 3. Mai 2017 zum Thema &#8222;Die M\u00e4r vom Gerechten Krieg. Christliche Ethik versus kriegerische Konflikte&#8220;. Die Sendung ist h\u00f6renswert!&#46;&#46;&#46;<\/p>\n","protected":false},"author":110,"featured_media":0,"comment_status":"open","ping_status":"open","sticky":false,"template":"","format":"standard","meta":{"footnotes":""},"categories":[2],"tags":[42,33,70,68,49,48,38,40,44,74,28,45,39,59,61,56,47,27,9,55,77,3,60,37,65,73,71,76,4],"class_list":["post-10753","post","type-post","status-publish","format-standard","hentry","category-aktionen","tag-abruestung","tag-atomwaffen","tag-auslandseinsaetze-der-bundeswehr","tag-bundesregierung","tag-bundestag","tag-bundeswehr","tag-bundeswehr-und-schule","tag-demokratie","tag-drohnen","tag-eu","tag-fluchtlingen","tag-geschichte","tag-kampfdrohnen","tag-kirche","tag-kommunale-friedensarbeit","tag-konversion","tag-krieg-gegen-terror","tag-kultur","tag-frieden-und-kunst","tag-medienkritik","tag-militaerisch-industrieller-komplex","tag-pazifismus","tag-religion","tag-ruestungsexporte","tag-schule","tag-vereinte-nationen","tag-waffenhandel","tag-wirtschaft","tag-zivile-konfliktloesung"],"_links":{"self":[{"href":"https:\/\/www.friedenkoeln.de\/index.php?rest_route=\/wp\/v2\/posts\/10753","targetHints":{"allow":["GET"]}}],"collection":[{"href":"https:\/\/www.friedenkoeln.de\/index.php?rest_route=\/wp\/v2\/posts"}],"about":[{"href":"https:\/\/www.friedenkoeln.de\/index.php?rest_route=\/wp\/v2\/types\/post"}],"author":[{"embeddable":true,"href":"https:\/\/www.friedenkoeln.de\/index.php?rest_route=\/wp\/v2\/users\/110"}],"replies":[{"embeddable":true,"href":"https:\/\/www.friedenkoeln.de\/index.php?rest_route=%2Fwp%2Fv2%2Fcomments&post=10753"}],"version-history":[{"count":2,"href":"https:\/\/www.friedenkoeln.de\/index.php?rest_route=\/wp\/v2\/posts\/10753\/revisions"}],"predecessor-version":[{"id":10768,"href":"https:\/\/www.friedenkoeln.de\/index.php?rest_route=\/wp\/v2\/posts\/10753\/revisions\/10768"}],"wp:attachment":[{"href":"https:\/\/www.friedenkoeln.de\/index.php?rest_route=%2Fwp%2Fv2%2Fmedia&parent=10753"}],"wp:term":[{"taxonomy":"category","embeddable":true,"href":"https:\/\/www.friedenkoeln.de\/index.php?rest_route=%2Fwp%2Fv2%2Fcategories&post=10753"},{"taxonomy":"post_tag","embeddable":true,"href":"https:\/\/www.friedenkoeln.de\/index.php?rest_route=%2Fwp%2Fv2%2Ftags&post=10753"}],"curies":[{"name":"wp","href":"https:\/\/api.w.org\/{rel}","templated":true}]}}