{"id":10779,"date":"2017-05-09T07:00:47","date_gmt":"2017-05-09T05:00:47","guid":{"rendered":"http:\/\/www.friedenkoeln.de\/?p=10779"},"modified":"2020-11-14T23:24:00","modified_gmt":"2020-11-14T21:24:00","slug":"suedkorea-antimilitarismus-und-kriegsdienstverweigerung-in-einem-geteilten-land","status":"publish","type":"post","link":"https:\/\/www.friedenkoeln.de\/?p=10779","title":{"rendered":"S\u00fcdkorea: Antimilitarismus und Kriegsdienstverweigerung in einem geteilten Land"},"content":{"rendered":"<p>K\u00f6lner Friedensgruppen laden am\u00a0Donnerstag, 1. Juni 2017, 19:00 Uhr in die Kart\u00e4userkirche K\u00f6ln ein, um mit einem s\u00fcdkoreanischen Friedensaktivisten und einem deutschen Friedens- und Konfliktforscher \u00fcber S\u00fcd- und Nordkorea zu diskutieren.<\/p>\n<p>Korea ist ein geteiltes Land. Die seit Ende des Koreakrieges 1953 bestehenden Spannungen <!--more-->mit Nordkorea sorgen auch in S\u00fcdkorea f\u00fcr eine hohe Militarisierung. Das Land h\u00e4lt bei 50 Millionen Einwohnern eine Armee von 650.000 M\u00e4nnern und Frauen und hat damit die f\u00fcnftgr\u00f6\u00dfte Armee der Welt. Zugleich ist S\u00fcdkorea eine wirtschaftliche Macht in Ostasien und Verb\u00fcndeter der USA. Alle M\u00e4nner sind wehrpflichtig und m\u00fcssen zwischen 21 und 24 Monaten Milit\u00e4rdienst ableisten. Wer sich dem entgegenstellt, zahlt einen hohen Preis.<\/p>\n<div id=\"attachment_10797\" style=\"width: 649px\" class=\"wp-caption alignnone\"><img loading=\"lazy\" decoding=\"async\" aria-describedby=\"caption-attachment-10797\" class=\"size-large wp-image-10797\" src=\"http:\/\/www.friedenkoeln.de\/wp-content\/uploads\/2017\/05\/Plakat_K\u00f6ln_online-1-Seite-1-1024x346.jpg\" alt=\"\" width=\"639\" height=\"216\" \/><p id=\"caption-attachment-10797\" class=\"wp-caption-text\">Flyer mit dem Foto einer Aktion gegen Milit\u00e4rausgaben in S\u00fcdkorea. Foto: World Without War<\/p><\/div>\n<p>Derzeit sind etwa 400 Kriegsdienstverweigerer in S\u00fcdkorea in Haft. Sie werden in der Regel zu 18 Monaten Gef\u00e4ngnisstrafe verurteilt. So erging es auch <strong>Myungjin Moon<\/strong>, der 2010 aus pazifistischen Gr\u00fcnden verweigerte. F\u00fcr die Organisation <a href=\"http:\/\/www.withoutwar.org\"><em>World Without War<\/em><\/a> wird er \u00fcber die Arbeit f\u00fcr Gewaltfreiheit und Menschenrechte berichten.<\/p>\n<p>Der Friedens- und Konfliktforscher <strong>Markus Liegl<\/strong> erl\u00e4utert, warum die Spannungen zwischen den USA und Nordkorea gegenw\u00e4rtig wachsen, weshalb Pj\u00f6ngjang mit dem Einsatz von Atomwaffen droht und welche Rolle die Volksrepublik China bei der L\u00f6sung des Konflikts spielen k\u00f6nnte. Er vertritt die Meinung, dass nur durch eine grundlegende \u00c4nderung der Strategie der USA eine friedliche L\u00f6sung des Nuklearkonflikts gew\u00e4hrleistet und somit das Ziel einer atomwaffenfreien koreanischen Halbinsel erreicht werden kann. Markus Liegl hat mehrere wissenschaftliche Aufs\u00e4tze und ein Buch zu den Konflikten in Asien publiziert. Er promoviert an der Goethe-Universit\u00e4t Frankfurt\/Main.<\/p>\n<p>Die Moderation \u00fcbernimmt <a href=\"https:\/\/www.xing.com\/profile\/Matthias_Boehning3\"><strong>Matthias B\u00f6hning<\/strong><\/a>.<\/p>\n<p><strong><a href=\"http:\/\/inmywords.de\">Myriam\u00a0Sodjinou<\/a>\u00a0<\/strong>dolmetscht englisch-deutsch.<\/p>\n<p>Donnerstag, 1.6.2017, 19:00 Uhr, Kart\u00e4userkirche, Kart\u00e4usergasse 7B, 50678 K\u00f6ln.<\/p>\n<p>Eintritt frei, Spenden erbeten.<\/p>\n<p>Veranstaltet von: Deutsche Friedensgesellschaft \u2013 Vereinigte KriegsdienstgegnerInnen e. V. (DFG-VK) Gruppe K\u00f6ln, Amnesty International K\u00f6ln, attac K\u00f6ln, DFG-VK Bildungswerk NRW e. V.<\/p>\n<p>Tr\u00e4gerorganisationen der Veranstaltungsreihe mit Myungin Moon sind\u00a0<a href=\"http:\/\/www.connection-ev.org\">Connection e.V.<\/a>, Deutsche Ostasienmission e.V. und Korea-Verband e.V. Wir danken f\u00fcr die finanzielle F\u00f6rderung durch den Ev. Mission in Solidarit\u00e4t (EMS).<\/p>\n","protected":false},"excerpt":{"rendered":"<p>K\u00f6lner Friedensgruppen laden am\u00a0Donnerstag, 1. Juni 2017, 19:00 Uhr in die Kart\u00e4userkirche K\u00f6ln ein, um mit einem s\u00fcdkoreanischen Friedensaktivisten und einem deutschen Friedens- und Konfliktforscher \u00fcber S\u00fcd- und Nordkorea zu diskutieren. Korea ist ein&#46;&#46;&#46;<\/p>\n","protected":false},"author":110,"featured_media":0,"comment_status":"open","ping_status":"open","sticky":false,"template":"","format":"standard","meta":{"footnotes":""},"categories":[104],"tags":[42,33,40,32,7,8,3,29,73,4],"class_list":["post-10779","post","type-post","status-publish","format-standard","hentry","category-ankuendigung","tag-abruestung","tag-atomwaffen","tag-demokratie","tag-information-diskussion","tag-kriegsdienstverweigerung-wehrpflicht","tag-kriminalisierung-von-antimilitarismus","tag-pazifismus","tag-solidaritat","tag-vereinte-nationen","tag-zivile-konfliktloesung"],"_links":{"self":[{"href":"https:\/\/www.friedenkoeln.de\/index.php?rest_route=\/wp\/v2\/posts\/10779","targetHints":{"allow":["GET"]}}],"collection":[{"href":"https:\/\/www.friedenkoeln.de\/index.php?rest_route=\/wp\/v2\/posts"}],"about":[{"href":"https:\/\/www.friedenkoeln.de\/index.php?rest_route=\/wp\/v2\/types\/post"}],"author":[{"embeddable":true,"href":"https:\/\/www.friedenkoeln.de\/index.php?rest_route=\/wp\/v2\/users\/110"}],"replies":[{"embeddable":true,"href":"https:\/\/www.friedenkoeln.de\/index.php?rest_route=%2Fwp%2Fv2%2Fcomments&post=10779"}],"version-history":[{"count":9,"href":"https:\/\/www.friedenkoeln.de\/index.php?rest_route=\/wp\/v2\/posts\/10779\/revisions"}],"predecessor-version":[{"id":10798,"href":"https:\/\/www.friedenkoeln.de\/index.php?rest_route=\/wp\/v2\/posts\/10779\/revisions\/10798"}],"wp:attachment":[{"href":"https:\/\/www.friedenkoeln.de\/index.php?rest_route=%2Fwp%2Fv2%2Fmedia&parent=10779"}],"wp:term":[{"taxonomy":"category","embeddable":true,"href":"https:\/\/www.friedenkoeln.de\/index.php?rest_route=%2Fwp%2Fv2%2Fcategories&post=10779"},{"taxonomy":"post_tag","embeddable":true,"href":"https:\/\/www.friedenkoeln.de\/index.php?rest_route=%2Fwp%2Fv2%2Ftags&post=10779"}],"curies":[{"name":"wp","href":"https:\/\/api.w.org\/{rel}","templated":true}]}}