{"id":10792,"date":"2017-05-08T23:17:15","date_gmt":"2017-05-08T21:17:15","guid":{"rendered":"http:\/\/www.friedenkoeln.de\/?p=10792"},"modified":"2017-05-08T23:17:15","modified_gmt":"2017-05-08T21:17:15","slug":"harald-fuchs-gedanken-zum-8-mai-2017","status":"publish","type":"post","link":"https:\/\/www.friedenkoeln.de\/?p=10792","title":{"rendered":"Harald Fuchs: Gedanken zum 8. Mai 2017"},"content":{"rendered":"<p><b><\/b>Am 8. Mai veranstaltete die Friedensinintiative K\u00f6ln-M\u00fclheim am Mahnmal auf dem Ratsplatz (Wallstr.) eine Kranzniederlegung.<\/p>\n<p>Aus diesem Anlass hielt ich eine Rede mit folgenden Gedanken:<\/p>\n<p>Wir erinnern heute an den 8. Mai 1945<!--more--><\/p>\n<ul>\n<li>das Ende des faschistischen deutschen Reiches und des 2. Weltkrieges,<\/li>\n<li>den Tag der Befreiung Deutschlands von der Terrorherrschaft der NSDAP und der Befreiung der \u00dcberlebenden des Terrors aus Gef\u00e4ngnissen und Konzentrationslagern.<\/li>\n<\/ul>\n<p>Es dauerte bis zur ber\u00fchmten Rede des Bundespr\u00e4sidenten von Weizs\u00e4cker, bis dieser Tag auch offiziell nicht mehr der Tag der Kapitulation, sondern der Tag der Befreiung Deutschlands war.<\/p>\n<p>Wir erinnern heute an den Schwur der \u00dcberlebenden H\u00e4ftlinge des KZ Buchenwald:<\/p>\n<p><b>\u201eNie wieder Faschismus \u2013 nie wieder Krieg!\u201c<\/b><\/p>\n<p>Dieser Schwur steht auf dem Denkmal unserer Initiative geschrieben, das vor 32 Jahren hier auf dem Ratsplatz in K\u00f6ln-M\u00fclheim von uns aufgestellt wurde.<\/p>\n<p>Was bedeutet dieser Schwur f\u00fcr uns heute?<\/p>\n<div id=\"attachment_10793\" style=\"width: 442px\" class=\"wp-caption alignright\"><img loading=\"lazy\" decoding=\"async\" aria-describedby=\"caption-attachment-10793\" class=\"size-full wp-image-10793\" src=\"http:\/\/www.friedenkoeln.de\/wp-content\/uploads\/2017\/05\/fullsizeoutput_43b.jpeg\" alt=\"\" width=\"432\" height=\"664\" \/><p id=\"caption-attachment-10793\" class=\"wp-caption-text\">Kranz zum 8. Mai 2017 am Mahnmal in K\u00f6ln-M\u00fclheim. Foto: Harald Fuchs<\/p><\/div>\n<p>Nat\u00fcrlich geht es darum, den Rechtsextremen und Rassisten Widerstand entgegen zu setzen, die Fremdenfeindlichkeit und Islamfeindlichkeit propagieren. Den Trumps, Wilders, Le Pens und Gauweilers.<\/p>\n<p>Aber auch der gro\u00dfen Koalition und den Kretschmann-Gr\u00fcnen gilt unser Widerstand, wenn sie sich als die harten Abschieber positionieren, um damit der AfD Stimmen abzujagen. Eine solche Politik wird nur die politischen Koordinationen unseres Landes weiter nach rechts verschieben, aber nicht den Zulauf zu den Rechtsextremen verhindern.<\/p>\n<p>Wenn wir wollen, dass von Deutschland nie wieder Krieg ausgehen soll, dann reicht es aber nicht, den Tendenzen zum Rechtsextremismus entgegen zu treten.<\/p>\n<p>Es war die CDU unter Konrad Adenauer, die die Wiederbewaffnung Deutschlands gegen die \u201eOhne-mich\u201c-Bewegung durchsetzte.<\/p>\n<p>Es war die rot-gr\u00fcne Bundesregierung unter dem Bundeskanzler Gerhard Schr\u00f6der, die die Bundeswehr in einen v\u00f6lkerrechtswidrigen Krieg gegen die Volksrepublik Jugoslawien f\u00fchrte und damit den Dammbruch f\u00fcr die Auslandseins\u00e4tze der Bundeswehr herbeif\u00fchrte. Heute steht die Bundeswehr in \u00fcber 20 L\u00e4ndern und f\u00fchrt Krieg z. B. in Afghanistan, Syrien und Mali.<\/p>\n<p>Es ist die derzeitige gro\u00dfe Koalition unter Angela Merkel, die propagiert, 2 % des Bruttosozialproduktes f\u00fcr R\u00fcstung auszugeben. Abgesehen davon, dass es keinerlei logischen Zusammenhang zwischen dem Bruttsozialprodukt und \u201eVerteidigungsnotwendigkeiten\u201c gibt: Dies bedeutet beinahe eine Verdoppelung der sowieso schon viel zu hohen R\u00fcstungsausgaben Deutschlands. Es bedeutet, einer Politik Trumps zu folgen, die an Hitlers Politik vor dem 2. Weltkrieg erinnert: Wirtschaftsankurbelung durch Aufr\u00fcstung auf Kosten erh\u00f6hter Staatsdefizite oder sozialer Aufgaben des Staates. Um dann die entstehenden wirtschaftlichen Schwierigkeiten nur noch durch Krieg \u201el\u00f6sen\u201c zu k\u00f6nnen.<\/p>\n<p>Was hat es zu bedeuten, dass die Bundesregierung den Beschluss des Deutschen Bundestages hintertrieben hat, dass die amerikanischen Atomwaffen aus Deutschland abgezogen werden sollen? Wie ist es zu erkl\u00e4ren, dass die deutsche Bundesregierung die Verhandlungen \u00fcber eine \u00c4chtung der Atomwaffen im Rahmen der UNO ablehnt und sich daran nicht beteiligt? Wie soll man es deuten, dass im deutschen Fernsehen \u00fcber Atomwaffen Deutschlands nachgedacht wurde? Es scheint wichtige Kr\u00e4fte innerhalb der deutschen Eliten zu geben, die den Griff nach der Atombombe auch nach dem Sieg der \u201eKampf dem Atomtod\u201c-Bewegung nicht aufgegeben haben.<\/p>\n<p>T\u00e4glich geht von Deutschland Krieg aus, indem Waffen geliefert werden. Deutschland ist der weltweit drittgr\u00f6\u00dfte Waffenexporteur und liefert Waffen z. B. an Saudi-Arabien, das zur Zeit einen blutigen Krieg gegen Jemen f\u00fchrt, wo hunderttausende Menschen vom Hungertod bedroht werden. Auch, weil Saudi-Arabien die jemenitischen H\u00e4fen mit Hilfe von Deutschland gelieferter Schiffe blockiert.<\/p>\n<p>Und Kriegsggefahr geht auch davon aus, dass sich Deutschland an der milit\u00e4rischen Einreisungs- und Sanktionspolitik der NATO gegen\u00fcber Russland beteiligt. Nachdem die damalige Sowjetunion ihre Truppen aus den neuen Bundesl\u00e4ndern abgezogen und den Weg zur Wiedervereinigung Deutschlands frei gemacht hat, stehen nunmehr Truppen der Bundeswehr in der ehemaligen Sowjetrepublik Litauen direkt an der russischen Grenze. Diese Politik erzeugt Mi\u00dftrauen und Bedrohungs\u00e4ngste und ist brandgef\u00e4hrlich f\u00fcr den Frieden.<\/p>\n<p>Unser Mahnmal bleibt aktuell. Wir haben noch viel zu tun. Deshalb werden wir daf\u00fcr sorgen, dass dieses Mahnmal noch lange hier stehen kann und die notwendigen Sanierungsarbeiten bald beginnen.<\/p>\n<p>Harald Fuchs<\/p>\n","protected":false},"excerpt":{"rendered":"<p>Am 8. Mai veranstaltete die Friedensinintiative K\u00f6ln-M\u00fclheim am Mahnmal auf dem Ratsplatz (Wallstr.) eine Kranzniederlegung. Aus diesem Anlass hielt ich eine Rede mit folgenden Gedanken: Wir erinnern heute an den 8. Mai 1945<\/p>\n","protected":false},"author":110,"featured_media":0,"comment_status":"open","ping_status":"open","sticky":false,"template":"","format":"standard","meta":{"footnotes":""},"categories":[2],"tags":[42,33,70,68,49,48,40,79,37,73,64],"class_list":["post-10792","post","type-post","status-publish","format-standard","hentry","category-aktionen","tag-abruestung","tag-atomwaffen","tag-auslandseinsaetze-der-bundeswehr","tag-bundesregierung","tag-bundestag","tag-bundeswehr","tag-demokratie","tag-rechtsextremismus","tag-ruestungsexporte","tag-vereinte-nationen","tag-zivilcourage"],"_links":{"self":[{"href":"https:\/\/www.friedenkoeln.de\/index.php?rest_route=\/wp\/v2\/posts\/10792","targetHints":{"allow":["GET"]}}],"collection":[{"href":"https:\/\/www.friedenkoeln.de\/index.php?rest_route=\/wp\/v2\/posts"}],"about":[{"href":"https:\/\/www.friedenkoeln.de\/index.php?rest_route=\/wp\/v2\/types\/post"}],"author":[{"embeddable":true,"href":"https:\/\/www.friedenkoeln.de\/index.php?rest_route=\/wp\/v2\/users\/110"}],"replies":[{"embeddable":true,"href":"https:\/\/www.friedenkoeln.de\/index.php?rest_route=%2Fwp%2Fv2%2Fcomments&post=10792"}],"version-history":[{"count":1,"href":"https:\/\/www.friedenkoeln.de\/index.php?rest_route=\/wp\/v2\/posts\/10792\/revisions"}],"predecessor-version":[{"id":10794,"href":"https:\/\/www.friedenkoeln.de\/index.php?rest_route=\/wp\/v2\/posts\/10792\/revisions\/10794"}],"wp:attachment":[{"href":"https:\/\/www.friedenkoeln.de\/index.php?rest_route=%2Fwp%2Fv2%2Fmedia&parent=10792"}],"wp:term":[{"taxonomy":"category","embeddable":true,"href":"https:\/\/www.friedenkoeln.de\/index.php?rest_route=%2Fwp%2Fv2%2Fcategories&post=10792"},{"taxonomy":"post_tag","embeddable":true,"href":"https:\/\/www.friedenkoeln.de\/index.php?rest_route=%2Fwp%2Fv2%2Ftags&post=10792"}],"curies":[{"name":"wp","href":"https:\/\/api.w.org\/{rel}","templated":true}]}}