{"id":10807,"date":"2017-05-13T07:00:52","date_gmt":"2017-05-13T05:00:52","guid":{"rendered":"http:\/\/www.friedenkoeln.de\/?p=10807"},"modified":"2020-11-14T23:23:48","modified_gmt":"2020-11-14T21:23:48","slug":"dfg-vk-nrw-empoerung-ueber-urteil-gegen-syrischen-kriegsdienstverweigerer","status":"publish","type":"post","link":"https:\/\/www.friedenkoeln.de\/?p=10807","title":{"rendered":"DFG-VK NRW: Emp\u00f6rung \u00fcber Urteil gegen syrischen Kriegsdienstverweigerer"},"content":{"rendered":"<div class=\"top\">\n<p>Dortmund. \u2013 Mit Unverst\u00e4ndnis und Emp\u00f6rung hat die <a href=\"https:\/\/www.google.de\/url?sa=t&amp;rct=j&amp;q=&amp;esrc=s&amp;source=web&amp;cd=1&amp;ved=0ahUKEwiZ7-eu0-rTAhVmAcAKHY1EDucQFggmMAA&amp;url=http%3A%2F%2Fwww.nrw.dfg-vk.de%2F&amp;usg=AFQjCNFQyqB4rV0jURJm-Oq95ZvC18itiA\">Deutsche Friedensgesellschaft &#8211; Vereinigte KriegsdienstgegnerInnen (DFG-VK) NRW<\/a> das Urteil des m\u00fcnsteraner Oberverwaltungsgerichts in Sachen eines syrischen Kriegsdienstverweigerers zur Kenntnis genommen.<\/p>\n<p><img loading=\"lazy\" decoding=\"async\" class=\"size-full wp-image-10277 aligncenter\" src=\"http:\/\/www.friedenkoeln.de\/wp-content\/uploads\/2017\/02\/fullsizeoutput_3ab-1.jpeg\" alt=\"\" width=\"1000\" height=\"291\" srcset=\"https:\/\/www.friedenkoeln.de\/wp-content\/uploads\/2017\/02\/fullsizeoutput_3ab-1.jpeg 1000w, https:\/\/www.friedenkoeln.de\/wp-content\/uploads\/2017\/02\/fullsizeoutput_3ab-1-768x223.jpeg 768w, https:\/\/www.friedenkoeln.de\/wp-content\/uploads\/2017\/02\/fullsizeoutput_3ab-1-956x278.jpeg 956w\" sizes=\"auto, (max-width: 1000px) 100vw, 1000px\" \/>Wie <a href=\"http:\/\/www.tagesschau.de\/inland\/asyl-muenster-urteil-101.html\">bekannt<\/a> wurde, war der junge Mann 2014 der bevorstehenden Einberufung zur syrischen Armee ausgewichen und nach Deutschland geflohen. Hier hatte er Asyl beantragt, das nun von dem Oberverwaltungsgericht abgelehnt worden ist. &#8222;Wir fordern schon seit langem das Asylrecht f\u00fcr Kriegsdienstverweigerer&#8220; so Joachim Schramm, Landesgesch\u00e4ftsf\u00fchrer der DFG-VK. &#8222;Alle verurteilen die m\u00f6rderischen Kriege in Syrien oder anderswo. Wenn dann ein junger Mann den Mut aufbringt, zum T\u00f6ten nein zu sagen und sich damit in diesem Fall in Lebensgefahr begibt, m\u00fcssen wir ihm doch Schutz gew\u00e4hren.&#8220;<\/p>\n<p>Die Organisation verurteilt besonders, das das Gericht dem syrischen Staat das Recht zuspricht, den Dienst bei der Armee gewaltsam durchzusetzen. Es sei unverst\u00e4ndlich, dass ein Gericht eines Landes, das das Recht auf Kriegsdienstverweigerung im Grundgesetz verankert hat, sich zu so einer Aussage hinrei\u00dfen l\u00e4\u00dft.<\/p>\n<p>(Pressemitteilung der DFG-VK NRW vom 11.5.2017)<\/p>\n<\/div>\n","protected":false},"excerpt":{"rendered":"<p>Dortmund. \u2013 Mit Unverst\u00e4ndnis und Emp\u00f6rung hat die Deutsche Friedensgesellschaft &#8211; Vereinigte KriegsdienstgegnerInnen (DFG-VK) NRW das Urteil des m\u00fcnsteraner Oberverwaltungsgerichts in Sachen eines syrischen Kriegsdienstverweigerers zur Kenntnis genommen. Wie bekannt wurde, war der junge&#46;&#46;&#46;<\/p>\n","protected":false},"author":110,"featured_media":0,"comment_status":"open","ping_status":"open","sticky":false,"template":"","format":"standard","meta":{"footnotes":""},"categories":[107],"tags":[28,7,3,80,64],"class_list":["post-10807","post","type-post","status-publish","format-standard","hentry","category-kommentar","tag-fluchtlingen","tag-kriegsdienstverweigerung-wehrpflicht","tag-pazifismus","tag-rechtsprechung","tag-zivilcourage"],"_links":{"self":[{"href":"https:\/\/www.friedenkoeln.de\/index.php?rest_route=\/wp\/v2\/posts\/10807","targetHints":{"allow":["GET"]}}],"collection":[{"href":"https:\/\/www.friedenkoeln.de\/index.php?rest_route=\/wp\/v2\/posts"}],"about":[{"href":"https:\/\/www.friedenkoeln.de\/index.php?rest_route=\/wp\/v2\/types\/post"}],"author":[{"embeddable":true,"href":"https:\/\/www.friedenkoeln.de\/index.php?rest_route=\/wp\/v2\/users\/110"}],"replies":[{"embeddable":true,"href":"https:\/\/www.friedenkoeln.de\/index.php?rest_route=%2Fwp%2Fv2%2Fcomments&post=10807"}],"version-history":[{"count":2,"href":"https:\/\/www.friedenkoeln.de\/index.php?rest_route=\/wp\/v2\/posts\/10807\/revisions"}],"predecessor-version":[{"id":10809,"href":"https:\/\/www.friedenkoeln.de\/index.php?rest_route=\/wp\/v2\/posts\/10807\/revisions\/10809"}],"wp:attachment":[{"href":"https:\/\/www.friedenkoeln.de\/index.php?rest_route=%2Fwp%2Fv2%2Fmedia&parent=10807"}],"wp:term":[{"taxonomy":"category","embeddable":true,"href":"https:\/\/www.friedenkoeln.de\/index.php?rest_route=%2Fwp%2Fv2%2Fcategories&post=10807"},{"taxonomy":"post_tag","embeddable":true,"href":"https:\/\/www.friedenkoeln.de\/index.php?rest_route=%2Fwp%2Fv2%2Ftags&post=10807"}],"curies":[{"name":"wp","href":"https:\/\/api.w.org\/{rel}","templated":true}]}}