{"id":10840,"date":"2017-05-21T16:29:21","date_gmt":"2017-05-21T14:29:21","guid":{"rendered":"http:\/\/www.friedenkoeln.de\/?p=10840"},"modified":"2017-05-21T21:39:14","modified_gmt":"2017-05-21T19:39:14","slug":"panzer-sperren-coole-aktionen-auf-medienkanaelen-der-dfg-vk","status":"publish","type":"post","link":"https:\/\/www.friedenkoeln.de\/?p=10840","title":{"rendered":"&#8222;Panzer sperren&#8220;: Coole Aktionen auf Medienkan\u00e4len der DFG-VK"},"content":{"rendered":"<p>Eigentlich sind Panzersperren \u2013 so genannte \u201eTschechen-Igel\u201c \u2013 dazu da, um Panzer zu hindern in ein bestimmtes Gebiet vorzusto\u00dfen. Am 11. Mai wurden solche Sperren hingegen dazu verwendet, um Panzer einzusperren: <!--more-->Genauer die des gro\u00dfen R\u00fcstungsherstellers \u201eKrauss-Maffei Wegmann\u201c im nordhessischen Kassel.<\/p>\n<div id=\"attachment_10841\" style=\"width: 649px\" class=\"wp-caption aligncenter\"><img loading=\"lazy\" decoding=\"async\" aria-describedby=\"caption-attachment-10841\" class=\"size-large wp-image-10841\" src=\"http:\/\/www.friedenkoeln.de\/wp-content\/uploads\/2017\/05\/2017-05-11_KMW-Blockade_Kassel-9-1024x768.jpeg\" alt=\"\" width=\"639\" height=\"479\" srcset=\"https:\/\/www.friedenkoeln.de\/wp-content\/uploads\/2017\/05\/2017-05-11_KMW-Blockade_Kassel-9-1024x768.jpeg 1024w, https:\/\/www.friedenkoeln.de\/wp-content\/uploads\/2017\/05\/2017-05-11_KMW-Blockade_Kassel-9-768x576.jpeg 768w\" sizes=\"auto, (max-width: 639px) 100vw, 639px\" \/><p id=\"caption-attachment-10841\" class=\"wp-caption-text\">Blockade von Krauss Maffei Wegmann in Kassel am 11.5.2017. Foto: B\u00fcndnis &#8222;Kassel entr\u00fcsten&#8220;<\/p><\/div>\n<p>Eine coole Aktion, die von den Medien nicht wahrgenommen wurde: Trotz einer von der DFG-VK\u00a0weit <a href=\"https:\/\/www.dfg-vk.de\/stoppt-den-waffenhandel\/ruestungskonzern-mit-panzersperren-blockiert\">verbreiteten Pressemitteilung und zur Verf\u00fcgung gestellter Fotos<\/a>. Umso wichtiger ist es, dass wir gemeinsam unsere Inhalte in die Welt tragen: Von der Blockade-Aktion gibt es \u2013 wie von vielen DFG-VK-Aktionen \u2013 <a href=\"https:\/\/www.youtube.com\/watch?v=lovI5785fTU\">ein tolles Video auf unserem YouTube-Kanal<\/a>. Hilf mit es zu verbreiten und schick es Freundinnen und Freunden sowie Bekannten! <a href=\"https:\/\/www.youtube.com\/channel\/UCzEmBuEBuaxS2mj9Rqu22Kw\">Den YouTube-Kanal<\/a>\u00a0der DFG-VK kannst du zudem auch kostenlos abonnieren und verpasst dann kein Video mehr. Und auch <a href=\"http:\/\/www.facebook.com\/dfg-vk\">auf Facebook<\/a> h\u00e4lt die DFG-VK Followerinnen und Follower immer auf dem neuesten Stand!<\/p>\n<p>(Nach einem Newsletter der\u00a0Deutsche Friedensgesellschaft &#8211; Vereinigte KriegsdienstgegnerInnen e. V.)<\/p>\n","protected":false},"excerpt":{"rendered":"<p>Eigentlich sind Panzersperren \u2013 so genannte \u201eTschechen-Igel\u201c \u2013 dazu da, um Panzer zu hindern in ein bestimmtes Gebiet vorzusto\u00dfen. Am 11. Mai wurden solche Sperren hingegen dazu verwendet, um Panzer einzusperren:<\/p>\n","protected":false},"author":110,"featured_media":0,"comment_status":"open","ping_status":"open","sticky":false,"template":"","format":"standard","meta":{"footnotes":""},"categories":[2],"tags":[42,61,56,81,77,37,71,64],"class_list":["post-10840","post","type-post","status-publish","format-standard","hentry","category-aktionen","tag-abruestung","tag-kommunale-friedensarbeit","tag-konversion","tag-medien","tag-militaerisch-industrieller-komplex","tag-ruestungsexporte","tag-waffenhandel","tag-zivilcourage"],"_links":{"self":[{"href":"https:\/\/www.friedenkoeln.de\/index.php?rest_route=\/wp\/v2\/posts\/10840","targetHints":{"allow":["GET"]}}],"collection":[{"href":"https:\/\/www.friedenkoeln.de\/index.php?rest_route=\/wp\/v2\/posts"}],"about":[{"href":"https:\/\/www.friedenkoeln.de\/index.php?rest_route=\/wp\/v2\/types\/post"}],"author":[{"embeddable":true,"href":"https:\/\/www.friedenkoeln.de\/index.php?rest_route=\/wp\/v2\/users\/110"}],"replies":[{"embeddable":true,"href":"https:\/\/www.friedenkoeln.de\/index.php?rest_route=%2Fwp%2Fv2%2Fcomments&post=10840"}],"version-history":[{"count":2,"href":"https:\/\/www.friedenkoeln.de\/index.php?rest_route=\/wp\/v2\/posts\/10840\/revisions"}],"predecessor-version":[{"id":10858,"href":"https:\/\/www.friedenkoeln.de\/index.php?rest_route=\/wp\/v2\/posts\/10840\/revisions\/10858"}],"wp:attachment":[{"href":"https:\/\/www.friedenkoeln.de\/index.php?rest_route=%2Fwp%2Fv2%2Fmedia&parent=10840"}],"wp:term":[{"taxonomy":"category","embeddable":true,"href":"https:\/\/www.friedenkoeln.de\/index.php?rest_route=%2Fwp%2Fv2%2Fcategories&post=10840"},{"taxonomy":"post_tag","embeddable":true,"href":"https:\/\/www.friedenkoeln.de\/index.php?rest_route=%2Fwp%2Fv2%2Ftags&post=10840"}],"curies":[{"name":"wp","href":"https:\/\/api.w.org\/{rel}","templated":true}]}}