{"id":10847,"date":"2017-05-22T07:00:27","date_gmt":"2017-05-22T05:00:27","guid":{"rendered":"http:\/\/www.friedenkoeln.de\/?p=10847"},"modified":"2017-05-21T17:43:40","modified_gmt":"2017-05-21T15:43:40","slug":"friedensaktionen-made-in-nordrhein-westfalen","status":"publish","type":"post","link":"https:\/\/www.friedenkoeln.de\/?p=10847","title":{"rendered":"Friedensaktionen &#8222;made in Nordrhein-Westfalen&#8220;"},"content":{"rendered":"<p>Friedensaktionen &#8222;made in Nordrhein-Westfalen&#8220;<\/p>\n<p>Die nordrhein-westf\u00e4lischen Pazifist*innen der DFG-VK organisieren Aktionen zum Mitmachen vor Ort\u00a0<!--more-->und kooperieren \u00fcberregional und international mit anderen Gruppen und Organisationen. Eine Auswahl davon bietet Joachim Schramm, Landesgesch\u00e4ftsf\u00fchrer der DFG-VK NRW im Newsletter:<\/p>\n<p>1) Nein zum \u201eTag der Bundeswehr\u201c \u2013 Aktionen in NRW<\/p>\n<p>2) FriedensFahrradtour NRW von K\u00f6ln nach Bielefeld<\/p>\n<p>3) Protestwochen am Atombombenstandort B\u00fcchel \u2013 mit Konstantin Wecker<\/p>\n<p>4) Menschenkette Aachen \u2013 Thiange: belgische AKW abschalten!<\/p>\n<p>5) National Bird \u2013 der Anti-Drohnen Film jetzt im Kino<\/p>\n<p>6) Kriegsdienstverweigerung in S\u00fcdkorea<\/p>\n<p>7) Whistleblowerin Mannig frei!<\/p>\n<p><b>1) Nein zum \u201eTag der Bundeswehr\u201c \u2013 Aktionen in NRW<\/b><\/p>\n<p>Um die Bev\u00f6lkerung von Milit\u00e4reins\u00e4tzen zu \u00fcberzeugen und junge Leute f\u00fcr den Kriegsdienst zu werben, f\u00fchrt die deutsche Armee auch 2017 einen \u201eTag der Bundeswehr\u201c durch. Am 10. Juni \u00f6ffnet die Armee an ausgew\u00e4hlten Standorten ihre Kasernentore und pr\u00e4sentiert sich auf \u00f6ffentlichen Pl\u00e4tzen mit einer Millionen-Euro schweren Propaganda-Show: in NRW in Aachen, H\u00fcrth und Augustdorf. Die Bundeswehr ist eine von weltweit nur noch wenigen Streitkr\u00e4ften, die auch Minderj\u00e4hrige an der Waffe ausbildet. Gezielt werden Kinder und Jugendliche beim \u201eTag der Bundeswehr\u201c f\u00fcr den Kriegsdienst begeistert, damit sie schon mit 17 Jahren in die Armee eintreten. Proteste von Kinderrechtlerinnen und Kinderrechtlern sowie dem \u201eUN Ausschuss f\u00fcr die Rechte des Kindes\u201c gegen diese Praxis werden ignoriert: J\u00e4hrlich rekrutiert die Bundeswehr so \u00fcber 1.500 Unter-18-J\u00e4hrige f\u00fcr den Dienst an der Waffe. Dagegen wollen wir etwas tun und die Aufmerksamkeit des Tages nutzen<b>. In Aachen mit einer Protest-Mahnwache vor der Kaserne: Samstag 10. Juni, Trierer Str. 445 ab 10 Uhr<\/b>. Kommt vorbei und unterst\u00fctzt uns! Infos auch zu Aktionen an anderen Orten: <a href=\"http:\/\/nrw.dfg-vk.de\/themen\/bundeswehr.html\">http:\/\/nrw.dfg-vk.de\/themen\/bundeswehr.html<\/a><\/p>\n<p><b>2) FriedensFahrradtour NRW von K\u00f6ln nach Bielefeld<\/b><\/p>\n<p>Schon im letzten Newsletter haben wir auf die diesj\u00e4hrige <b>FriedensFahrradtour vom 5. bis 12 August<\/b> aufmerksam gemacht. Inzwischen sind die Vorbereitungen weiter vorangeschritten, die Anmeldungen trudeln ein. Jetzt schnell entscheiden und anmelden: f\u00fcr die ganze Tour von K\u00f6ln bis Bielefeld oder auch nur f\u00fcr einige Tage. Gemeinsam f\u00fcr Frieden und Abr\u00fcstung aktiv werden, durch sch\u00f6ne Landschaften radeln, neue Leute kennenlernen und gemeinsam Spa\u00df haben. Mehr Infos und Anmeldem\u00f6glichkeit unter:\u00a0 <a href=\"http:\/\/nrw.dfg-vk.de\/themen\/Fahrradtour.html\">http:\/\/nrw.dfg-vk.de\/themen\/Fahrradtour.html<\/a><\/p>\n<p><img decoding=\"async\" src=\"webkit-fake-url:\/\/9180264E-01D3-4EB2-9470-36395AD326F4\/pastedGraphic_1.png\" alt=\"pastedGraphic_1.png\" \/><\/p>\n<p>Flyer Friedensradtour NRW 2017<\/p>\n<p><b>3) Protestwochen am Atombombenstandort B\u00fcchel \u2013 mit Konstantin Wecker<\/b><\/p>\n<p>Um den Jahreswechsel haben Politiker und Medien \u00dcberlegungen zu einer deutschen Atombombe ins Gespr\u00e4ch gebracht. Sie nutzten die \u00c4u\u00dferungen von US-Pr\u00e4sident Trump zum m\u00f6glichen R\u00fcckzug aus der NATO, um einer weiteren Militarisierung unseres Landes das Wort zu reden. Die Friedensbewegung weist solche Pl\u00e4ne auf das sch\u00e4rfste zur\u00fcck. In B\u00fcchel in der Eifel l\u00e4uft seit dem 26. M\u00e4rz eine Dauer-Protestaktion vor dem deutschen Luftwaffenst\u00fctzpunkt, auf dem US-Atombomben stationiert sind. 20 Wochen dauert die Aktion, bis zum 9. August, dem Jahrestag des Atombombenabwurfs auf Nagasaki. Immer neue Gruppen wechseln sich ab, um zu protestieren, zu diskutieren und zu blockieren.<\/p>\n<p><b>Die DFG-VK NRW unterst\u00fctzt den Aktionstag der DFG-VK K\u00f6ln am 25.\/26. Mai<\/b>. Dann fahren Leute aus K\u00f6ln und Umgebung zu einer Protest- und Blockadeaktion nach B\u00fcchel. Wer mitfahren m\u00f6chte bitte per Mail melden: <a href=\"mailto:dfg-vk.nrw@t-online.de\">dfg-vk.nrw@t-online.de<\/a><\/p>\n<p>Achtung: Am 15. Juli gibt es einen internationalen Aktionstag, an dem auch Konstantin Wecker in B\u00fcchel spielen wird. Mehr unter <a href=\"http:\/\/nrw.dfg-vk.de\/themen\/atomwaffen.html\">http:\/\/nrw.dfg-vk.de\/themen\/atomwaffen.html<\/a><\/p>\n<p><b>4) Menschenkette Aachen \u2013 Thiange: belgische AKW abschalten!<\/b><\/p>\n<p>Die Verbindung der zivilen und milit\u00e4rischen Nutzung der Atomkraft wird in diesen Wochen wieder besonders deutlich. Zun\u00e4chst wurde das, was Umweltgruppen schon lange bekannt gemacht hatten, auch in den Medien verbreitet: Aus dem nordrhein-westf\u00e4lischen Gronau wird von der Firma Urenco angereichertes Uran an die Brennelementefabrik in Lingen und von dort als Brennst\u00e4be an die belgischen Schrottreaktoren geliefert. Anfang Mai meldete nun die Tagesschau, es g\u00e4be \u00dcberlegungen, Uran aus Gronau in den USA auch f\u00fcr Atomwaffen zu nutzen: <a href=\"http:\/\/www.tagesschau.de\/ausland\/uran-usa-deutschland-101.html\">http:\/\/www.tagesschau.de\/ausland\/uran-usa-deutschland-101.html<\/a><\/p>\n<p>Lasst uns gemeinsam gegen die zivile und milit\u00e4rische Nutzung der Atomkraft aktiv werden! <b>Am 25. Juni findet eine 90km lange Menschenkette von Aachen zum belgischen Atomkraftwerk Thiange statt.<\/b> Mit ihr wird die sofortige Stilllegung der Atomkraftwerke in Thiange und Doel gefordert. \u00dcber zehntausend Menschen werden bei der Aktion erwartet. Unter <a href=\"https:\/\/www.chain-reaction-tihange.eu\/de\/\">https:\/\/www.chain-reaction-tihange.eu\/de\/<\/a>gibt es Infos, wie man sich beteiligen kann. Aus M\u00fcnster und anderen St\u00e4dten fahren Busse zur Menschenkette.<\/p>\n<p><b>5) National Bird \u2013 der Anti-Drohnen Film jetzt im Kino<\/b><\/p>\n<p>Der US-Drohnenkrieg geht auch unter Pr\u00e4sident Trump weiter. Nach wie vor ist der US-St\u00fctzpunkt Ramstein in Rheinland-Pfalz wichtiger Relaispunkt f\u00fcr die Drohnenangriffe. In diesen Tagen kommt nun der von Wim Wenders produzierte Film NATIONAL BIRD in die deutschen Kinos. <b>NATIONAL BIRD begleitet Menschen, die entschlossen sind, das Schweigen \u00fcber eine der umstrittensten milit\u00e4rischen Ma\u00dfnahmen der j\u00fcngeren Zeit zu brechen: den geheimen Drohnenkrieg der USA. <\/b>Es ist ein investigativer politischer Dokumentarfilm, der sich dem komplexen Thema des Drohnenkrieges aus einer individuellen Perspektive n\u00e4hert. Der Film liefert einen einzigartigen Einblick in das streng geheime US-amerikanische Drohnenprogramm. Im Film werden hochaktuelle und unterrichtsrelevante Themen behandelt wie: Krieg, Militarismus, Afghanistan, Politik, Kriegsfolgen, Whistleblower, Demokratie, Datenschutz, Gender, Aktivismus, \u00dcberwachung. Die DFG-VK ist Partner des Filmprojekts. <b>In NRW ist der Film bis jetzt in D\u00fcsseldorf, Essen und Bochum zu sehen<\/b>. Aber auch Schulvorf\u00fchrungen werden vom Vertrieb angeboten. Mehr Infos unter <a href=\"http:\/\/nationalbird-derfilm.de\/\">http:\/\/nationalbird-derfilm.de\/<\/a><\/p>\n<p><b>6) Kriegsdienstverweigerung in S\u00fcdkorea<\/b><\/p>\n<p>Korea ist ein geteiltes Land. Die seit Ende des Koreakrieges 1953 bestehenden Spannungen mit Nordkorea sorgen auch in S\u00fcdkorea f\u00fcr eine hohe Militarisierung. Das Land h\u00e4lt bei 50 Millionen Einwohnern eine Armee von 650.000 M\u00e4nnern und Frauen und hat damit die f\u00fcnftgr\u00f6\u00dfte Armee der Welt. Zugleich ist S\u00fcdkorea eine wirtschaftliche Macht in Ostasien und Verb\u00fcndeter der USA. Alle M\u00e4nner sind wehrpflichtig und m\u00fcssen zwischen 21 und 24 Monaten Milit\u00e4rdienst ableisten. Wer sich dem entgegenstellt, zahlt einen hohen Preis. Derzeit sind etwa 400 Kriegsdienstverweigerer in S\u00fcdkorea in Haft. Sie werden in der Regel zu 18 Monaten Gef\u00e4ngnisstrafe verurteilt. So erging es auch <b>Myungjin Moon<\/b>, der 2010 aus pazifistischen Gr\u00fcnden verweigerte.<\/p>\n<p>Die DFG-VK K\u00f6ln f\u00fchrt am <b>1. Juni um 19 Uhr Kart\u00e4userkirche, Kart\u00e4usergasse 7B<\/b>,eine Veranstaltung mit dem Kriegsdienstverweigerer durch. F\u00fcr die Organisation <a href=\"http:\/\/www.withoutwar.org\/\"><i>World Without War<\/i><\/a> wird er \u00fcber die Arbeit f\u00fcr Gewaltfreiheit und Menschenrechte berichten. Au\u00dferdem erl\u00e4utert der Friedens- und Konfliktforscher <b>Markus Liegl<\/b>, warum die Spannungen zwischen den USA und Nordkorea gegenw\u00e4rtig wachsen, weshalb Pj\u00f6ngjang mit dem Einsatz von Atomwaffen droht und welche Rolle die Volksrepublik China bei der L\u00f6sung des Konflikts spielen k\u00f6nnte. Das DFG-VK Bildungswerk NRW und andere Gruppen sind Mitveranstalter. Mehr unter <a href=\"http:\/\/www.friedenkoeln.de\/?p=10779\">http:\/\/www.friedenkoeln.de\/?p=10779<\/a><\/p>\n<p><b>7.) Whistleblowerin Mannig frei!<\/b><\/p>\n<p>Eine gute Nachricht zum Schluss: Chelsea Manning ist frei! Nach sieben Jahren Haft wurde die ehemalige US-Soldatin am 18. Mai entlassen. Manning war vor einer Geschlechtsumwandlung als Bradley Manning u.a. im Irak eingesetzt. Er gab 2010 interne Dokumente der US-Armee an die Enth\u00fcllungsplattform WiKiLeaks weiter und deckte damit Kriegsverbrechen der US-Armee im Irak auf. F\u00fcr diese mutige Tat verurteilte ein Milit\u00e4rgericht ihn trotz weltweiter Proteste zu 35 Jahren Haft. Unter teilweise entw\u00fcrdigen Haftbedingungen lie\u00df ihn das US-Milit\u00e4r daf\u00fcr b\u00fc\u00dfen, dass Manning nicht weggeschaut und geschwiegen hatte. Der ehemalige Pr\u00e4sident Obama hatte Manning kurz vor Ende seiner Amtszeit begnadigt.<\/p>\n<p>Mit pazifistischen Gr\u00fc\u00dfen,<\/p>\n<p>Joachim Schramm<\/p>\n<p>Landesgesch\u00e4ftsf\u00fchrer<\/p>\n<p><b>Infos, Aktionen, Neuigkeiten &#8211; die DFG-VK NRW im Internet: <\/b><a href=\"http:\/\/www.nrw.dfg-vk.de\/\">http:\/\/www.nrw.dfg-vk.de<\/a><\/p>\n","protected":false},"excerpt":{"rendered":"<p>Friedensaktionen &#8222;made in Nordrhein-Westfalen&#8220; Die nordrhein-westf\u00e4lischen Pazifist*innen der DFG-VK organisieren Aktionen zum Mitmachen vor Ort\u00a0<\/p>\n","protected":false},"author":110,"featured_media":0,"comment_status":"open","ping_status":"open","sticky":false,"template":"","format":"standard","meta":{"footnotes":""},"categories":[2],"tags":[42,33,70,38,44,39,61,56,47,7,8,3,37,73,71,82,64],"class_list":["post-10847","post","type-post","status-publish","format-standard","hentry","category-aktionen","tag-abruestung","tag-atomwaffen","tag-auslandseinsaetze-der-bundeswehr","tag-bundeswehr-und-schule","tag-drohnen","tag-kampfdrohnen","tag-kommunale-friedensarbeit","tag-konversion","tag-krieg-gegen-terror","tag-kriegsdienstverweigerung-wehrpflicht","tag-kriminalisierung-von-antimilitarismus","tag-pazifismus","tag-ruestungsexporte","tag-vereinte-nationen","tag-waffenhandel","tag-whistleblower","tag-zivilcourage"],"_links":{"self":[{"href":"https:\/\/www.friedenkoeln.de\/index.php?rest_route=\/wp\/v2\/posts\/10847","targetHints":{"allow":["GET"]}}],"collection":[{"href":"https:\/\/www.friedenkoeln.de\/index.php?rest_route=\/wp\/v2\/posts"}],"about":[{"href":"https:\/\/www.friedenkoeln.de\/index.php?rest_route=\/wp\/v2\/types\/post"}],"author":[{"embeddable":true,"href":"https:\/\/www.friedenkoeln.de\/index.php?rest_route=\/wp\/v2\/users\/110"}],"replies":[{"embeddable":true,"href":"https:\/\/www.friedenkoeln.de\/index.php?rest_route=%2Fwp%2Fv2%2Fcomments&post=10847"}],"version-history":[{"count":1,"href":"https:\/\/www.friedenkoeln.de\/index.php?rest_route=\/wp\/v2\/posts\/10847\/revisions"}],"predecessor-version":[{"id":10848,"href":"https:\/\/www.friedenkoeln.de\/index.php?rest_route=\/wp\/v2\/posts\/10847\/revisions\/10848"}],"wp:attachment":[{"href":"https:\/\/www.friedenkoeln.de\/index.php?rest_route=%2Fwp%2Fv2%2Fmedia&parent=10847"}],"wp:term":[{"taxonomy":"category","embeddable":true,"href":"https:\/\/www.friedenkoeln.de\/index.php?rest_route=%2Fwp%2Fv2%2Fcategories&post=10847"},{"taxonomy":"post_tag","embeddable":true,"href":"https:\/\/www.friedenkoeln.de\/index.php?rest_route=%2Fwp%2Fv2%2Ftags&post=10847"}],"curies":[{"name":"wp","href":"https:\/\/api.w.org\/{rel}","templated":true}]}}