{"id":10889,"date":"2017-05-30T07:00:31","date_gmt":"2017-05-30T05:00:31","guid":{"rendered":"http:\/\/www.friedenkoeln.de\/?p=10889"},"modified":"2017-05-29T23:32:06","modified_gmt":"2017-05-29T21:32:06","slug":"aufruf-zum-protest-beim-olg-duesseldorf-keine-kampfdrohnen-fuer-die-bundeswehr","status":"publish","type":"post","link":"https:\/\/www.friedenkoeln.de\/?p=10889","title":{"rendered":"Aufruf zum Protest beim OLG D\u00fcsseldorf: Keine Kampfdrohnen f\u00fcr die Bundeswehr!"},"content":{"rendered":"<p><strong>Das Friedensforum D\u00fcsseldorf, Attac und die DFG-VK appellieren an den Bundestag und an die Mitglieder im<\/strong><strong>\u00a0Haushalts- und im Verteidigungsausschuss, die Beschaffung von bewaffnungsf\u00e4higen Drohnen f\u00fcr die Bundeswehr mit Blick auf die v\u00f6llig unzureichende Pr\u00fcfung der rechtlichen, politischen und ethischen Fragen, die sich aus diesem Waffensystem ergeben, abzulehnen.<\/strong><!--more--><\/p>\n<p>D\u00fcsseldorf.\u00a0Am 31. Mai um 15 Uhr wird das Oberlandesgericht D\u00fcsseldorf das Urteil zum Vergabeverfahren der Bundesregierung zur Anschaffung von bewaffnungsf\u00e4higen Drohnen f\u00fcr die Bundeswehr verk\u00fcnden. Ab 14 Uhr werden das Friedensforum D\u00fcsseldorf, Attac und die DFG-VK mit einer Mahnwache gegen Kampfdrohnen vor dem OLG protestieren.<\/p>\n<div id=\"attachment_10701\" style=\"width: 320px\" class=\"wp-caption alignright\"><img loading=\"lazy\" decoding=\"async\" aria-describedby=\"caption-attachment-10701\" class=\" wp-image-10701\" src=\"http:\/\/www.friedenkoeln.de\/wp-content\/uploads\/2017\/04\/CODEPINK-against-Drones-in-Pakistan-1024x638.jpg\" alt=\"\" width=\"310\" height=\"193\" srcset=\"https:\/\/www.friedenkoeln.de\/wp-content\/uploads\/2017\/04\/CODEPINK-against-Drones-in-Pakistan-1024x638.jpg 1024w, https:\/\/www.friedenkoeln.de\/wp-content\/uploads\/2017\/04\/CODEPINK-against-Drones-in-Pakistan-768x478.jpg 768w, https:\/\/www.friedenkoeln.de\/wp-content\/uploads\/2017\/04\/CODEPINK-against-Drones-in-Pakistan-80x50.jpg 80w, https:\/\/www.friedenkoeln.de\/wp-content\/uploads\/2017\/04\/CODEPINK-against-Drones-in-Pakistan.jpg 1565w\" sizes=\"auto, (max-width: 310px) 100vw, 310px\" \/><p id=\"caption-attachment-10701\" class=\"wp-caption-text\">US-Friedensaktivist*innen und pakistanische Familien protestieren gemeinsam gegen Drohnenkrieg in Pakistan. Foto: privat.<\/p><\/div>\n<p>\u201cWir lehnen jede Beschaffung von bewaffnungsf\u00e4higen Drohnen f\u00fcr die Bundeswehr \u2013 ob von US-amerikanischen, israelischen, oder europ\u00e4ischen Herstellern &#8211; entschieden ab\u201d, sagt Ernst Gleichmann vom Friedensforum D\u00fcsseldorf. \u201cDenn die im Koalitionsvertrag vereinbarte \u2018sorgf\u00e4ltige Pr\u00fcfung\u2019 der \u2018v\u00f6lker- und verfassungsrechtlichen, sicherheitspolitischen, und ethischen Fragen\u2019 im Zusammenhang mit solchen Waffensystemen ist noch nicht erfolgt!\u201d Einhundertf\u00fcnfzig Organisationen haben den durch die Friedenskoordination Berlin mitinitiierten Appell \u201cKeine Kampfdrohnen!\u201d unterzeichnet.<\/p>\n<div id=\"attachment_9469\" style=\"width: 343px\" class=\"wp-caption alignleft\"><img loading=\"lazy\" decoding=\"async\" aria-describedby=\"caption-attachment-9469\" class=\" wp-image-9469\" src=\"http:\/\/www.friedenkoeln.de\/wp-content\/uploads\/2016\/06\/TobyPink-DroneCreech.jpeg\" alt=\"\" width=\"333\" height=\"234\" srcset=\"https:\/\/www.friedenkoeln.de\/wp-content\/uploads\/2016\/06\/TobyPink-DroneCreech.jpeg 900w, https:\/\/www.friedenkoeln.de\/wp-content\/uploads\/2016\/06\/TobyPink-DroneCreech-768x538.jpeg 768w\" sizes=\"auto, (max-width: 333px) 100vw, 333px\" \/><p id=\"caption-attachment-9469\" class=\"wp-caption-text\">Toby Blom\u00e9 (CODEPINK) diskutiert in Creech, Nevada, mit einem Polizisten \u00fcber den Drohnenkrieg. Foto: privat.<\/p><\/div>\n<p>Das Verteidigungsministerium hatte einen Vertrag mit der Firma Airbus f\u00fcr die Anschaffung der Heron-TP-Drohnen des israelischen Herstellers IAI ausgehandelt. Dagegen hat die US-amerikanische Konkurrent General Atomics geklagt. Wenn das Gericht dem Ministerium am 31. Mai Recht gibt, wird die Bundesregierung voraussichtlich den Airbus\/IAI-Vertrag schon im Juni den Haushalts- und Verteidigungsaussch\u00fcssen zur Bewilligung vorlegen.<\/p>\n<p>\u201cDer Einsatz dieses Waffensystems, wie etwa in Afghanistan, hat nicht vertretbare Konsequenzen\u201d, sagt US-B\u00fcrgerin Elsa Rassbach, Mitglied bei Attac und DFG-VK und Sprecherin der US-Friedensorganisation CODEPINK in Deutschland. \u201cDies gilt nicht nur f\u00fcr die afghanische Bev\u00f6lkerung, sondern auch f\u00fcr das ausf\u00fchrende Milit\u00e4rpersonal, das schwerwiegende pers\u00f6nliche, psychische und moralische Sch\u00e4den erleidet, wie am Schicksal der drei US-Whistleblower im Film \u2018<a href=\"http:\/\/nationalbird-derfilm.de\">National Bird &#8211; Wohin geht die Reise, Amerika?<\/a>\u2019 klar wird. Alle deutschen Verantwortlichen, die diese Entscheidung zu tragen haben, sollen nochmals in sich gehen.\u201d<\/p>\n<div id=\"attachment_9490\" style=\"width: 387px\" class=\"wp-caption alignright\"><img loading=\"lazy\" decoding=\"async\" aria-describedby=\"caption-attachment-9490\" class=\" wp-image-9490\" src=\"http:\/\/www.friedenkoeln.de\/wp-content\/uploads\/2016\/06\/IMG_20160611_163316-1024x576.jpg\" alt=\"\" width=\"377\" height=\"212\" srcset=\"https:\/\/www.friedenkoeln.de\/wp-content\/uploads\/2016\/06\/IMG_20160611_163316-1024x576.jpg 1024w, https:\/\/www.friedenkoeln.de\/wp-content\/uploads\/2016\/06\/IMG_20160611_163316-768x432.jpg 768w, https:\/\/www.friedenkoeln.de\/wp-content\/uploads\/2016\/06\/IMG_20160611_163316-956x538.jpg 956w\" sizes=\"auto, (max-width: 377px) 100vw, 377px\" \/><p id=\"caption-attachment-9490\" class=\"wp-caption-text\">Friedensdemo 2016 vor der Hauptzufahrt zur Ramstein Air Base, die im US-Drohnenkrieg unabdingbar ist. Foto: Stefanie Intveen.<\/p><\/div>\n<p>Am 26. Mai, als die Verteidigungsministerin eine Predigt im Rahmen des \u201eBittgottesdienstes f\u00fcr den Frieden&#8220; auf dem Deutschen Evangelischen Kirchentag hielt, hatten Frau Rassbach und eine weitere Aktivistin vor ihr mit einem Transparent \u201cKeine Kampfdrohnen f\u00fcr die Bundeswehr!\u201d protestiert. Frau von der Leyen bat die Aktivistinnen zu sich auf die Empore. Frau Rassbach wird am 31. Mai bei der Urteilsverk\u00fcndung in D\u00fcsseldorf anwesend sein.<\/p>\n<p>Die Friedensorganisationen appellieren an den Bundestag und an die Mitglieder in den Haushalts- und Verteidigungsaussch\u00fcssen, die Beschaffung von bewaffnungsf\u00e4higen Drohnen f\u00fcr die Bundeswehr mit Blick auf die v\u00f6llig unzureichende Pr\u00fcfung der rechtlichen, politischen und ethischen Fragen, die sich aus diesem Waffensystem ergeben, abzulehnen.<\/p>\n<p>###<\/p>\n<p>Ansprechpartner<strong>:<\/strong><\/p>\n<p>Prof. Dr. med., i. R. Ernst Gleichmann, Friedensforum D\u00fcsseldorf , DFG-VK, ernst.gleichmann@web.de, Tel.: 0211 75 18 74<\/p>\n<p>Elsa Rassbach, Attac, DFG-VK, Sprecherin CODEPINK in Deutschland,\u00a0elsarassbach@gmail.com, Tel.: 0170 738 1450<\/p>\n<p><strong>Siehe auch: <\/strong><\/p>\n<p>http:\/\/www.attac.de\/startseite\/detailansicht\/news\/keine-kampfdrohnen-fur-die-bundeswehr\/<\/p>\n<p>Aktiv werden! http:\/\/www.attac-netzwerk.de\/ag-globalisierung-und-krieg\/keinekampfdrohnen\/<\/p>\n<p>ZDFheute (Ausschnitt): https:\/\/youtu.be\/2vga59LuaIE<\/p>\n<p>&nbsp;<\/p>\n","protected":false},"excerpt":{"rendered":"<p>Das Friedensforum D\u00fcsseldorf, Attac und die DFG-VK appellieren an den Bundestag und an die Mitglieder im\u00a0Haushalts- und im Verteidigungsausschuss, die Beschaffung von bewaffnungsf\u00e4higen Drohnen f\u00fcr die Bundeswehr mit Blick auf die v\u00f6llig unzureichende Pr\u00fcfung&#46;&#46;&#46;<\/p>\n","protected":false},"author":110,"featured_media":0,"comment_status":"open","ping_status":"open","sticky":false,"template":"","format":"standard","meta":{"footnotes":""},"categories":[2],"tags":[42,68,49,48,44,39,80,82,64],"class_list":["post-10889","post","type-post","status-publish","format-standard","hentry","category-aktionen","tag-abruestung","tag-bundesregierung","tag-bundestag","tag-bundeswehr","tag-drohnen","tag-kampfdrohnen","tag-rechtsprechung","tag-whistleblower","tag-zivilcourage"],"_links":{"self":[{"href":"https:\/\/www.friedenkoeln.de\/index.php?rest_route=\/wp\/v2\/posts\/10889","targetHints":{"allow":["GET"]}}],"collection":[{"href":"https:\/\/www.friedenkoeln.de\/index.php?rest_route=\/wp\/v2\/posts"}],"about":[{"href":"https:\/\/www.friedenkoeln.de\/index.php?rest_route=\/wp\/v2\/types\/post"}],"author":[{"embeddable":true,"href":"https:\/\/www.friedenkoeln.de\/index.php?rest_route=\/wp\/v2\/users\/110"}],"replies":[{"embeddable":true,"href":"https:\/\/www.friedenkoeln.de\/index.php?rest_route=%2Fwp%2Fv2%2Fcomments&post=10889"}],"version-history":[{"count":3,"href":"https:\/\/www.friedenkoeln.de\/index.php?rest_route=\/wp\/v2\/posts\/10889\/revisions"}],"predecessor-version":[{"id":10892,"href":"https:\/\/www.friedenkoeln.de\/index.php?rest_route=\/wp\/v2\/posts\/10889\/revisions\/10892"}],"wp:attachment":[{"href":"https:\/\/www.friedenkoeln.de\/index.php?rest_route=%2Fwp%2Fv2%2Fmedia&parent=10889"}],"wp:term":[{"taxonomy":"category","embeddable":true,"href":"https:\/\/www.friedenkoeln.de\/index.php?rest_route=%2Fwp%2Fv2%2Fcategories&post=10889"},{"taxonomy":"post_tag","embeddable":true,"href":"https:\/\/www.friedenkoeln.de\/index.php?rest_route=%2Fwp%2Fv2%2Ftags&post=10889"}],"curies":[{"name":"wp","href":"https:\/\/api.w.org\/{rel}","templated":true}]}}