{"id":10911,"date":"2017-06-04T18:19:49","date_gmt":"2017-06-04T16:19:49","guid":{"rendered":"http:\/\/www.friedenkoeln.de\/?p=10911"},"modified":"2017-06-04T18:19:49","modified_gmt":"2017-06-04T16:19:49","slug":"mitmachen-keinen-tag-der-bundeswehr-in-aachen-und-huerth","status":"publish","type":"post","link":"https:\/\/www.friedenkoeln.de\/?p=10911","title":{"rendered":"Mitmachen: Keinen Tag der Bundeswehr in Aachen und H\u00fcrth!"},"content":{"rendered":"<h3>Aufruf zum bundesweiten Aktionstag gegen den \u201eTag der Bundeswehr\u201c am 10. Juni 2017<\/h3>\n<p>Zeit der Aufr\u00fcstung: Auf \u00fcber 60 Milliarden Euro sollen die deutschen Milit\u00e4rausgaben in den n\u00e4chsten Jahren steigen \u2013 das sind mindestens 23 Milliarden Euro mehr als heute. Die Anzahl der Soldatinnen und Soldaten s<br \/>\noll bald knapp 200.000 betragen \u2013 eine Aufstockung um etwa 30.000 Personen. Damit zementiert die Bundesregierung eine Au\u00dfen- und Sicherheitspolitik, die auf milit\u00e4rische Gewalt <!--more--><br \/>\nals ein favorisiertes Mittel zur Durchsetzung politischer und \u00f6konomischer Ziele setzt. Schon heute sind \u00fcber 3.000 deutsche Sold<br \/>\natinnen und Soldaten in Auslandseins\u00e4tzen vom Kosovo bis Somalia, von Afghanistan bis Mali im Einsatz \u2013 nachhaltig f\u00fcr Frieden k\u00f6nnen sie<br \/>\nnicht sorgen.<\/p>\n<p>Um die Bev\u00f6lkerung von M<img loading=\"lazy\" decoding=\"async\" class=\"wp-image-8417 alignleft\" src=\"http:\/\/www.friedenkoeln.de\/wp-content\/uploads\/2015\/05\/Kein-Tag-der-Bundeswehr.png\" alt=\"Schriftzug und Logo der DFG-VK-Aktion &quot;Keinen Tag der Bundeswehr. kreativ. bunt. gewaltfrei&quot;\" width=\"301\" height=\"188\" \/>ilit\u00e4reins\u00e4tzen zu \u00fcberzeugen und junge Leute f\u00fcr den Kriegsdienst zu werben, f\u00fchrt die vom Verteidigungsministerium befehligte deutsche Armee seit 2015 einen \u201eTag der Bundeswehr\u201c durch. An dem Tag \u00f6ffnet die Armee an ausgew\u00e4hlten Standorten ihre Kasernentore oder pr\u00e4sentiert sich auf \u00f6ffentlichen Pl\u00e4tzen mit einer Millionen-Euro schweren Propaganda-Show.<\/p>\n<p>\u00dcber 200.000 Menschen kamen jeweils in den letzten Jahren zum \u201eTag der Bundeswehr\u201c \u2013 darunter auch sehr junge Menschen: 2016 sorgten F\u00e4lle von Kindern an Handfeuerwaffen auf dem Armee-Werbetag f\u00fcr Schlagzeilen. Die Bundeswehr ist eine von weltweit nur noch wenigen Streitkr\u00e4ften, die auch Minderj\u00e4hrige an der Waffe ausbildet und daher auch gezielt wirbt. Proteste von Kinderrechtlerinnen und Kinderrechtlern, dem \u201eUN Ausschuss f\u00fcr die Rechte des Kindes\u201c und der Kinderkommission des Bundestags gegen diese Praxis werden ignoriert: J\u00e4hrlich bildet die Bundeswehr so \u00fcber 1.500 unter-18-J\u00e4hrige an der Waffe aus \u2013 Tendenz steigend!<\/p>\n<p>Auch in diesem Jahr werden hunderttausende Zivilistinnen und Zivilisten jeden Alters erwartet \u2013 nutzen wir die Aufmerksamkeit und setzen der Milit\u00e4r-Propaganda etwas entgegen: Machen wir den \u201eTag der Bundeswehr\u201c zum bundesweiten Aktionstag gegen Krieg und Milit\u00e4r! Setzen wir uns f\u00fcr ein Ende der Aufr\u00fcstung ein!<\/p>\n<p><img loading=\"lazy\" decoding=\"async\" class=\"size-large wp-image-10913 aligncenter\" src=\"http:\/\/www.friedenkoeln.de\/wp-content\/uploads\/2017\/06\/KTdBw-2017-Plakat-web-klein-726x1024.jpg\" alt=\"Karte der BRD mit denjenigen St\u00e4dten, in denen die Bundeswehr am 10.6.2017 ihre aufw\u00e4ndigen Werbeveranstaltungen plant.\" width=\"639\" height=\"901\" srcset=\"https:\/\/www.friedenkoeln.de\/wp-content\/uploads\/2017\/06\/KTdBw-2017-Plakat-web-klein-726x1024.jpg 726w, https:\/\/www.friedenkoeln.de\/wp-content\/uploads\/2017\/06\/KTdBw-2017-Plakat-web-klein-768x1083.jpg 768w, https:\/\/www.friedenkoeln.de\/wp-content\/uploads\/2017\/06\/KTdBw-2017-Plakat-web-klein.jpg 800w\" sizes=\"auto, (max-width: 639px) 100vw, 639px\" \/><br \/>\nBereits in den letzten beiden Jahren fanden an fast allen beteiligten Armee-Standorten teils spektakul\u00e4re, teils ganz einfache und ebenso wirkungsvolle Aktionen gegen deutsche Kriegseins\u00e4tze, Aufr\u00fcstung und die Bundeswehr als Mittel der Politik statt. So soll es auch 2017 sein! Lassen wir das Milit\u00e4rspektakel nicht unkommentiert!<\/p>\n<p>In diesem Jahr will die Bundeswehr ihren Propaganda-Tag an 16 Standorten begehen: <strong>Aachen<\/strong>, Augustdorf, Diepholz, Fa\u00dfberg, F\u00fcssen, Greding, <strong>H\u00fcrth<\/strong>, Penzing, Pl\u00f6n, R\u00fcsselsheim, Storkow, Stralsund, Ulm, Weiden, Wei\u00dfenfels und Wilhelmshaven. Seid kreativ und werdet aktiv f\u00fcr eine friedliche Welt ohne Milit\u00e4r: War starts here! Let\u2019s stop it here! Entziehen wir der Bundeswehr die Zustimmung und den Nachwuchs von morgen!<\/p>\n<p><em>29.5.2017, Deutsche Friedensgesellschaft \u2013 Vereinigte KriegsdienstgegnerInnen (DFG-VK) Bundesverband, Netzwerk Friedenskooperative<\/em><\/p>\n<p>Weitere Infos: www.kein-tag-der-bundeswehr.de<\/p>\n<p>Twitter-Schlagworte: #KTdBW oder #KeinTdBW<\/p>\n","protected":false},"excerpt":{"rendered":"<p>Aufruf zum bundesweiten Aktionstag gegen den \u201eTag der Bundeswehr\u201c am 10. Juni 2017 Zeit der Aufr\u00fcstung: Auf \u00fcber 60 Milliarden Euro sollen die deutschen Milit\u00e4rausgaben in den n\u00e4chsten Jahren steigen \u2013 das sind mindestens&#46;&#46;&#46;<\/p>\n","protected":false},"author":110,"featured_media":0,"comment_status":"open","ping_status":"open","sticky":false,"template":"","format":"standard","meta":{"footnotes":""},"categories":[2],"tags":[42,70,48,38,5,56,73,64],"class_list":["post-10911","post","type-post","status-publish","format-standard","hentry","category-aktionen","tag-abruestung","tag-auslandseinsaetze-der-bundeswehr","tag-bundeswehr","tag-bundeswehr-und-schule","tag-kindersoldaten","tag-konversion","tag-vereinte-nationen","tag-zivilcourage"],"_links":{"self":[{"href":"https:\/\/www.friedenkoeln.de\/index.php?rest_route=\/wp\/v2\/posts\/10911","targetHints":{"allow":["GET"]}}],"collection":[{"href":"https:\/\/www.friedenkoeln.de\/index.php?rest_route=\/wp\/v2\/posts"}],"about":[{"href":"https:\/\/www.friedenkoeln.de\/index.php?rest_route=\/wp\/v2\/types\/post"}],"author":[{"embeddable":true,"href":"https:\/\/www.friedenkoeln.de\/index.php?rest_route=\/wp\/v2\/users\/110"}],"replies":[{"embeddable":true,"href":"https:\/\/www.friedenkoeln.de\/index.php?rest_route=%2Fwp%2Fv2%2Fcomments&post=10911"}],"version-history":[{"count":4,"href":"https:\/\/www.friedenkoeln.de\/index.php?rest_route=\/wp\/v2\/posts\/10911\/revisions"}],"predecessor-version":[{"id":10916,"href":"https:\/\/www.friedenkoeln.de\/index.php?rest_route=\/wp\/v2\/posts\/10911\/revisions\/10916"}],"wp:attachment":[{"href":"https:\/\/www.friedenkoeln.de\/index.php?rest_route=%2Fwp%2Fv2%2Fmedia&parent=10911"}],"wp:term":[{"taxonomy":"category","embeddable":true,"href":"https:\/\/www.friedenkoeln.de\/index.php?rest_route=%2Fwp%2Fv2%2Fcategories&post=10911"},{"taxonomy":"post_tag","embeddable":true,"href":"https:\/\/www.friedenkoeln.de\/index.php?rest_route=%2Fwp%2Fv2%2Ftags&post=10911"}],"curies":[{"name":"wp","href":"https:\/\/api.w.org\/{rel}","templated":true}]}}