{"id":10922,"date":"2017-06-06T07:00:05","date_gmt":"2017-06-06T05:00:05","guid":{"rendered":"http:\/\/www.friedenkoeln.de\/?p=10922"},"modified":"2017-06-05T23:10:32","modified_gmt":"2017-06-05T21:10:32","slug":"deutschland-braucht-keine-bewaffnungsfaehige-kampfdrohnen","status":"publish","type":"post","link":"https:\/\/www.friedenkoeln.de\/?p=10922","title":{"rendered":"\u201eDeutschland braucht keine bewaffnungsf\u00e4hige Kampfdrohnen!\u201c"},"content":{"rendered":"<p>Vor dem Oberlandesgericht D\u00fcsseldorf, das am 31.05.2017 rechtliche H\u00fcrden f\u00fcr die Anschaffung von israelischen bewaffnungsf\u00e4higen Drohnen Heron TP durch die Bundesregierung beseitigte, verlangten\u00a0Friedensaktivist*innen ein Stopp dieses\u00a0Aufr\u00fcstungsschrittes. Elsa Rassbach, DFG-VK-Mitglied, geh\u00f6rte zu den Initiator*innen. Hier ist ihr Bericht:<!--more--><\/p>\n<div class=\"entry\">\n<p>Liebe FriedensfreundInnen und MitstreiterInnen,<\/p>\n<p>auf Einladung des Friedensforums D\u00fcsseldorf haben wir, etwa 25 AktivistInnen, ab 14 Uhr am 31.05. eine Mahnwache vorm Oberlandesgericht D\u00fcsseldorf gehalten. Siehe unsere <a href=\"https:\/\/www.ippnw.de\/presse\/artikel\/de\/deutschland-braucht-keine-bewaffnung.html\">Pressemitteilung<\/a> vom 29.05.2017.<\/p>\n<div id=\"attachment_10924\" style=\"width: 649px\" class=\"wp-caption alignright\"><img loading=\"lazy\" decoding=\"async\" aria-describedby=\"caption-attachment-10924\" class=\"size-large wp-image-10924\" src=\"http:\/\/www.friedenkoeln.de\/wp-content\/uploads\/2017\/06\/1.PETX1748-1024x681.jpg\" alt=\"Das Foto zeigt ein gro\u00dfes Transparent mit der Aufschrift &quot;Stoppt den US-Drohnenkrieg via Ramstein! Solidarit\u00e4t mit den Opfern!&quot; Mehr als ein Dutzend Friedensaktivisten halten es hoch.\" width=\"639\" height=\"425\" srcset=\"https:\/\/www.friedenkoeln.de\/wp-content\/uploads\/2017\/06\/1.PETX1748-1024x681.jpg 1024w, https:\/\/www.friedenkoeln.de\/wp-content\/uploads\/2017\/06\/1.PETX1748-768x511.jpg 768w\" sizes=\"auto, (max-width: 639px) 100vw, 639px\" \/><p id=\"caption-attachment-10924\" class=\"wp-caption-text\">Mahnwache vor dem Oberlandesgericht D\u00fcsseldorf am 31.5.2017. Foto: Gisela Theodora Blomberg.<\/p><\/div>\n<p>Mitglieder verschiedener Friedensorganisationen haben an der Aktion teilgenommen, u. a. Attac, DFG-VK, Lebenslaute, CODEPINK, und das Friedensforum D\u00fcsseldorf. Sie trugen Transparente mit den Losungen \u201cKeine Kampfdrohnen f\u00fcr die Bundeswehr!\u201d, \u201cStopp dem Aufr\u00fcstungsirrsinn!\u201d und \u201cStoppt den US-Drohnenkrieg via Ramstein! Solidarit\u00e4t mit den Opfern!\u201c<\/p>\n<div id=\"attachment_10925\" style=\"width: 649px\" class=\"wp-caption alignleft\"><img loading=\"lazy\" decoding=\"async\" aria-describedby=\"caption-attachment-10925\" class=\"size-large wp-image-10925\" src=\"http:\/\/www.friedenkoeln.de\/wp-content\/uploads\/2017\/06\/2.IMG_4431-1024x768.jpg\" alt=\"6 Friedensaktivist*innen vor dem Eingang ins OLG D\u00fcsseldorf. Sie tragen schwarze T-Shirts mit der obigen Aufschrift.\" width=\"639\" height=\"479\" srcset=\"https:\/\/www.friedenkoeln.de\/wp-content\/uploads\/2017\/06\/2.IMG_4431-1024x768.jpg 1024w, https:\/\/www.friedenkoeln.de\/wp-content\/uploads\/2017\/06\/2.IMG_4431-768x576.jpg 768w\" sizes=\"auto, (max-width: 639px) 100vw, 639px\" \/><p id=\"caption-attachment-10925\" class=\"wp-caption-text\">&#8222;Wir schweigen nicht!&#8220; auf deutsch, englisch, farsi. Foto: Tanja Brouwers.<\/p><\/div>\n<p>Etwa die H\u00e4lfte der AktivistInnen gingen dann ins Gerichtsgeb\u00e4ude, um die Urteilsverk\u00fcndung zu h\u00f6ren.<\/p>\n<p>Einige trugen T-Shirts verschiedener Friedensorganisationen. Sechs der AktivistInnen trugen schwarz\/wei\u00dfe T-Shirts der US-Friedensbewegung mit dem Spruch \u201cWir schweigen nicht\u201d auf Deutsch, Englisch, Farsi,\u00a0Arabisch und Hebr\u00e4isch. Die US-Friedensbewegung hat sich zum Protest gegen den sogenannten \u201cKrieg gegen den Terror\u201d den Spruch der Anti-Hitler-Studentenorganisation \u201cWei\u00dfe Rose\u201d zu eigen gemacht.<\/p>\n<p>Das Gericht lehnte die Vergabeverfahrensklage des US-Drohnenproduzenten General Atomic ab und gab der deutschen Regierung einen Freibrief, den schon ausgehandelten Vertrag mit der europ\u00e4ischen Firma Airbus zum Leasing von f\u00fcnf bewaffnungsf\u00e4higen Kampfdrohnen der israelischen Firma IAI dem Bundestag zur Bewilligung vorzulegen.<\/p>\n<p>Im Bundestag muss nur noch der Haushaltsausschuss unter Beratung mit dem Verteidigungsausschuss dar\u00fcber abstimmen. Die letzten Haushaltsausschusssitzungen in dieser Legislaturperiode finden am 21. und am 28. Juni statt. Vor der Bundestagssommerpause und den Wahlen wird die endg\u00fcltige Entscheidung wohl getroffen werden. Die AktivistInnen und ihre Organisationen rufen alle Friedensbewegten auf, sich mit der Bitte an die Abgeordneten im Bundestag zu wenden, die Anschaffung der bewaffnungsf\u00e4higen Kampfdrohnen abzulehnen.<\/p>\n<p>Mit friedlichen und solidarischen Gr\u00fc\u00dfen,<\/p>\n<p>Elsa Rassbach<br \/>\nAttac, DFG-VK, Sprecherin CODEPINK in Deutschland<\/p>\n<\/div>\n","protected":false},"excerpt":{"rendered":"<p>Vor dem Oberlandesgericht D\u00fcsseldorf, das am 31.05.2017 rechtliche H\u00fcrden f\u00fcr die Anschaffung von israelischen bewaffnungsf\u00e4higen Drohnen Heron TP durch die Bundesregierung beseitigte, verlangten\u00a0Friedensaktivist*innen ein Stopp dieses\u00a0Aufr\u00fcstungsschrittes. Elsa Rassbach, DFG-VK-Mitglied, geh\u00f6rte zu den Initiator*innen. Hier&#46;&#46;&#46;<\/p>\n","protected":false},"author":110,"featured_media":0,"comment_status":"open","ping_status":"open","sticky":false,"template":"","format":"standard","meta":{"footnotes":""},"categories":[2],"tags":[42,70,68,49,48,44,66,39,47,77],"class_list":["post-10922","post","type-post","status-publish","format-standard","hentry","category-aktionen","tag-abruestung","tag-auslandseinsaetze-der-bundeswehr","tag-bundesregierung","tag-bundestag","tag-bundeswehr","tag-drohnen","tag-israel-palaestina","tag-kampfdrohnen","tag-krieg-gegen-terror","tag-militaerisch-industrieller-komplex"],"_links":{"self":[{"href":"https:\/\/www.friedenkoeln.de\/index.php?rest_route=\/wp\/v2\/posts\/10922","targetHints":{"allow":["GET"]}}],"collection":[{"href":"https:\/\/www.friedenkoeln.de\/index.php?rest_route=\/wp\/v2\/posts"}],"about":[{"href":"https:\/\/www.friedenkoeln.de\/index.php?rest_route=\/wp\/v2\/types\/post"}],"author":[{"embeddable":true,"href":"https:\/\/www.friedenkoeln.de\/index.php?rest_route=\/wp\/v2\/users\/110"}],"replies":[{"embeddable":true,"href":"https:\/\/www.friedenkoeln.de\/index.php?rest_route=%2Fwp%2Fv2%2Fcomments&post=10922"}],"version-history":[{"count":5,"href":"https:\/\/www.friedenkoeln.de\/index.php?rest_route=\/wp\/v2\/posts\/10922\/revisions"}],"predecessor-version":[{"id":10930,"href":"https:\/\/www.friedenkoeln.de\/index.php?rest_route=\/wp\/v2\/posts\/10922\/revisions\/10930"}],"wp:attachment":[{"href":"https:\/\/www.friedenkoeln.de\/index.php?rest_route=%2Fwp%2Fv2%2Fmedia&parent=10922"}],"wp:term":[{"taxonomy":"category","embeddable":true,"href":"https:\/\/www.friedenkoeln.de\/index.php?rest_route=%2Fwp%2Fv2%2Fcategories&post=10922"},{"taxonomy":"post_tag","embeddable":true,"href":"https:\/\/www.friedenkoeln.de\/index.php?rest_route=%2Fwp%2Fv2%2Ftags&post=10922"}],"curies":[{"name":"wp","href":"https:\/\/api.w.org\/{rel}","templated":true}]}}