{"id":10941,"date":"2017-06-09T21:35:49","date_gmt":"2017-06-09T19:35:49","guid":{"rendered":"http:\/\/www.friedenkoeln.de\/?p=10941"},"modified":"2017-06-09T21:35:49","modified_gmt":"2017-06-09T19:35:49","slug":"mitmachen-morgen-1000-uhr-aktionen-in-aachen","status":"publish","type":"post","link":"https:\/\/www.friedenkoeln.de\/?p=10941","title":{"rendered":"Mitmachen! Morgen 10:00 Uhr Aktionen in Aachen"},"content":{"rendered":"<div class=\"\">\n<div class=\"\">Wir rufen auf, morgen am 10. Juni 2017 zum &#8222;Tag gegen die Bundeswehr&#8220; nach Aachen zu fahren. Auch der Aachener Friedenspreis e. V. hat zum Protest aufgerufen.<\/div>\n<div class=\"\"><br class=\"\" \/>Treffpunkt ist um <strong>10 Uhr vor der L\u00fctzow-Kaserne in der Trierer Str. 445, 52078 Aachen<\/strong>.\u00a0Man kann von K\u00f6ln mit \u00f6ffentlichen Verkehrsmitteln anreisen: RE ab K\u00f6ln HBF auf Gleis 8 um 8:48 Uhr nach Aac\u0125en-Rothe Erde; dort um\u00a09:45 mit dem\u00a0Bus 45 Richtung Brand zum Trierer Platz.<\/div>\n<div class=\"\">\n<p>Wir\u00a0freuen uns auf rege Beteiligung an der Mahnwache in Aachen!<\/p>\n<\/div>\n<\/div>\n<p><!--more--><\/p>\n<div class=\"\">\n<div id=\"attachment_8922\" style=\"width: 358px\" class=\"wp-caption alignleft\"><img loading=\"lazy\" decoding=\"async\" aria-describedby=\"caption-attachment-8922\" class=\" wp-image-8922\" src=\"http:\/\/www.friedenkoeln.de\/wp-content\/uploads\/2015\/10\/wpid-wp-1445165013908.jpeg\" alt=\"Ein bunt mit dem obigen Text beschriebenes wei\u00dfes Stofftransparent liegt im Sonnenschein auf einer Wiese.\" width=\"348\" height=\"232\" \/><p id=\"caption-attachment-8922\" class=\"wp-caption-text\">Wir machen Frieden! Foto: privat.<\/p><\/div>\n<p>Zum Hintergrund hier noch einmal die <a href=\"http:\/\/www.friedenkoeln.de\/?p=10911\">Presseerkl\u00e4rung<\/a> der DFG-VK und ein Artikel der <a href=\"http:\/\/www.aachener-nachrichten.de\/lokales\/aachen\/aachener-friedenspreis-ruft-zum-protest-gegen-tag-der-bundeswehr-1.1639076\">Aachener Nachrichten<\/a>\u00a0\u00fcber die Aufrufe zum Protest.<\/p>\n<\/div>\n<div class=\"\"><\/div>\n<div class=\"\">Wir freuen uns auch \u00fcber Tweets mit #KTdBW, #TdBW und @friedenkoeln! Sehr gerne auch mit Fotos.<\/div>\n","protected":false},"excerpt":{"rendered":"<p>Wir rufen auf, morgen am 10. Juni 2017 zum &#8222;Tag gegen die Bundeswehr&#8220; nach Aachen zu fahren. Auch der Aachener Friedenspreis e. V. hat zum Protest aufgerufen. Treffpunkt ist um 10 Uhr vor der&#46;&#46;&#46;<\/p>\n","protected":false},"author":110,"featured_media":0,"comment_status":"open","ping_status":"open","sticky":false,"template":"","format":"standard","meta":{"footnotes":""},"categories":[2],"tags":[48],"class_list":["post-10941","post","type-post","status-publish","format-standard","hentry","category-aktionen","tag-bundeswehr"],"_links":{"self":[{"href":"https:\/\/www.friedenkoeln.de\/index.php?rest_route=\/wp\/v2\/posts\/10941","targetHints":{"allow":["GET"]}}],"collection":[{"href":"https:\/\/www.friedenkoeln.de\/index.php?rest_route=\/wp\/v2\/posts"}],"about":[{"href":"https:\/\/www.friedenkoeln.de\/index.php?rest_route=\/wp\/v2\/types\/post"}],"author":[{"embeddable":true,"href":"https:\/\/www.friedenkoeln.de\/index.php?rest_route=\/wp\/v2\/users\/110"}],"replies":[{"embeddable":true,"href":"https:\/\/www.friedenkoeln.de\/index.php?rest_route=%2Fwp%2Fv2%2Fcomments&post=10941"}],"version-history":[{"count":5,"href":"https:\/\/www.friedenkoeln.de\/index.php?rest_route=\/wp\/v2\/posts\/10941\/revisions"}],"predecessor-version":[{"id":10946,"href":"https:\/\/www.friedenkoeln.de\/index.php?rest_route=\/wp\/v2\/posts\/10941\/revisions\/10946"}],"wp:attachment":[{"href":"https:\/\/www.friedenkoeln.de\/index.php?rest_route=%2Fwp%2Fv2%2Fmedia&parent=10941"}],"wp:term":[{"taxonomy":"category","embeddable":true,"href":"https:\/\/www.friedenkoeln.de\/index.php?rest_route=%2Fwp%2Fv2%2Fcategories&post=10941"},{"taxonomy":"post_tag","embeddable":true,"href":"https:\/\/www.friedenkoeln.de\/index.php?rest_route=%2Fwp%2Fv2%2Ftags&post=10941"}],"curies":[{"name":"wp","href":"https:\/\/api.w.org\/{rel}","templated":true}]}}