{"id":10948,"date":"2017-06-11T13:29:42","date_gmt":"2017-06-11T11:29:42","guid":{"rendered":"http:\/\/www.friedenkoeln.de\/?p=10948"},"modified":"2017-06-11T13:29:42","modified_gmt":"2017-06-11T11:29:42","slug":"aufruf-zum-g20-gipfel-frieden-und-voelkerrecht-statt-globalisierte-nato","status":"publish","type":"post","link":"https:\/\/www.friedenkoeln.de\/?p=10948","title":{"rendered":"Aufruf zum G20-Gipfel: Frieden und V\u00f6lkerrecht statt globalisierte NATO!"},"content":{"rendered":"<p>Die Kooperation f\u00fcr den Frieden, der Bundesausschuss Friedensratschlag, das Bremer Friedensforum und das Hamburger Forum rufen\u00a0anl\u00e4sslich des bevorstehenden G20-Gipfels in Hamburg gemeinsam zur Bewahrung von Frieden und V\u00f6lkerrecht auf:<!--more--><\/p>\n<p>Die G20-Staaten sind weltweit ma\u00dfgebend in R\u00fcstungsproduktion, R\u00fcstungsexporten und eigener Kriegsf\u00fchrung. Dadurch werden die zur L\u00f6sung globaler Menschheitsprobleme notwendigen Ressourcen aufgesaugt, die notwendig w\u00e4ren gegen Umweltzerst\u00f6rung und Klimawandel und zur Sicherung der menschlichen Existenzgrundlagen durch Ern\u00e4hrungssouver\u00e4nit\u00e4t, Bildungs- und Gesundheitswesen. Stattdessen f\u00fchrt die neoliberale Politik dieser L\u00e4nder zu eskalierenden Konflikten um Wasser, Rohstoffe und Handelswege. Auch die deutsche Regierung will dabei ihre Rolle in den weltweiten Verteilungsk\u00e4mpfen um M\u00e4rkte und Ressourcen ausbauen. Dem dienen auch die zunehmenden Auslandseins\u00e4tze der Bundeswehr. All dieses hat die Dimension zu globalen Konflikten und direkter Konfrontation zwischen den in den G20-Staaten vertretenen Atomm\u00e4chten. Das wird auch an der forcierten Kriegspropaganda gegen Russland und der NATO-Truppenstationierung an dessen Westgrenze deutlich.<\/p>\n<div id=\"attachment_10872\" style=\"width: 376px\" class=\"wp-caption alignleft\"><img loading=\"lazy\" decoding=\"async\" aria-describedby=\"caption-attachment-10872\" class=\"wp-image-10872\" src=\"http:\/\/www.friedenkoeln.de\/wp-content\/uploads\/2017\/05\/DSC_0336-1024x683.jpg\" alt=\"\" width=\"366\" height=\"244\" srcset=\"https:\/\/www.friedenkoeln.de\/wp-content\/uploads\/2017\/05\/DSC_0336-1024x683.jpg 1024w, https:\/\/www.friedenkoeln.de\/wp-content\/uploads\/2017\/05\/DSC_0336-768x512.jpg 768w\" sizes=\"auto, (max-width: 366px) 100vw, 366px\" \/><p id=\"caption-attachment-10872\" class=\"wp-caption-text\">Friedensfahne vor dem abgesperrten Haupttor des Luftwaffenst\u00fctzpunkts B\u00fcchel 2017. Foto: Stefanie Intveen<\/p><\/div>\n<p>Der G20-Gipfel ist f\u00fcr die Friedensbewegung eingebettet in eine Reihe weiterer lokaler, regionaler und zentraler Aktionen dieses Jahres: Nach den Protesten gegen die M\u00fcnchner (Un-)Sicherheitskonferenz am 18.2. und den bundesweiten Osterm\u00e4rschen im April sind an weiteren Aktivit\u00e4ten bis zur Bundestagswahl geplant: die Dauerpr\u00e4senz am Atomwaffenstandort B\u00fcchel, die Beteiligung an den internationalen Gegenaktionen zum NATO-Gipfel am 24. und 25.5. in Br\u00fcssel, Vor-Ort-Gegenaktionen zum Tag der Bundeswehr am 10.6. und die Ramstein-Kampagne vom 8. bis 10.9.<\/p>\n<p>Wir beteiligen uns an Gegenaktionen zum G20-Gipfel in Hamburg am 7. und 8.Juli 2017 mit folgenden Forderungen, die wir an die deutsche Bundesregierung richten und die wir von einer k\u00fcnftigen deutschen Politik erwarten:<\/p>\n<ul>\n<li>Stopp aller Auslandseins\u00e4tze der Bundeswehr \u2013 Mitwirkung an politischen L\u00f6sungen, F\u00f6rderung ziviler Konfliktbearbeitung und wirtschaftliche Hilfe<\/li>\n<li>Stopp aller R\u00fcstungsexporte \u2013 f\u00fcr eine Konversion der R\u00fcstungsindustrie<\/li>\n<li>Verzicht auf atomare Teilhabe \u2013 die UN-Resolution zur \u00c4chtung aller Atomwaffen unterst\u00fctzen und eine \u00c4chtung von Kampfdrohnen einfordern<\/li>\n<li>Stopp der Abschottungspolitik \u201eFestung Europa\u201c und den Abschiebungen von Gefl\u00fcchteten in Kriegsgebiete \u2013 f\u00fcr eine Willkommenskultur<\/li>\n<li>keine NATO-Man\u00f6ver und Truppenstationierungen entlang der Westgrenze Russlands \u2013 f\u00fcr ein auf Ausgleich basierendes System gemeinsamer Sicherheit<\/li>\n<\/ul>\n<hr \/>\n<p>Infos zu Unterst\u00fctzungs- und Teilnahmem\u00f6glichkeiten sind <a href=\"http:\/\/friedensdemo.org\/2017\/03\/10\/frieden-und-voelkerrecht-statt-globalisierte-nato\/\">hier<\/a>.<\/p>\n<p>Die vier Organisationen haben die wesentlichen Infos auch in einem <a href=\"http:\/\/www.friedenkoeln.de\/wp-content\/uploads\/2017\/06\/Rundbrief-G20-Friedensbewegung-mL.pdf\">Rundschreiben<\/a> aus Juni 2017 zusammengefasst.<\/p>\n","protected":false},"excerpt":{"rendered":"<p>Die Kooperation f\u00fcr den Frieden, der Bundesausschuss Friedensratschlag, das Bremer Friedensforum und das Hamburger Forum rufen\u00a0anl\u00e4sslich des bevorstehenden G20-Gipfels in Hamburg gemeinsam zur Bewahrung von Frieden und V\u00f6lkerrecht auf:<\/p>\n","protected":false},"author":110,"featured_media":0,"comment_status":"open","ping_status":"open","sticky":false,"template":"","format":"standard","meta":{"footnotes":""},"categories":[2],"tags":[42,33,70,68,49,48,40,28,39,37,29,73,71,76,4],"class_list":["post-10948","post","type-post","status-publish","format-standard","hentry","category-aktionen","tag-abruestung","tag-atomwaffen","tag-auslandseinsaetze-der-bundeswehr","tag-bundesregierung","tag-bundestag","tag-bundeswehr","tag-demokratie","tag-fluchtlingen","tag-kampfdrohnen","tag-ruestungsexporte","tag-solidaritat","tag-vereinte-nationen","tag-waffenhandel","tag-wirtschaft","tag-zivile-konfliktloesung"],"_links":{"self":[{"href":"https:\/\/www.friedenkoeln.de\/index.php?rest_route=\/wp\/v2\/posts\/10948","targetHints":{"allow":["GET"]}}],"collection":[{"href":"https:\/\/www.friedenkoeln.de\/index.php?rest_route=\/wp\/v2\/posts"}],"about":[{"href":"https:\/\/www.friedenkoeln.de\/index.php?rest_route=\/wp\/v2\/types\/post"}],"author":[{"embeddable":true,"href":"https:\/\/www.friedenkoeln.de\/index.php?rest_route=\/wp\/v2\/users\/110"}],"replies":[{"embeddable":true,"href":"https:\/\/www.friedenkoeln.de\/index.php?rest_route=%2Fwp%2Fv2%2Fcomments&post=10948"}],"version-history":[{"count":4,"href":"https:\/\/www.friedenkoeln.de\/index.php?rest_route=\/wp\/v2\/posts\/10948\/revisions"}],"predecessor-version":[{"id":10953,"href":"https:\/\/www.friedenkoeln.de\/index.php?rest_route=\/wp\/v2\/posts\/10948\/revisions\/10953"}],"wp:attachment":[{"href":"https:\/\/www.friedenkoeln.de\/index.php?rest_route=%2Fwp%2Fv2%2Fmedia&parent=10948"}],"wp:term":[{"taxonomy":"category","embeddable":true,"href":"https:\/\/www.friedenkoeln.de\/index.php?rest_route=%2Fwp%2Fv2%2Fcategories&post=10948"},{"taxonomy":"post_tag","embeddable":true,"href":"https:\/\/www.friedenkoeln.de\/index.php?rest_route=%2Fwp%2Fv2%2Ftags&post=10948"}],"curies":[{"name":"wp","href":"https:\/\/api.w.org\/{rel}","templated":true}]}}