{"id":10955,"date":"2017-06-13T07:00:54","date_gmt":"2017-06-13T05:00:54","guid":{"rendered":"http:\/\/www.friedenkoeln.de\/?p=10955"},"modified":"2017-06-12T23:38:41","modified_gmt":"2017-06-12T21:38:41","slug":"kampfdrohnen-fuer-bundeswehr-jetzt-spd-abgeordnete-anrufen","status":"publish","type":"post","link":"https:\/\/www.friedenkoeln.de\/?p=10955","title":{"rendered":"Kampfdrohnen f\u00fcr Bundeswehr: Jetzt SPD-Abgeordnete anrufen!"},"content":{"rendered":"<p>Nachdem das Oberlandesgericht D\u00fcsseldorf am 31. Mai 2017 eine Klage des US-R\u00fcstungsunternehmens General Atomics gegen die\u00a0Beschaffung von israelischen Kampfdrohnen f\u00fcr die Bundeswehr \u00a0abschl\u00e4gig beschieden\u00a0hat, ist damit zu rechnen, dass die Bundesregierung die Beschaffung noch vor der Sommerpause <!--more-->durchf\u00fchren will. Der\u00a0Haushaltsausschuss des Deutschen Bundestages wird dazu erwartungsgem\u00e4\u00df kurzfristig eine Entscheidung treffen.<\/p>\n<div id=\"attachment_10925\" style=\"width: 389px\" class=\"wp-caption alignleft\"><img loading=\"lazy\" decoding=\"async\" aria-describedby=\"caption-attachment-10925\" class=\" wp-image-10925\" src=\"http:\/\/www.friedenkoeln.de\/wp-content\/uploads\/2017\/06\/2.IMG_4431-1024x768.jpg\" alt=\"6 Friedensaktivist*innen vor dem Eingang ins OLG D\u00fcsseldorf. Sie tragen schwarze T-Shirts mit der obigen Aufschrift.\" width=\"379\" height=\"284\" srcset=\"https:\/\/www.friedenkoeln.de\/wp-content\/uploads\/2017\/06\/2.IMG_4431-1024x768.jpg 1024w, https:\/\/www.friedenkoeln.de\/wp-content\/uploads\/2017\/06\/2.IMG_4431-768x576.jpg 768w\" sizes=\"auto, (max-width: 379px) 100vw, 379px\" \/><p id=\"caption-attachment-10925\" class=\"wp-caption-text\">&#8222;Wir schweigen nicht!&#8220; auf deutsch, englisch, farsi. Foto: Tanja Brouwers.<\/p><\/div>\n<p>Darauf wies Elsa Rassbach, die seit Jahren in deutschen und US-amerikanischen Friedensgruppen &#8211; darunter der DFG-VK &#8211; aktiv ist und sich in der &#8222;<a href=\"https:\/\/drohnen-kampagne.de\/uber-uns\/kontaktpresse\/\">Drohnen-Kampagne<\/a>&#8220; engagiert, am Rande der Mahnwache vor dem Gerichtsgeb\u00e4ude in D\u00fcsseldorf hin. In dem\u00a0<a href=\"https:\/\/youtu.be\/VTcXoHohZkg\">Video-Interview<\/a>\u00a0(ab Minute 2:40) <strong>empfiehlt sie allen kritischen B\u00fcrger*innen, sich jetzt an die Bundestagsabgeordneten der SPD zu wenden<\/strong>. Die CDU-<\/p>\n<p>Abgeordneten w\u00fcrden erwartungsgem\u00e4\u00df die Anschaffung billigen, die Abgeordneten von B\u00fcndnis 90\/Die Gr\u00fcnen und der Linken w\u00fcrden sie ablehnen. Die SPD-F\u00fchrung sei zwar f\u00fcr die Anschaffung, aber es gebe viele \u00a0SPD-Abgeordnete, die nicht damit einverstanden seien und noch schwankten. Elsa zu den Pl\u00e4nen der Bundesregierung: &#8222;Wir schweigen nicht!&#8220;<\/p>\n<p>Bereits am 9. April 2016 hatte<\/p>\n<div id=\"attachment_9268\" style=\"width: 307px\" class=\"wp-caption alignright\"><img loading=\"lazy\" decoding=\"async\" aria-describedby=\"caption-attachment-9268\" class=\"wp-image-9268\" src=\"http:\/\/www.friedenkoeln.de\/wp-content\/uploads\/2016\/04\/P4080005.jpg\" alt=\"\" width=\"297\" height=\"446\" \/><p id=\"caption-attachment-9268\" class=\"wp-caption-text\">CODEPINK 2016 im Friedensbildungswerk K\u00f6ln: Martha Hubert, Elsa Rassbach, Toby Blom\u00e9, Ann Wright (v. l.). Foto: Judith Hasselmann<\/p><\/div>\n<p>Elsa gemeinsam mit den US-amerikanischen Friedensaktivistinnen Martha Hubert, Toby Blom\u00e9 und Ann Wright (alle <a href=\"http:\/\/www.codepink.org\/splash?splash=1\">CODEPINK<\/a>) im K\u00f6lner Friedensbildungswerk im kleinen Kreis mit den K\u00f6lner Bundestagsabgeordneten Matthias Birkwald (Die Linke), Katharina Dr\u00f6ge (B\u00fcndnis 90\/Gr\u00fcne) und Elfi Scho-Antwerpes (SPD) \u00fcber den US-Drohnenkrieg gesprochen.<\/p>\n<p>Hintergrundinformationen zu der aktuellen Planung gibt ein <a href=\"https:\/\/www.heise.de\/tp\/features\/Kampfdrohnen-fuer-die-Bundeswehr-Gericht-gibt-gruenes-Licht-3730343.html\">Artikel<\/a> von Matthias Monroy in Telepolis vom 31.5.2017.<\/p>\n<p>Man kann die SPD-Abgeordneten \u00fcber &#8222;<a href=\"http:\/\/www.abgeordnetenwatch.de\/abgeordnete-1128-0.html\">Abgeordneten-Watch<\/a>&#8220; kontaktieren, beispielsweise <a href=\"http:\/\/www.abgeordnetenwatch.de\/martin_doermann-778-78076.html\">Martin D\u00f6rmann<\/a>,\u00a0<a href=\"http:\/\/www.abgeordnetenwatch.de\/elfi_scho_antwerpes-778-78945.html\">Elfi Scho-Antwerpes<\/a> oder <a href=\"http:\/\/www.abgeordnetenwatch.de\/dr_rolf_muetzenich-778-78357.html\">Dr. Rolf M\u00fctzenich<\/a>.<\/p>\n<p>Auf der Seite des <a href=\"http:\/\/www.bundestag.de\/abgeordnete18\/\">Bundestages<\/a> sind die Kontaktdaten nicht immer angegeben. Die Email-Adresse lautet aber in der Regel vorname.nachname[\u00e4t]bundestag.de.<\/p>\n<p>Oder man kontaktiert die Partei vor Ort, z. B. die <a href=\"http:\/\/koelnspd.de\/partei\/abgeordnete\/\">SPD K\u00f6ln<\/a>.<\/p>\n","protected":false},"excerpt":{"rendered":"<p>Nachdem das Oberlandesgericht D\u00fcsseldorf am 31. Mai 2017 eine Klage des US-R\u00fcstungsunternehmens General Atomics gegen die\u00a0Beschaffung von israelischen Kampfdrohnen f\u00fcr die Bundeswehr \u00a0abschl\u00e4gig beschieden\u00a0hat, ist damit zu rechnen, dass die Bundesregierung die Beschaffung noch&#46;&#46;&#46;<\/p>\n","protected":false},"author":110,"featured_media":0,"comment_status":"open","ping_status":"open","sticky":false,"template":"","format":"standard","meta":{"footnotes":""},"categories":[2],"tags":[42,68,49,48,39,80,71],"class_list":["post-10955","post","type-post","status-publish","format-standard","hentry","category-aktionen","tag-abruestung","tag-bundesregierung","tag-bundestag","tag-bundeswehr","tag-kampfdrohnen","tag-rechtsprechung","tag-waffenhandel"],"_links":{"self":[{"href":"https:\/\/www.friedenkoeln.de\/index.php?rest_route=\/wp\/v2\/posts\/10955","targetHints":{"allow":["GET"]}}],"collection":[{"href":"https:\/\/www.friedenkoeln.de\/index.php?rest_route=\/wp\/v2\/posts"}],"about":[{"href":"https:\/\/www.friedenkoeln.de\/index.php?rest_route=\/wp\/v2\/types\/post"}],"author":[{"embeddable":true,"href":"https:\/\/www.friedenkoeln.de\/index.php?rest_route=\/wp\/v2\/users\/110"}],"replies":[{"embeddable":true,"href":"https:\/\/www.friedenkoeln.de\/index.php?rest_route=%2Fwp%2Fv2%2Fcomments&post=10955"}],"version-history":[{"count":4,"href":"https:\/\/www.friedenkoeln.de\/index.php?rest_route=\/wp\/v2\/posts\/10955\/revisions"}],"predecessor-version":[{"id":10959,"href":"https:\/\/www.friedenkoeln.de\/index.php?rest_route=\/wp\/v2\/posts\/10955\/revisions\/10959"}],"wp:attachment":[{"href":"https:\/\/www.friedenkoeln.de\/index.php?rest_route=%2Fwp%2Fv2%2Fmedia&parent=10955"}],"wp:term":[{"taxonomy":"category","embeddable":true,"href":"https:\/\/www.friedenkoeln.de\/index.php?rest_route=%2Fwp%2Fv2%2Fcategories&post=10955"},{"taxonomy":"post_tag","embeddable":true,"href":"https:\/\/www.friedenkoeln.de\/index.php?rest_route=%2Fwp%2Fv2%2Ftags&post=10955"}],"curies":[{"name":"wp","href":"https:\/\/api.w.org\/{rel}","templated":true}]}}