{"id":10964,"date":"2017-06-15T23:50:01","date_gmt":"2017-06-15T21:50:01","guid":{"rendered":"http:\/\/www.friedenkoeln.de\/?p=10964"},"modified":"2020-11-14T23:23:09","modified_gmt":"2020-11-14T21:23:09","slug":"verhandlungen-ueber-atomwaffenverbot-gehen-in-die-letzte-runde","status":"publish","type":"post","link":"https:\/\/www.friedenkoeln.de\/?p=10964","title":{"rendered":"Verhandlungen \u00fcber Atomwaffenverbot gehen in die letzte Runde"},"content":{"rendered":"<p><em>15.06.2017. Pressemitteilung IPPNW.\u00a0<\/em><span style=\"font-weight: normal;\">Am heutigen Donnerstag beginnt in New York die zweite und vermutlich letzte Verhandlungsrunde \u00fcber ein internationales Atomwaffenverbot. Mehr als 130 Staaten diskutieren auf UN-Ebene \u00fcber ein Abkommen, dass die Massenvernichtungswaffen \u00e4chten soll. Laut einem ersten offiziellen Entwurf w\u00fcrden sich die Unterzeichnerstaaten verpflichten, unter keinen Umst\u00e4nden Atomwaffen zu entwickeln, herzustellen, anderweitig zu beschaffen, zu besitzen lagern, testen oder einzusetzen. Die Konferenz wird bis zum 7. Juli 2017 dauern. Dann k\u00f6nnte ein Vertrag stehen.<\/span><\/p>\n<div id=\"attachment_10875\" style=\"width: 351px\" class=\"wp-caption alignright\"><img loading=\"lazy\" decoding=\"async\" aria-describedby=\"caption-attachment-10875\" class=\"wp-image-10875 \" src=\"http:\/\/www.friedenkoeln.de\/wp-content\/uploads\/2017\/05\/DSC_0285-1024x683.jpg\" alt=\"Vier Aktivisten sitzen vor einem Tor, an dem ein Banner mit der Aufschrift &quot;Unsere Zukunft - atomwaffenfrei&quot; h\u00e4ngt. Sie haben sich weitere Banner  \u00fcber die Knie gelegt lachen in die Kamera. Von hinten scheint die aufgehende Sonne durchs Tor.\" width=\"341\" height=\"227\" srcset=\"https:\/\/www.friedenkoeln.de\/wp-content\/uploads\/2017\/05\/DSC_0285-1024x683.jpg 1024w, https:\/\/www.friedenkoeln.de\/wp-content\/uploads\/2017\/05\/DSC_0285-768x512.jpg 768w\" sizes=\"auto, (max-width: 341px) 100vw, 341px\" \/><p id=\"caption-attachment-10875\" class=\"wp-caption-text\">&#8222;Unsere Zukunft &#8211; atomwaffenfrei&#8220;. Aktivisten der DFG-VK Gruppe K\u00f6ln blockieren eines der Tore des Bundeswehrflugplatzes B\u00fcchel im Mai 2017. Foto: Stefanie Intveen<\/p><\/div>\n<p>Die Friedensorganisationen IPPNW und ICAN sehen in den UN-Gespr\u00e4chen einen bedeutenden Schritt auf dem Weg zu einer atomwaffenfreien Welt. Sascha Hach, Vorstand von ICAN Deutschland, sagt: &#8222;Mit den Verhandlungen in New York vollzieht sich eine historische Wende in der globalen Sicherheitspolitik. Nachdem der Sicherheitsrat und die Atomwaffenstaaten versagt haben, ihre Rolle als H\u00fcter einer friedlichen Weltordnung zu erf\u00fcllen, erhebt die Mehrheit der Weltgemeinschaft erstmals ihre Stimme gegen die nukleare Herrschaftsklasse. Es ist ein konstruktives Misstrauensvotum. Wir erleben den einmaligen Moment, in dem die Habenichtse friedlich aufbegehren und dabei zeigen, wie man es besser machen kann.&#8220;<\/p>\n<p>Xanthe Hall, Abr\u00fcstungsexpertin von IPPNW Deutschland, erg\u00e4nzt: &#8222;Mit den UN-Verhandlungen \u00fcber ein Atomwaffenverbot ist der erste Schritt zu ihrer Beseitigung auf dem Weg. Auch ohne die Besitzerstaaten wird eine neue rechtliche Norm geschaffen, die Atomwaffen wie Chemie- und Biowaffen \u00e4chtet und damit eine v\u00f6lkerrechtliche L\u00fccke schlie\u00dft. Deutschland muss sich der gro\u00dfen Mehrheit der Staatengemeinschaft anschlie\u00dfen, anstatt mit den NATO-Staaten einem historischen Abr\u00fcstungsvertrag im Weg zu stehen.&#8220;<\/p>\n<p><i>Hinweis: ICAN Deutschland wird auf einem Blog \u00fcber die aktuellen Entwicklungen bei den Verhandlungen berichten: <a class=\"external-link-new-window\" title=\"\u00d6ffnet externen Link in neuem Fenster\" href=\"http:\/\/www.icanw.de\/news-aus-new-york\/\" target=\"_blank\" rel=\"noopener noreferrer\">www.icanw.de\/news-aus-new-york\/<\/a><br \/>\n<\/i><br \/>\n<i>F\u00fcr Interviews stehen wir gerne zur Verf\u00fcgung.<br \/>\nAnsprechpartnerinnen in Deutschland und ab 29. Juni 2017 in New York:<br \/>\nXanthe Hall, Deutsche Sektion der Internationalen \u00c4rzte f\u00fcr die Verh\u00fctung des Atomkrieges (IPPNW), <a class=\"mail\" title=\"\u00d6ffnet ein Fenster zum Versenden der E-Mail\" href=\"mailto:xanthe@ippnw.de\">xanthe@ippnw.de<\/a>,\u00a0 030 \/ 69807412; Anne Balzer, Internationale Kampagne zur Abschaffung von Atomwaffen Deutschland (ICAN), <a class=\"mail\" title=\"\u00d6ffnet ein Fenster zum Versenden der E-Mail\" href=\"mailto:presse@ican.berlin\">presse@ican.berlin<\/a>, 0176\/555 984 38. ICAN<br \/>\nInternationaler Kontakt in New York (englischsprachig): IPPNW, Tilman Ruff, <a href=\"mailto:tar@unimelb.edu.au\">tar@unimelb.edu.au<\/a>, David Solimini, ICAN, <a href=\"mailto:david@icanw.org\">david@icanw.org<\/a><\/i><\/p>\n","protected":false},"excerpt":{"rendered":"<p>15.06.2017. Pressemitteilung IPPNW.\u00a0Am heutigen Donnerstag beginnt in New York die zweite und vermutlich letzte Verhandlungsrunde \u00fcber ein internationales Atomwaffenverbot. Mehr als 130 Staaten diskutieren auf UN-Ebene \u00fcber ein Abkommen, dass die Massenvernichtungswaffen \u00e4chten soll.&#46;&#46;&#46;<\/p>\n","protected":false},"author":110,"featured_media":0,"comment_status":"open","ping_status":"open","sticky":false,"template":"","format":"standard","meta":{"footnotes":""},"categories":[105],"tags":[42,33,68,49,48,31,73],"class_list":["post-10964","post","type-post","status-publish","format-standard","hentry","category-bericht","tag-abruestung","tag-atomwaffen","tag-bundesregierung","tag-bundestag","tag-bundeswehr","tag-konferenzen","tag-vereinte-nationen"],"_links":{"self":[{"href":"https:\/\/www.friedenkoeln.de\/index.php?rest_route=\/wp\/v2\/posts\/10964","targetHints":{"allow":["GET"]}}],"collection":[{"href":"https:\/\/www.friedenkoeln.de\/index.php?rest_route=\/wp\/v2\/posts"}],"about":[{"href":"https:\/\/www.friedenkoeln.de\/index.php?rest_route=\/wp\/v2\/types\/post"}],"author":[{"embeddable":true,"href":"https:\/\/www.friedenkoeln.de\/index.php?rest_route=\/wp\/v2\/users\/110"}],"replies":[{"embeddable":true,"href":"https:\/\/www.friedenkoeln.de\/index.php?rest_route=%2Fwp%2Fv2%2Fcomments&post=10964"}],"version-history":[{"count":2,"href":"https:\/\/www.friedenkoeln.de\/index.php?rest_route=\/wp\/v2\/posts\/10964\/revisions"}],"predecessor-version":[{"id":10966,"href":"https:\/\/www.friedenkoeln.de\/index.php?rest_route=\/wp\/v2\/posts\/10964\/revisions\/10966"}],"wp:attachment":[{"href":"https:\/\/www.friedenkoeln.de\/index.php?rest_route=%2Fwp%2Fv2%2Fmedia&parent=10964"}],"wp:term":[{"taxonomy":"category","embeddable":true,"href":"https:\/\/www.friedenkoeln.de\/index.php?rest_route=%2Fwp%2Fv2%2Fcategories&post=10964"},{"taxonomy":"post_tag","embeddable":true,"href":"https:\/\/www.friedenkoeln.de\/index.php?rest_route=%2Fwp%2Fv2%2Ftags&post=10964"}],"curies":[{"name":"wp","href":"https:\/\/api.w.org\/{rel}","templated":true}]}}