{"id":10967,"date":"2017-06-16T17:05:49","date_gmt":"2017-06-16T15:05:49","guid":{"rendered":"http:\/\/www.friedenkoeln.de\/?p=10967"},"modified":"2020-11-14T23:22:52","modified_gmt":"2020-11-14T21:22:52","slug":"dfg-vk-nrw-empoerung-ueber-uran-aus-gronau-fuer-us-atomwaffen","status":"publish","type":"post","link":"https:\/\/www.friedenkoeln.de\/?p=10967","title":{"rendered":"DFG-VK NRW: Emp\u00f6rung \u00fcber Uran aus Gronau f\u00fcr US-Atomwaffen"},"content":{"rendered":"<div class=\"page\" title=\"Page 1\">\n<div class=\"layoutArea\">\n<div class=\"column\">\n<p><em>Dortmund. Medieninformation vom 16.6.2017.\u00a0<\/em>Mit Emp\u00f6rung hat die Deutsche Friedensgesellschaft- Vereinigte Kriegsdienstgegner (DFG-VK) NRW die aktuelle <a href=\"http:\/\/www.tagesschau.de\/wirtschaft\/uran-usa-deutschland-103.html\">Tagesschau-Meldung<\/a> zur Kenntnis genommen, dass Uran aus dem nordrhein-westf\u00e4lischen Gronau f\u00fcr den Bau US-amerikanischer Atomwaffen verwendet wird.\u00a0Die ARD hatte am 14. Juni berichtet, dass angereichertes Uran der in Gronau ans\u00e4ssigen Firma URENCO in den USA zur Produktion von Brennelement genutzt wird, aber auch Tritium f\u00fcr den Atomwaffenbau entstehe.<\/p>\n<p>Schon seit Jahren fordern Organisationen aus der Friedensbewegung und der Anti-AKW-Bewegung die Schlie\u00dfung von URENCO in Gronau. Erst am Karfreitag demonstrierten Aktivsten aus beiden Bewegungen gemeinsam vor den Werkstoren in Gronau.<\/p>\n<blockquote><p>Wir haben immer darauf hingewiesen, dass die von URENCO verwendete Technologie zur Uran-Anreicherung auch zur Herstellung von Atomwaffen genutzt werden kann. Dass jetzt aber bereits das weniger hoch angereicherte Uran in der Weiterverarbeitung in den USA zur Atomwaffenproduktion beitr\u00e4gt, ist eine neue schlimme Entwicklung,<\/p><\/blockquote>\n<p>so Joachim Schramm, Landesprecher der DFG-VK NRW.<\/p>\n<blockquote><p>Es best\u00e4rkt uns in unserer Forderung an die Landesregierung, URENCO die Betriebsgenehmigung zu entziehen. Auch die Bundesregierung ist gefordert, die hier stattfindende Umgehung des Atomwaffensperrvertrages zu stoppen! Dass sie den Weg des deutschen Urans in den USA nicht konsequent verfolgt, ist ein<br \/>\nSkandal.<\/p><\/blockquote>\n<p><img loading=\"lazy\" decoding=\"async\" class=\" wp-image-10287 alignleft\" src=\"http:\/\/www.friedenkoeln.de\/wp-content\/uploads\/2017\/02\/403615_310636658982480_698691568_n.jpg\" alt=\"\" width=\"197\" height=\"261\" \/>Diese Haltung der Bundesregierung entspricht aber nach Ansicht der Friedensorganisation deren atomwaffenfreundlichen Politik, wie sie auch in der Weigerung der Bundesregierung zum Ausdruck kommt, sich an den derzeitigen UN-Verhandlungen \u00fcber ein weltweites Atomwaffenverbot zu beteiligen,.<br \/>\nMehr zum Thema Atomwaffen bei <a href=\"http:\/\/nrw.dfg-vk.de\/themen\/atomwaffen.html\">DFG-VK NRW<\/a>.<\/p>\n<p>Pressekontakt:<br \/>\nDFG-VK NRW, Joachim Schramm, Braunschweiger Stra\u00dfe 22, 44145 Dortmund, Telefon 0231-81 80 32, Mobil 0157\/73729115, dfg-vk.nrw@t-<br \/>\nonline.de<\/p>\n<\/div>\n<\/div>\n<\/div>\n","protected":false},"excerpt":{"rendered":"<p>Dortmund. Medieninformation vom 16.6.2017.\u00a0Mit Emp\u00f6rung hat die Deutsche Friedensgesellschaft- Vereinigte Kriegsdienstgegner (DFG-VK) NRW die aktuelle Tagesschau-Meldung zur Kenntnis genommen, dass Uran aus dem nordrhein-westf\u00e4lischen Gronau f\u00fcr den Bau US-amerikanischer Atomwaffen verwendet wird.\u00a0Die ARD hatte&#46;&#46;&#46;<\/p>\n","protected":false},"author":110,"featured_media":0,"comment_status":"open","ping_status":"open","sticky":false,"template":"","format":"standard","meta":{"footnotes":""},"categories":[105],"tags":[42,33,68,37,71,76],"class_list":["post-10967","post","type-post","status-publish","format-standard","hentry","category-bericht","tag-abruestung","tag-atomwaffen","tag-bundesregierung","tag-ruestungsexporte","tag-waffenhandel","tag-wirtschaft"],"_links":{"self":[{"href":"https:\/\/www.friedenkoeln.de\/index.php?rest_route=\/wp\/v2\/posts\/10967","targetHints":{"allow":["GET"]}}],"collection":[{"href":"https:\/\/www.friedenkoeln.de\/index.php?rest_route=\/wp\/v2\/posts"}],"about":[{"href":"https:\/\/www.friedenkoeln.de\/index.php?rest_route=\/wp\/v2\/types\/post"}],"author":[{"embeddable":true,"href":"https:\/\/www.friedenkoeln.de\/index.php?rest_route=\/wp\/v2\/users\/110"}],"replies":[{"embeddable":true,"href":"https:\/\/www.friedenkoeln.de\/index.php?rest_route=%2Fwp%2Fv2%2Fcomments&post=10967"}],"version-history":[{"count":2,"href":"https:\/\/www.friedenkoeln.de\/index.php?rest_route=\/wp\/v2\/posts\/10967\/revisions"}],"predecessor-version":[{"id":10969,"href":"https:\/\/www.friedenkoeln.de\/index.php?rest_route=\/wp\/v2\/posts\/10967\/revisions\/10969"}],"wp:attachment":[{"href":"https:\/\/www.friedenkoeln.de\/index.php?rest_route=%2Fwp%2Fv2%2Fmedia&parent=10967"}],"wp:term":[{"taxonomy":"category","embeddable":true,"href":"https:\/\/www.friedenkoeln.de\/index.php?rest_route=%2Fwp%2Fv2%2Fcategories&post=10967"},{"taxonomy":"post_tag","embeddable":true,"href":"https:\/\/www.friedenkoeln.de\/index.php?rest_route=%2Fwp%2Fv2%2Ftags&post=10967"}],"curies":[{"name":"wp","href":"https:\/\/api.w.org\/{rel}","templated":true}]}}