{"id":10981,"date":"2017-06-21T09:02:06","date_gmt":"2017-06-21T07:02:06","guid":{"rendered":"http:\/\/www.friedenkoeln.de\/?p=10981"},"modified":"2017-06-21T09:02:06","modified_gmt":"2017-06-21T07:02:06","slug":"widerstand-gegen-anschaffung-von-kampfdrohnen-stellungnahmen-aus-deutschland-usa-und-israel","status":"publish","type":"post","link":"https:\/\/www.friedenkoeln.de\/?p=10981","title":{"rendered":"Widerstand gegen Anschaffung von Kampfdrohnen: Stellungnahmen aus Deutschland, USA und Israel"},"content":{"rendered":"<p>Heute findet gegen\u00fcber dem Bundeskanzleramt in Berlin eine Mahnwache &#8222;Deutschland braucht keine bewaffnungsf\u00e4higen Drohnen&#8220; statt. Bundestagsabgeordnete der Fraktionen der SPD, Die Linke und B\u00fcndnis 90 \/ Die Gr\u00fcnen werden sich zu den umsetzungsreifen Pl\u00e4nen der Bundesregierung, bewaffnungsf\u00e4hige Drohnen israelischer Produktion anzuschaffen, \u00e4u\u00dfern.\u00a0Experten aus den USA und Israel appellieren\u00a0<!--more-->mit Hinweis auf die verst\u00f6renden Erfahrungen mit der Wirklichkeit des Drohnenkriegs eindringlich, die Pl\u00e4ne zu stoppen.<\/p>\n<p>Es folgt\u00a0die Pressemitteilung der\u00a0IPPNW &#8211; \u00c4rzte f\u00fcr die Verh\u00fctung des Atomkrieges\/\u00c4rzte in sozialer Verantwortung e.V.<\/p>\n<hr \/>\n<p><b><\/b>Sehr geehrte Damen und Herren,<\/p>\n<p>voraussichtlich noch im Juni 2017 soll der Haushaltsausschuss im Bundestag \u00fcber ein umstrittenes R\u00fcstungsprojekt abstimmen: Die erstmalige Anschaffung bewaffnungsf\u00e4higer Drohnen f\u00fcr die Bundeswehr f\u00fcr \u00fcber eine Milliarde Euro. Die Kosten einer Bewaffnung sind noch nicht bekannt.<\/p>\n<div id=\"attachment_10924\" style=\"width: 649px\" class=\"wp-caption aligncenter\"><img loading=\"lazy\" decoding=\"async\" aria-describedby=\"caption-attachment-10924\" class=\"size-large wp-image-10924\" src=\"http:\/\/www.friedenkoeln.de\/wp-content\/uploads\/2017\/06\/1.PETX1748-1024x681.jpg\" alt=\"Das Foto zeigt ein gro\u00dfes Transparent mit der Aufschrift &quot;Stoppt den US-Drohnenkrieg via Ramstein! Solidarit\u00e4t mit den Opfern!&quot; Mehr als ein Dutzend Friedensaktivisten halten es hoch.\" width=\"639\" height=\"425\" srcset=\"https:\/\/www.friedenkoeln.de\/wp-content\/uploads\/2017\/06\/1.PETX1748-1024x681.jpg 1024w, https:\/\/www.friedenkoeln.de\/wp-content\/uploads\/2017\/06\/1.PETX1748-768x511.jpg 768w\" sizes=\"auto, (max-width: 639px) 100vw, 639px\" \/><p id=\"caption-attachment-10924\" class=\"wp-caption-text\">Mahnwache vor dem Oberlandesgericht D\u00fcsseldorf am 31.5.2017. Foto: Gisela Theodora Blomberg.<\/p><\/div>\n<p>Im Auftrag der bundesweiten &#8222;Drohnen-Kampagne&#8220; mit 150 unterst\u00fctzenden Organisationen l\u00e4dt die Friedenskoordination Berlin Sie herzlich zu einer Mahnwache am 21. Juni 2017 ab 13 Uhr ein.<\/p>\n<p>Die Mahnwache wird vor dem Paul-L\u00f6be-Haus, gegen\u00fcber dem Kanzleramt, stattfinden.<\/p>\n<p>Durch eine visuell kreative Aktion werden VertreterInnen von verschieden Friedens- und Menschenrechtsorganisationen ihre Ablehnung der Killerdrohnen f\u00fcr Deutschland zum Ausdruck bringen.<\/p>\n<p>Um 13:30 Uhr wird vor dem Eingang West des Paul-L\u00f6be-Hauses die Vorsitzende des Haushaltsausschuss, MdB Gesine L\u00f6tzsch (DIE LINKE), einen Brief von VertreterInnen der Friedensbewegung an die Mitglieder im Haushaltsausschuss erhalten, in dem die laufende handschriftliche Unterschriftensammlung zum Appell \u201cKeine Kampfdrohnen!\u201d dokumentiert wird. Die FriedensaktivistInnen werden weiterhin Unterschriften sammeln, weil die Entscheidung \u00fcber die Bewaffnung der Drohnen erst in der Legislaturperiode nach den Wahlen in Zusammenhang mit einem mandatierten Einsatz der Bundeswehr auf die Tagesordnung des Bundestages gestellt werden kann.<\/p>\n<p>VertreterInnen der Friedens- und Menschenrechtsorganisationen werden bei der Mahnwache am 21. Juni 2017 Gru\u00dfworte sprechen. Folgende Bundestagsabgeordnete werden auf Einladung der Friedensbewegung kurze Redebeitr\u00e4ge halten.<\/p>\n<p><b> \u2022 Dr. Karl-Heinz Brunner<\/b>, Mitglied der SPD im Verteidigungsausschuss und Obmann des Unterausschusses \u201eAbr\u00fcstung, R\u00fcstungskontrolle und Nichtverbreitung\u201c;<\/p>\n<p><b> \u2022 <\/b><b>Andrej Hunko<\/b>, Mitglied des Parteivorstandes DIE LINKE und der Parlamentarischen Versammlung des Europarates und seit 2016 europapolitischer Sprecher der Fraktion; und<\/p>\n<p><b> \u2022 <\/b><b>Katja Keul<\/b>,\u00a0 Parlamentarische Gesch\u00e4ftsf\u00fchrerin der Fraktion B\u00fcndnis 90\/Die Gr\u00fcnen und seit 2013 Sprecherin f\u00fcr Rechtspolitik.<\/p>\n<p>Mitglieder der CDU\/CSU Fraktion im Unterausschuss &#8222;Abr\u00fcstung, R\u00fcstungskontrolle und Nichtverbreitung\u201d sind auch angefragt worden, k\u00f6nnen aber aus zeitlichen Gr\u00fcnden nicht kommen.<\/p>\n<p>Die Drohnen sind eines von mehreren teuren und umstrittenen R\u00fcstungsprojekten, \u00fcber dessen Bewilligung die Mitglieder im Haushaltsausschusses voraussichtlich noch im Juni 2017 abstimmen sollen. Laut dem Vertragsentwurf mit der europ\u00e4ischen Firma Airbus sollen mindestens f\u00fcnf Drohnen des Typ Heron TP der israelischen Firma IAI (Israeli Aerospace Industries) mittels eines Dienstleistungsvertrages und eines Regierungsabkommens mit Israel angemietet werden. Sie k\u00f6nnen mit Raketen best\u00fcckt werden. Ein Rechtsstreit der US-amerikanischen Firma General Atomics gegen die Vergabe an die israelische Firma ist noch offen. Laut Berichterstattung der J\u00fcdischen Allgemeine Zeitung gibt es zurzeit Ermittlungen gegen IAI zu m\u00f6glicher Korruption in Israels gr\u00f6\u00dftem staatlichen Unternehmen.<\/p>\n<p>In den letzten Wochen haben viele B\u00fcrgerInnen ihre Besorgnis \u00fcber den Beschaffungsplan durch Schreiben an Bundestagsabgeordnete zum Ausdruck gebracht. Zahlreiche deutsche Friedens- und Menschenrechtsorganisationen haben Erkl\u00e4rungen ver\u00f6ffentlicht, z. B. Attac, die Kooperation f\u00fcr den Frieden mit 50 Mitgliedsorganisationen sowie die J\u00fcdische Stimme f\u00fcr gerechten Frieden in Nahost. Auch US-amerikanische B\u00fcrgerInnen haben an die Bundestagsabgeordneten geschrieben, um sie davor zu warnen, den USA auf dem Weg des Drohnenkrieges zu folgen.<\/p>\n<p><b><i>Kontakt:\u00a0<\/i><\/b><\/p>\n<p><i>L\u00fchr Henken, Sprecher, Bundesausschuss Friedensratschlag, Tel.: (030) 251 12 97, Mobil: 0160 &#8211; 40 666 30<\/i><\/p>\n<p><i>Elsa Rassbach, Sprecherin, CODEPINK in Deutschland Tel.: (030) 326 015 40, Mobil: 0170 &#8211; 738 14 50<\/i><\/p>\n<p><i>Laura v. Wimmersperg, Moderatorin, Friedenskoordination Berlin, Tel.: (030) 782 33 82, Mobil: 0160-99855775<\/i><\/p>\n<p><b><i>Weitere Infos:<\/i><\/b><i>\u00a0<\/i><\/p>\n<p><i>Zum Hintergrund:<\/i><\/p>\n<p><i>Appell der Drohnen-Kampagne: \u201cKeine Kampfdrohnen!&#8220;<\/i><\/p>\n<p><a href=\"https:\/\/drohnen-kampagne.de\/appell-keine-kampfdrohnen\/\"><i>https:\/\/drohnen-kampagne.de\/appell-keine-kampfdrohnen\/<\/i><\/a><\/p>\n<p><a href=\"https:\/\/drohnen-kampagne.de\/appell-keine-kampfdrohnen\/unterstutzergruppen\/\"><i>https:\/\/drohnen-kampagne.de\/appell-keine-kampfdrohnen\/unterstutzergruppen\/<\/i><\/a><\/p>\n<p><i>Drohnen-Flyer der Friedenskoordination Berlin<\/i><\/p>\n<p><i>\u201cKeine Kampfdrohnen f\u00fcr die Bundeswehr! Beihilfe f\u00fcr Drohnen-Morde beenden!&#8220;<\/i><\/p>\n<p><a href=\"http:\/\/www.frikoberlin.de\/download\/drohnenflyer.pdf\"><i>http:\/\/www.frikoberlin.de\/download\/drohnenflyer.pdf<\/i><\/a><\/p>\n<p><i>Dokumentarfilm zum Drohnenkrieg: NATIONAL BIRD &#8211; Wohin geht die Reise, Amerika?<\/i><\/p>\n<p><a href=\"http:\/\/nationalbird-derfilm.de\/\"><i>http:\/\/nationalbird-derfilm.de<\/i><\/a><\/p>\n<p><b><i>Aus den deutschen Friedens- und Menschenrechtsbewegungen:\u00a0<\/i><\/b><\/p>\n<p><i>23.05.2017 Attac-Erkl\u00e4rung: KEINE KAMPFDROHNEN F\u00dcR DIE BUNDESWEHR!<\/i><\/p>\n<p><i>Attac ist Kooperationspartner f\u00fcr den Kinofilm &#8222;NATIONAL BIRD&#8220;<\/i><\/p>\n<p><a href=\"http:\/\/www.attac.de\/startseite\/detailansicht\/news\/keine-kampfdrohnen-fur-die-bundeswehr\/\"><i>http:\/\/www.attac.de\/startseite\/detailansicht\/news\/keine-kampfdrohnen-fur-die-bundeswehr\/<\/i><\/a><\/p>\n<p><i>Attac-Anleitung zur Aktion (mit Briefen an Bundestagsabgeordneten):<\/i><\/p>\n<p><a href=\"http:\/\/www.attac-netzwerk.de\/ag-globalisierung-und-krieg\/keinekampfdrohnen\/\"><i>http:\/\/www.attac-netzwerk.de\/ag-globalisierung-und-krieg\/keinekampfdrohnen\/<\/i><\/a><\/p>\n<p><i>25.06.2017 Tagesspiegel \u201cProteste beim Kirchentag\u201d <\/i><a href=\"http:\/\/www.tagesspiegel.de\/berlin\/proteste-beim-kirchentag-demonstranten-stoeren-gottesdienst-mit-von-der-leyen\/19857346.html\"><i>http:\/\/www.tagesspiegel.de\/berlin\/proteste-beim-kirchentag-demonstranten-stoeren-gottesdienst-mit-von-der-leyen\/19857346.html<\/i><\/a><\/p>\n<p><i>29.05. 2017 IPPNW-PM: Deutschland braucht keine bewaffnungsf\u00e4hige Kampfdrohnen! <\/i><a href=\"https:\/\/www.ippnw.de\/print\/presse\/artikel\/de\/deutschland-braucht-keine-bewaffnung.html\"><i>https:\/\/www.ippnw.de\/print\/presse\/artikel\/de\/deutschland-braucht-keine-bewaffnung.html<\/i><\/a><\/p>\n<p><i>30.05.2017 DFG-VK Gruppe K\u00f6ln:<\/i><\/p>\n<p><i>Aufruf zum Protest beim OLG D\u00fcsseldorf: Keine Kampfdrohnen f\u00fcr die Bundeswehr!<\/i><\/p>\n<p><a href=\"http:\/\/www.friedenkoeln.de\/?p=10889\"><i>http:\/\/www.friedenkoeln.de\/?p=10889<\/i><\/a><\/p>\n<p><i>01.06.2017 Informationsstelle Militarisierung (IMI):\u00a0<\/i><\/p>\n<p><i>\u201cJetzt aber schnell! Waffenf\u00e4hige Heron TP-Drohne<\/i><\/p>\n<p><a href=\"http:\/\/www.imi-online.de\/2017\/06\/01\/jetzt-aber-schnell\/\"><i>http:\/\/www.imi-online.de\/2017\/06\/01\/jetzt-aber-schnell\/<\/i><\/a><\/p>\n<p><i>15.06.2017: Stopp Air Base Ramstein PM:<\/i><\/p>\n<p><i>&#8222;Drohnen t\u00f6ten t\u00e4glich \u2013 Drohnen produzieren Terroristen&#8220;<\/i><\/p>\n<p><a href=\"http:\/\/www.ramstein-kampagne.eu\/2017\/06\/eine-milliarde-fuer-den-tod-wir-protestieren-gegen-deutsche-kampfdrohnen\/\"><i>http:\/\/www.ramstein-kampagne.eu\/2017\/06\/eine-milliarde-fuer-den-tod-wir-protestieren-gegen-deutsche-kampfdrohnen\/<\/i><i><\/i><\/a><\/p>\n<p><i>17.06.2017 J\u00fcdische Stimme f\u00fcr gerechten Frieden in Nahost:\u00a0<\/i><\/p>\n<p><i>\u201cIsraelische Kampfdrohnen: Die Bundeswehr trifft eine falsche Wahl&#8220;<\/i><\/p>\n<p><a href=\"http:\/\/www.juedische-stimme.de\/?p=2297\"><i>http:\/\/www.juedische-stimme.de\/?p=2297<\/i><\/a><\/p>\n<p><i>19.06.2017 Kooperation f\u00fcr den Frieden:\u00a0<\/i><\/p>\n<p><i>&#8222;Friedensaktivisten fordern internationales Verbot bewaffneter Drohnen&#8220;<\/i><\/p>\n<p><a href=\"http:\/\/www.koop-frieden.de\/aktuelles\/artikel\/friedensaktivisten-fordern-internationales-verbot-bewaffneter-drohnen.html\"><i>http:\/\/www.koop-frieden.de\/aktuelles\/artikel\/friedensaktivisten-fordern-internationales-verbot-bewaffneter-drohnen.html<\/i><\/a><\/p>\n<p><i>Aus Briefen von US-B\u00fcrgern an die Bundestagsabgeordneten zum US-Drohnenkrieg auf Afghanistan<\/i><\/p>\n<p><i>(Deutsche \u00dcbersetzungen aus den englischsprachigen Originalbriefen)<\/i><\/p>\n<p><i>17.06.2017 von Nick Mottern, Coordinator, <\/i><a href=\"http:\/\/knowdrones.com\/\"><i>KnowDrones.com<\/i><\/a><i>, Hastings on Hudson, New York<\/i><\/p>\n<p><a href=\"http:\/\/www.attac-netzwerk.de\/ag-globalisierung-und-krieg\/veranstaltungen\/aktionendemos\/2017\/nm-2017-06-17-bt-hha-spd\"><i>http:\/\/www.attac-netzwerk.de\/ag-globalisierung-und-krieg\/veranstaltungen\/aktionendemos\/2017\/nm-2017-06-17-bt-hha-spd<\/i><\/a><\/p>\n<p><i>17. Juni 2017 von Ed Kinane, Upstate Drone Action, Syracuse, New York<\/i><\/p>\n<p><a href=\"http:\/\/www.attac-netzwerk.de\/ag-globalisierung-und-krieg\/veranstaltungen\/aktionendemos\/2017\/ek-2017-06-17-bt-hha-spd\"><i>http:\/\/www.attac-netzwerk.de\/ag-globalisierung-und-krieg\/veranstaltungen\/aktionendemos\/2017\/ek-2017-06-17-bt-hha-spd<\/i><\/a><\/p>\n<p>**********************<\/p>\n<p>Angelika Wilmen,\u00a0Pressesprecherin,\u00a0Koordinatorin der \u00d6ffentlichkeitsarbeit<\/p>\n<p>IPPNW &#8211; \u00c4rzte f\u00fcr die Verh\u00fctung des Atomkrieges\/\u00c4rzte in sozialer Verantwortung e.V.,\u00a0K\u00f6rtestr. 10,\u00a010967 Berlin<\/p>\n<p>Tel. 030 \/ 69 80 74 15,\u00a0\u00a0<a href=\"mailto:wilmen@ippnw.de\">wilmen@ippnw.de<\/a>,\u00a0<a href=\"http:\/\/www.ippnw.de\/\">www.ippnw.de<\/a><\/p>\n","protected":false},"excerpt":{"rendered":"<p>Heute findet gegen\u00fcber dem Bundeskanzleramt in Berlin eine Mahnwache &#8222;Deutschland braucht keine bewaffnungsf\u00e4higen Drohnen&#8220; statt. Bundestagsabgeordnete der Fraktionen der SPD, Die Linke und B\u00fcndnis 90 \/ Die Gr\u00fcnen werden sich zu den umsetzungsreifen Pl\u00e4nen&#46;&#46;&#46;<\/p>\n","protected":false},"author":110,"featured_media":0,"comment_status":"open","ping_status":"open","sticky":false,"template":"","format":"standard","meta":{"footnotes":""},"categories":[2],"tags":[42,70,68,49,48,44,66,39,77,82],"class_list":["post-10981","post","type-post","status-publish","format-standard","hentry","category-aktionen","tag-abruestung","tag-auslandseinsaetze-der-bundeswehr","tag-bundesregierung","tag-bundestag","tag-bundeswehr","tag-drohnen","tag-israel-palaestina","tag-kampfdrohnen","tag-militaerisch-industrieller-komplex","tag-whistleblower"],"_links":{"self":[{"href":"https:\/\/www.friedenkoeln.de\/index.php?rest_route=\/wp\/v2\/posts\/10981","targetHints":{"allow":["GET"]}}],"collection":[{"href":"https:\/\/www.friedenkoeln.de\/index.php?rest_route=\/wp\/v2\/posts"}],"about":[{"href":"https:\/\/www.friedenkoeln.de\/index.php?rest_route=\/wp\/v2\/types\/post"}],"author":[{"embeddable":true,"href":"https:\/\/www.friedenkoeln.de\/index.php?rest_route=\/wp\/v2\/users\/110"}],"replies":[{"embeddable":true,"href":"https:\/\/www.friedenkoeln.de\/index.php?rest_route=%2Fwp%2Fv2%2Fcomments&post=10981"}],"version-history":[{"count":2,"href":"https:\/\/www.friedenkoeln.de\/index.php?rest_route=\/wp\/v2\/posts\/10981\/revisions"}],"predecessor-version":[{"id":10983,"href":"https:\/\/www.friedenkoeln.de\/index.php?rest_route=\/wp\/v2\/posts\/10981\/revisions\/10983"}],"wp:attachment":[{"href":"https:\/\/www.friedenkoeln.de\/index.php?rest_route=%2Fwp%2Fv2%2Fmedia&parent=10981"}],"wp:term":[{"taxonomy":"category","embeddable":true,"href":"https:\/\/www.friedenkoeln.de\/index.php?rest_route=%2Fwp%2Fv2%2Fcategories&post=10981"},{"taxonomy":"post_tag","embeddable":true,"href":"https:\/\/www.friedenkoeln.de\/index.php?rest_route=%2Fwp%2Fv2%2Ftags&post=10981"}],"curies":[{"name":"wp","href":"https:\/\/api.w.org\/{rel}","templated":true}]}}