{"id":10992,"date":"2017-06-25T07:00:35","date_gmt":"2017-06-25T05:00:35","guid":{"rendered":"http:\/\/www.friedenkoeln.de\/?p=10992"},"modified":"2017-06-25T00:02:32","modified_gmt":"2017-06-24T22:02:32","slug":"gruss-der-dfg-vk-gruppe-koeln-an-den-friedensmarsch-nichtmituns","status":"publish","type":"post","link":"https:\/\/www.friedenkoeln.de\/?p=10992","title":{"rendered":"Gru\u00df der DFG-VK Gruppe K\u00f6ln an den \u201eFriedensmarsch #NichtMitUns\u201c"},"content":{"rendered":"<p>Am 17. Juni 2017 fand\u00a0in K\u00f6ln der\u00a0<a href=\"http:\/\/www.ramadan-friedensmarsch.de\/index.html\">\u201eFriedensmarsch #NichtMitUns. Muslime &amp; Freunde gegen Gewalt und Terror\u201c<\/a> statt. Es folgt ein Text der DFG-VK Gruppe K\u00f6ln\u00a0dazu.<\/p>\n<hr \/>\n<p>Als pazifistische Organisation lehnen wir jeglichen Terror und jede Art von milit\u00e4rischer Gewalt ab. Unsere Grundsatzerkl\u00e4rung lautet: \u201eDer Krieg ist ein Verbrechen an der Menschheit. Ich bin daher entschlossen, keine Art von Krieg zu unterst\u00fctzen und an der Beseitigung aller Kriegsursachen mitzuarbeiten.\u201c<\/p>\n<p>Daher begr\u00fc\u00dfen wir <!--more-->sehr, dass sich viele Personen und Organisationen partei- und religions\u00fcbergreifend zu dem \u201eFriedensmarsch #NichtMitUns &#8211; Muslime und Freunde gegen Gewalt und Terror\u201c zusammengefunden und am 17. Juni 2017 in K\u00f6ln ein starkes Zeichen \u201egegen Extremismus, Terrorismus, Krieg und Diktatur\u201c gesetzt haben.<\/p>\n<div id=\"attachment_10176\" style=\"width: 188px\" class=\"wp-caption alignright\"><img loading=\"lazy\" decoding=\"async\" aria-describedby=\"caption-attachment-10176\" class=\"size-full wp-image-10176\" src=\"http:\/\/www.friedenkoeln.de\/wp-content\/uploads\/2016\/12\/30.jpeg\" alt=\"Das Graffito zeigt zwei olivgr\u00fcne Panzer, die sich schussbereit gegen\u00fcberstehen auf gelbem Hintergrund. Dazwischen steht ein rotes Strichm\u00e4nnchen, das sie auseinanderh\u00e4lt.\" width=\"178\" height=\"178\" srcset=\"https:\/\/www.friedenkoeln.de\/wp-content\/uploads\/2016\/12\/30.jpeg 178w, https:\/\/www.friedenkoeln.de\/wp-content\/uploads\/2016\/12\/30-150x150.jpeg 150w\" sizes=\"auto, (max-width: 178px) 100vw, 178px\" \/><p id=\"caption-attachment-10176\" class=\"wp-caption-text\">&#8222;War is not the answer&#8220;. Graffito in K\u00f6ln.<\/p><\/div>\n<p>Nach den Anschl\u00e4gen am 11. September 2001 erkl\u00e4rten die USA den \u201eKrieg gegen den Terror\u201c. Die NATO stellte den Verteidigungsfall (Artikel 5 des NATO-Vertrags) fest, der bis heute andauert. Die Anschl\u00e4ge vom 11. September 2001 wurden nicht vollst\u00e4ndig aufgekl\u00e4rt; die Urheberschaft konnte bisher keinem Staat nachgewiesen werden. Kein Staat hat 2001 oder danach ein NATO-Mitglied angegriffen. Dennoch haben NATO-Staaten v\u00f6lkerrechtswidrig folgende Staaten mit \u00fcberwiegend muslimischer Bev\u00f6lkerung milit\u00e4risch angegriffen (vgl. Daniele Ganser, Illegale Kriege, 2016):<\/p>\n<ul>\n<li>2001 Afghanistan (USA, Gro\u00dfbritannien, Frankreich, Deutschland)<\/li>\n<li>2002 Pakistan (USA; weitgehend geheime Angriffe auf das afghanisches Grenzgebiet),<\/li>\n<li>2003 Irak (USA und Gro\u00dfbritannien),<\/li>\n<li>2009 Jemen (USA: geheimer Drohnenangriff durch Spezialtruppen)<\/li>\n<li>2011 Libyen (Frankreich, Gro\u00dfbritannien, USA)<\/li>\n<li>2011 Syrien (USA, Gro\u00dfbritannien und andere Staaten unterst\u00fctzen islamistische Gruppen in Syrien, um die Regierung Assad zu st\u00fcrzen; verdeckte Waffenlieferungen)<\/li>\n<li>2014 Syrien (USA bombardieren ab 2014, Frankreich und Gro\u00dfbritannien ab 2015, Deutschland erkl\u00e4rt \u201eKrieg gegen Terror\u201c in Syrien, Irak und der Region am 4. Dezember 2015),<\/li>\n<li>2015 Jemen (USA, Frankreich, Gro\u00dfbritannien unterst\u00fctzen Saudi-Arabien dabei, Jemen anzugreifen).<\/li>\n<\/ul>\n<p>Allein in den Jahren 2003 &#8211; 2010 fielen dem sogenannten \u201eKrieg gegen den Terror\u201c in Afghanistan, Irak und Pakistan 1,3 Millionen Menschen zu Opfer, wie die \u00c4rzteorganisation IPPNW auf Grundlage einer Studie\u00a0berichtete.<\/p>\n<p>In allen angegriffenen L\u00e4ndern finden auch heute noch Kriegshandlungen statt. Syrien und Afghanistan sind diejenigen L\u00e4nder, aus denen die gr\u00f6\u00dfte Zahl der von den Vereinten Nationen registrierten Fl\u00fcchtenden kommt.<\/p>\n<p>Deutschland tr\u00e4gt dreifache Mitverantwortung f\u00fcr diese Entwicklung:<\/p>\n<ul>\n<li>Es beherbergt \u00fcber 170 der rund 800 ausl\u00e4ndischen Milit\u00e4rst\u00fctzpunkte der USA, darunter das Logistikdrehkreuz Ramstein Air Base mit der f\u00fcr den US-Drohnenkrieg unverzichtbaren Relais-Station, sowie zwei der weltweit sechs milit\u00e4rischen US-Kommandozentralen (EUCOM und AFRICOM in Stuttgart). Die jeweils amtierenden Bundesregierungen untersagten den USA nicht, deutsches Territorium f\u00fcr ihre Kriege zu nutzen &#8211; auch nicht, als sie die Kriegsteilnahme Deutschlands ausdr\u00fccklich abgelehnt hatten (Irak 2003 und Libyen 2011).<\/li>\n<li>Deutschland geh\u00f6rt zu den weltweit gr\u00f6\u00dften Exporteuren von Kriegswaffen und Munition. Die Empf\u00e4nger waren und sind h\u00e4ufig Konfliktparteien im Nahen und Mittleren Osten.<\/li>\n<li>Deutschland geh\u00f6rt mit der Bundeswehr und dem Bundesnachrichtendienst in mehreren Kriegen zu den angreifenden Staaten (Afghanistan, Syrien).<\/li>\n<\/ul>\n<p>Vor diesem Hintergrund w\u00fcnschen wir den Mitwirkenden und Teilnehmer*innen des Friedensmarsches<\/p>\n<ul>\n<li>Mut, um mit dem Terrorismus auch den sogenannten Krieg gegen den Terrorismus abzulehnen,<\/li>\n<li>Aufmerksamkeit, damit man die islamistische Begr\u00fcndung des Terrors genauso wie die humanit\u00e4re Begr\u00fcndung des Angriffskriegs als das erkennt und benennen kann, was es ist: ein Missbrauch der Religion durch die Islamisten und ein Missbrauch \u201ewestlicher Werte\u201c durch s\u00e4kulare Regierungen; und schlie\u00dflich<\/li>\n<li>Durchhalteverm\u00f6gen, damit sich das breite gesellschaftliche Spektrum, das sich in dem Friedensmarsch gezeigt hat, f\u00fcr eine mutige, weitsichtige und friedliche deutsche Au\u00dfenpolitik einsetzt.<\/li>\n<\/ul>\n<div id=\"attachment_9199\" style=\"width: 649px\" class=\"wp-caption aligncenter\"><img loading=\"lazy\" decoding=\"async\" aria-describedby=\"caption-attachment-9199\" class=\"wp-image-9199 size-large\" src=\"http:\/\/www.friedenkoeln.de\/wp-content\/uploads\/2016\/03\/Ostermarsch-2016-Dom1-1024x623.jpg\" alt=\"\" width=\"639\" height=\"389\" srcset=\"https:\/\/www.friedenkoeln.de\/wp-content\/uploads\/2016\/03\/Ostermarsch-2016-Dom1-1024x623.jpg 1024w, https:\/\/www.friedenkoeln.de\/wp-content\/uploads\/2016\/03\/Ostermarsch-2016-Dom1.jpg 1280w\" sizes=\"auto, (max-width: 639px) 100vw, 639px\" \/><p id=\"caption-attachment-9199\" class=\"wp-caption-text\">Beim Ostermarsch 2016 in K\u00f6ln: Krieg gegen den Terror. Foto: Herbert Sauerwein.<\/p><\/div>\n<p>Wir w\u00fcnschen uns, dass der Friedensmarsch und weitere Initiativen der Erkenntnis dienen, dass nicht nur die muslimische Religion, sondern auch Begriffe wie \u201eDemokratie\u201c, \u201eMenschenrechte\u201c, \u201eFreiheit\u201c oder \u201ewestliche Werte\u201c missbraucht werden k\u00f6nnen, um Gewalt zu rechtfertigen.<\/p>\n<p>Der \u201eKrieg gegen den Terror\u201c kommt ohne einen Feind aus, den man physisch vernichten k\u00f6nnte. Daher gibt es keinen Sieg und keine Niederlage. Es ist ein Gewaltkonzept, das auf Dauer angelegt und weder zeitlich noch r\u00e4umlich eingegrenzt ist: das alptraumhafte Konzept eines ewigen Kriegszustands mit au\u00dferordentlichen Vollmachten der Krieg f\u00fchrenden Regierungen.<\/p>\n<p>Wer den Terror besiegen will, muss daher den Krieg gegen den Terror beenden.<\/p>\n<p>Gemeinsam k\u00f6nnen wir es schaffen!<\/p>\n<p>&nbsp;<\/p>\n<p>DFG-VK Gruppe K\u00f6ln, 22.6.2017<\/p>\n<p>&nbsp;<\/p>\n<hr \/>\n<p>Quellenhinweise:<\/p>\n<p>Daniele Ganser: Illegale Kriege. Wie die NATO-L\u00e4nder die UNO sabotieren. Eine Chronik von Kuba bis Syrien, Z\u00fcrich 2016<\/p>\n<p><a href=\"https:\/\/www.ippnw.de\/commonFiles\/pdfs\/Frieden\/BodyCount_internationale_Auflage_deutsch_2015.pdf\">Body Count. Opferzahlen nach 10 Jahren \u201cKrieg gegen den Terror\u201d<\/a>, Hrsg. IPPNW et al., Berlin 2015, S. 17<\/p>\n<p><a href=\"https:\/\/www.youtube.com\/watch?v=1f5_yNR6egg&amp;feature=youtu.be\">Ann Wright, am 7.4.2016 in K\u00f6ln<\/a>\u00a0(zur Zahl der US-Milit\u00e4rbasen ab Min. 5:17)<\/p>\n<p><a href=\"http:\/\/www.imi-online.de\/2017\/01\/11\/munition-fuer-konfliktgebiete\/\">Claudia Haydt: Munition f\u00fcr Konfliktgebiete. Die Ausfuhr deutscher R\u00fcstungsg\u00fcter in Krisenregionen ist mittlerweile der Regelfall<\/a>, 11.1.2017 (Abruf 17.6.2017)<\/p>\n","protected":false},"excerpt":{"rendered":"<p>Am 17. Juni 2017 fand\u00a0in K\u00f6ln der\u00a0\u201eFriedensmarsch #NichtMitUns. Muslime &amp; Freunde gegen Gewalt und Terror\u201c statt. Es folgt ein Text der DFG-VK Gruppe K\u00f6ln\u00a0dazu. Als pazifistische Organisation lehnen wir jeglichen Terror und jede Art&#46;&#46;&#46;<\/p>\n","protected":false},"author":110,"featured_media":0,"comment_status":"open","ping_status":"open","sticky":false,"template":"","format":"standard","meta":{"footnotes":""},"categories":[2],"tags":[84,42,70,68,49,48,40,44,28,39,47,60,37,29,73,71],"class_list":["post-10992","post","type-post","status-publish","format-standard","hentry","category-aktionen","tag-84","tag-abruestung","tag-auslandseinsaetze-der-bundeswehr","tag-bundesregierung","tag-bundestag","tag-bundeswehr","tag-demokratie","tag-drohnen","tag-fluchtlingen","tag-kampfdrohnen","tag-krieg-gegen-terror","tag-religion","tag-ruestungsexporte","tag-solidaritat","tag-vereinte-nationen","tag-waffenhandel"],"_links":{"self":[{"href":"https:\/\/www.friedenkoeln.de\/index.php?rest_route=\/wp\/v2\/posts\/10992","targetHints":{"allow":["GET"]}}],"collection":[{"href":"https:\/\/www.friedenkoeln.de\/index.php?rest_route=\/wp\/v2\/posts"}],"about":[{"href":"https:\/\/www.friedenkoeln.de\/index.php?rest_route=\/wp\/v2\/types\/post"}],"author":[{"embeddable":true,"href":"https:\/\/www.friedenkoeln.de\/index.php?rest_route=\/wp\/v2\/users\/110"}],"replies":[{"embeddable":true,"href":"https:\/\/www.friedenkoeln.de\/index.php?rest_route=%2Fwp%2Fv2%2Fcomments&post=10992"}],"version-history":[{"count":2,"href":"https:\/\/www.friedenkoeln.de\/index.php?rest_route=\/wp\/v2\/posts\/10992\/revisions"}],"predecessor-version":[{"id":10995,"href":"https:\/\/www.friedenkoeln.de\/index.php?rest_route=\/wp\/v2\/posts\/10992\/revisions\/10995"}],"wp:attachment":[{"href":"https:\/\/www.friedenkoeln.de\/index.php?rest_route=%2Fwp%2Fv2%2Fmedia&parent=10992"}],"wp:term":[{"taxonomy":"category","embeddable":true,"href":"https:\/\/www.friedenkoeln.de\/index.php?rest_route=%2Fwp%2Fv2%2Fcategories&post=10992"},{"taxonomy":"post_tag","embeddable":true,"href":"https:\/\/www.friedenkoeln.de\/index.php?rest_route=%2Fwp%2Fv2%2Ftags&post=10992"}],"curies":[{"name":"wp","href":"https:\/\/api.w.org\/{rel}","templated":true}]}}