{"id":11003,"date":"2017-06-28T08:55:49","date_gmt":"2017-06-28T06:55:49","guid":{"rendered":"http:\/\/www.friedenkoeln.de\/?p=11003"},"modified":"2020-11-14T23:22:37","modified_gmt":"2020-11-14T21:22:37","slug":"erfolg-spd-lehnt-beschaffung-von-kampfdrohnen-ab","status":"publish","type":"post","link":"https:\/\/www.friedenkoeln.de\/?p=11003","title":{"rendered":"Erfolg: SPD lehnt Beschaffung von Kampfdrohnen ab"},"content":{"rendered":"<div>\n<p>Gem\u00e4\u00df einer gemeinsamen <a href=\"http:\/\/www.rainer-arnold.de\/index.php\/presse.html?file=tl_files\/pms\/Artikel\/2017\/PM%20270617%20So%20nicht%20Frau%20Ministerin.pdf\">Pressemitteilung<\/a> von Rainer Arnold, des verteidigungspolitischen Sprechers der SPD-Bundestagsfraktion, und Gabi Weber, der zust\u00e4ndigen Berichterstatterin, vom 27. Juni 2017 lehnt &#8222;die SPD die Beschaffung von Kampfdrohnen&#8220; ab.<\/p>\n<p>Das habe schon vor der \u00f6ffentlichen Anh\u00f6rung 2014 zum Thema Drohnen festgestanden, sei \u00fcberall nachzulesen, &#8222;im Wahlprogramm der SPD sowie im noch geltenden Koalitionsvertrag&#8220;. An dieser Haltung habe sich auch 2017 nichts ge\u00e4ndert.<\/p>\n<p><a href=\"http:\/\/www.deutschlandfunk.de\/verteidigung-koalition-uneins-ueber-beschaffung-von.1939.de.html?drn:news_id=762131\">Heute<\/a> h\u00e4tte der Haushaltsausschuss des Deutschen Bundestages Ausgaben von mehr als eine Milliarde Euro f\u00fcr die Beschaffung bewaffnungsf\u00e4higer Drohnen f\u00fcr die Bundeswehr in Form eines Leasing-Vertrags mit Israeli Aerospace Industries entscheiden sollen. Der Beschluss wurde jedoch von der Tagesordnung genommen.<\/p>\n<\/div>\n<div id=\"attachment_9864\" style=\"width: 517px\" class=\"wp-caption aligncenter\"><img loading=\"lazy\" decoding=\"async\" aria-describedby=\"caption-attachment-9864\" class=\"wp-image-9864 \" src=\"http:\/\/www.friedenkoeln.de\/wp-content\/uploads\/2016\/09\/P2100849_1-1024x648.jpg\" alt=\"Die beiden Referenten sitzen an einem Tisch, vor dem das Transparent &quot;Drohnen-Kriege stoppen!&quot; h\u00e4ngt. Im Hintergrund sieht man ein selbstgemaltes Transparent mit der Aufschrift &quot;K\u00f6lner Friedensforum&quot; und einer Zeichnung der Domspitzen mit dem Peace-Zeichen.\" width=\"507\" height=\"321\" srcset=\"https:\/\/www.friedenkoeln.de\/wp-content\/uploads\/2016\/09\/P2100849_1-1024x648.jpg 1024w, https:\/\/www.friedenkoeln.de\/wp-content\/uploads\/2016\/09\/P2100849_1-768x486.jpg 768w, https:\/\/www.friedenkoeln.de\/wp-content\/uploads\/2016\/09\/P2100849_1-956x605.jpg 956w, https:\/\/www.friedenkoeln.de\/wp-content\/uploads\/2016\/09\/P2100849_1.jpg 2048w\" sizes=\"auto, (max-width: 507px) 100vw, 507px\" \/><p id=\"caption-attachment-9864\" class=\"wp-caption-text\">Langj\u00e4hrig aktiv gegen Roboterisierung des Kriegs: Michael S\u00fcnner, DFG-VK, und L\u00fchr Henken, Bundesausschuss Friedensratschlag (v. l.), am 15.9.2016 in K\u00f6ln. Foto: Stefanie Intveen.<\/p><\/div>\n<p>Im Vorfeld hatten Friedensaktivist*innen die Mitglieder des Haushaltsausschusses mit Informationen und Stellungnahmen aus Israel, den USA und Deutschland zu politischen, ethischen und rechtlichen Folgen des Einsatzes von Kampfdrohnen versorgt. Under anderem erhielten sie die M\u00f6glichkeit, die von Wim Wenders und Errol Morris produzierte Whistleblower-Dokumentation &#8222;<a href=\"http:\/\/nationalbird-derfilm.de\">National Bird. Wohin geht die Reise, Amerika?<\/a>&#8220; anzuschauen.<\/p>\n<div><\/div>\n","protected":false},"excerpt":{"rendered":"<p>Gem\u00e4\u00df einer gemeinsamen Pressemitteilung von Rainer Arnold, des verteidigungspolitischen Sprechers der SPD-Bundestagsfraktion, und Gabi Weber, der zust\u00e4ndigen Berichterstatterin, vom 27. Juni 2017 lehnt &#8222;die SPD die Beschaffung von Kampfdrohnen&#8220; ab. Das habe schon vor&#46;&#46;&#46;<\/p>\n","protected":false},"author":110,"featured_media":0,"comment_status":"open","ping_status":"open","sticky":false,"template":"","format":"standard","meta":{"footnotes":""},"categories":[105],"tags":[70,49,48,44,66,39,77],"class_list":["post-11003","post","type-post","status-publish","format-standard","hentry","category-bericht","tag-auslandseinsaetze-der-bundeswehr","tag-bundestag","tag-bundeswehr","tag-drohnen","tag-israel-palaestina","tag-kampfdrohnen","tag-militaerisch-industrieller-komplex"],"_links":{"self":[{"href":"https:\/\/www.friedenkoeln.de\/index.php?rest_route=\/wp\/v2\/posts\/11003","targetHints":{"allow":["GET"]}}],"collection":[{"href":"https:\/\/www.friedenkoeln.de\/index.php?rest_route=\/wp\/v2\/posts"}],"about":[{"href":"https:\/\/www.friedenkoeln.de\/index.php?rest_route=\/wp\/v2\/types\/post"}],"author":[{"embeddable":true,"href":"https:\/\/www.friedenkoeln.de\/index.php?rest_route=\/wp\/v2\/users\/110"}],"replies":[{"embeddable":true,"href":"https:\/\/www.friedenkoeln.de\/index.php?rest_route=%2Fwp%2Fv2%2Fcomments&post=11003"}],"version-history":[{"count":3,"href":"https:\/\/www.friedenkoeln.de\/index.php?rest_route=\/wp\/v2\/posts\/11003\/revisions"}],"predecessor-version":[{"id":11006,"href":"https:\/\/www.friedenkoeln.de\/index.php?rest_route=\/wp\/v2\/posts\/11003\/revisions\/11006"}],"wp:attachment":[{"href":"https:\/\/www.friedenkoeln.de\/index.php?rest_route=%2Fwp%2Fv2%2Fmedia&parent=11003"}],"wp:term":[{"taxonomy":"category","embeddable":true,"href":"https:\/\/www.friedenkoeln.de\/index.php?rest_route=%2Fwp%2Fv2%2Fcategories&post=11003"},{"taxonomy":"post_tag","embeddable":true,"href":"https:\/\/www.friedenkoeln.de\/index.php?rest_route=%2Fwp%2Fv2%2Ftags&post=11003"}],"curies":[{"name":"wp","href":"https:\/\/api.w.org\/{rel}","templated":true}]}}