{"id":11009,"date":"2017-07-02T19:56:13","date_gmt":"2017-07-02T17:56:13","guid":{"rendered":"http:\/\/www.friedenkoeln.de\/?p=11009"},"modified":"2017-07-03T17:54:30","modified_gmt":"2017-07-03T15:54:30","slug":"fuer-ein-friedliches-europa-und-eine-atomwaffenfreie-welt-rede-bei-pulse-of-europe-in-koeln","status":"publish","type":"post","link":"https:\/\/www.friedenkoeln.de\/?p=11009","title":{"rendered":"F\u00fcr ein friedliches Europa und eine atomwaffenfreie Welt. Rede bei &#8222;Pulse of Europe&#8220; in K\u00f6ln"},"content":{"rendered":"<p>Bei der heutigen &#8222;Pulse of Europe&#8220;-Aktion in K\u00f6ln rief Stefanie Intveen, DFG-VK Gruppe K\u00f6ln, dazu auf, sich f\u00fcr die Abr\u00fcstung der Atomwaffen einzusetzen. Es folgt der Text ihres Redebeitrags:<\/p>\n<p>Liebe Mitstreiterinnen und Mitstreiter,<\/p>\n<p>w\u00e4hrend wir hier auf dem Roncalliplatz in K\u00f6ln \u00fcber Europa als Friedensprojekt sprechen, droht 4.000 Kilometer entfernt, in Syrien, Russland damit, die US-amerikanischen Milit\u00e4rflugzeuge \u00fcber Syrien abzuschie\u00dfen. <!--more-->Vor wenigen Tagen haben Russland und die USA den regelm\u00e4\u00dfigen Austausch milit\u00e4rischer Informationen \u00fcber ihre jeweiligen Angriffsfl\u00fcge eingestellt. Im Moment sieht es nicht danach aus, als wolle sich eine der beiden Seiten zur\u00fcckziehen. Die Bundeswehr befindet sich im Syrienkrieg auf der Seite und unter der milit\u00e4rischen F\u00fchrung der USA.<\/p>\n<p>Russland und die USA besitzen insgesamt rund 13.800 Atomsprengk\u00f6pfe. Tausende dieser Sprengk\u00f6pfe sind innerhalb von Minuten einsetzbar. In den letzten siebzig Jahren wurden zwanzig Zwischenf\u00e4lle bekannt, in denen nur Zufall und gl\u00fcckliche F\u00fcgung eine Vernichtung des Lebens auf der Erde durch einen Atomkrieg verhinderten.<\/p>\n<p>Die alten R\u00f6mer sagten \u201eSi vis pacem para bellum&#8220; &#8211; \u201eWenn du den Frieden willst, bereite den Krieg vor.\u201c Das ist das uralte Prinzip der Abschreckung, der Friedenserzwingung durch Drohung.<\/p>\n<p>Wir leben aber nicht mehr im R\u00f6mischen Reich. Mit den Atomwaffen des 21. Jahrhundert setzt die Politik der Abschreckung nicht weniger aufs Spiel als das \u00dcberleben der Menschheit.<\/p>\n<div id=\"attachment_11011\" style=\"width: 281px\" class=\"wp-caption alignright\"><img loading=\"lazy\" decoding=\"async\" aria-describedby=\"caption-attachment-11011\" class=\" wp-image-11011\" src=\"http:\/\/www.friedenkoeln.de\/wp-content\/uploads\/2017\/07\/IMG_4827-1024x768.jpg\" alt=\"Im Vordergrund steht die Rednerin mit dem Mikro in der Hand auf einem Pritschenwagen. Dahinter sieht man das blaue Transparent mit der gelben Schrift &quot;#PulseOfEurope&quot;. Ganz oben am Rand erkennt man ein bisschen vom Turm des K\u00f6lner Doms.\" width=\"271\" height=\"203\" srcset=\"https:\/\/www.friedenkoeln.de\/wp-content\/uploads\/2017\/07\/IMG_4827-1024x768.jpg 1024w, https:\/\/www.friedenkoeln.de\/wp-content\/uploads\/2017\/07\/IMG_4827-768x576.jpg 768w\" sizes=\"auto, (max-width: 271px) 100vw, 271px\" \/><p id=\"caption-attachment-11011\" class=\"wp-caption-text\">Stefanie Intveen am 2.7.2017 bei &#8222;Pulse of Europe&#8220; in K\u00f6ln. Foto: Daniela Eckstein.<\/p><\/div>\n<p>Der Zusammenbruch des Minimums an Vertrauen zwischen den politischen und milit\u00e4rischen F\u00fchrungen der beiden gr\u00f6\u00dften Nuklearm\u00e4chte der Welt, den wir jetzt gerade in Syrien beobachten, h\u00e4tte in der Logik des Gleichgewichts des Schreckens nie passieren d\u00fcrfen. Diese Logik beruht auf falschen Voraussetzungen, beispielsweise geht sie davon aus, dass die Gegner immer vollst\u00e4ndig informiert sind und immer vern\u00fcnftig handeln.<\/p>\n<p>Auch die Europ\u00e4ische Union verharrt in der Abschreckungs- und Kriegslogik. Sie r\u00fcstet auf und arbeitet an der Gr\u00fcndung einer Europ\u00e4ischen Armee und einem europ\u00e4ischen Milit\u00e4rhaushalt.<\/p>\n<p>Was k\u00f6nnen wir, die europ\u00e4ischen B\u00fcrgerinnen und B\u00fcrger tun?<\/p>\n<p>Erstens k\u00f6nnen wir dar\u00fcber diskutieren, ob die Lage tats\u00e4chlich so brisant ist, wie ich es gerade skizziert habe.<\/p>\n<p>Zweitens k\u00f6nnen wir im Internet aktiv nach Informationen suchen und uns eine fundierte Meinung bilden.<\/p>\n<p>Drittens k\u00f6nnen wir unsere Bundestagsabgeordneten und die Bundesregierung ansprechen, Fragen stellen und Forderungen formulieren.<\/p>\n<p>N\u00e4chste Woche findet das G20-Gipfeltreffen in Hamburg statt. Der ehemalige deutsche Top-Diplomat Wolfgang Ischinger hat k\u00fcrzlich gemeinsam mit anderen einen Offenen Brief an Donald Trump und Wladimir Putin geschrieben. Darin schlagen die Unterzeichner vor, die beiden Pr\u00e4sidenten sollten ihr Zusammentreffen in Hamburg nutzen, um sofort vertrauensbildende Ma\u00dfnahmen zu ergreifen, um zu verhindern, dass die beiden Gro\u00dfm\u00e4chten in einen Krieg schlittern. Die europ\u00e4ische Zivilgesellschaft, also wir alle, k\u00f6nnen auf solche Initiativen aufmerksam machen und unsere Politikerinnen und Politiker auffordern, sie zu unterst\u00fctzen.<\/p>\n<div id=\"attachment_10483\" style=\"width: 321px\" class=\"wp-caption alignleft\"><img loading=\"lazy\" decoding=\"async\" aria-describedby=\"caption-attachment-10483\" class=\" wp-image-10483\" src=\"http:\/\/www.friedenkoeln.de\/wp-content\/uploads\/2017\/03\/IMG_20160708_111037-e1490542251820-1024x691.jpg\" alt=\"Die Mayors-for-Peace-Flagge tr\u00e4gt eine gr\u00fcne Aufschrift auf wei\u00dfem Grund. Hier flattert sich vor dem K\u00f6lner Rathausturm. Das Foto ist von unten aufgenommen, sodass man den blauen Himmel und wei\u00dfe W\u00f6lkchen im Hintergrund sieht.\" width=\"311\" height=\"210\" srcset=\"https:\/\/www.friedenkoeln.de\/wp-content\/uploads\/2017\/03\/IMG_20160708_111037-e1490542251820-1024x691.jpg 1024w, https:\/\/www.friedenkoeln.de\/wp-content\/uploads\/2017\/03\/IMG_20160708_111037-e1490542251820-768x518.jpg 768w\" sizes=\"auto, (max-width: 311px) 100vw, 311px\" \/><p id=\"caption-attachment-10483\" class=\"wp-caption-text\">Flagge der Mayors for Peace vor dem Rathausturm K\u00f6ln. 8.7.2016. Foto: Stefanie Intveen<\/p><\/div>\n<p>In diesen Tagen verhandeln 134 Staaten in New York im Rahmen der Generalversammlung der Vereinten Nationen \u00fcber ein vollst\u00e4ndiges Verbot und eine umfassende Abr\u00fcstung der Atomwaffen. Die europ\u00e4ischen NATO-Staaten haben die Aufnahme der Verhandlungen abgelehnt, nachdem die US-Regierung das verlangt hatten. Nur die Niederlande haben sich dieser Aufforderung widersetzt und nehmen an den Verhandlungen teil.<\/p>\n<p>Der Verhandlungsprozess orientiert sich an \u00e4hnlichen erfolgreichen globalen Initiativen zur \u00c4chtung der biologischen, chemischen Kampfstoffe, sowie der Landminen. Zivilgesellschaftliche Organisationen sind zu Beratungen und Kommentierungen der Vertragsentw\u00fcrfe bei den Vereinten Nationen zugelassen. In allen L\u00e4ndern Europas, nat\u00fcrlich auch in Deutschland, gibt es Friedensorganisationen, die daran mitwirken. Wer \u00fcber das Diskutieren und Informieren hinaus noch Zeit und Kraft genug hat, kann sich solchen Organisationen anschlie\u00dfen und an der Verwirklichung einer nuklearwaffenfreien Welt mitarbeiten.<\/p>\n<p>Mahatma Ghandi erkl\u00e4rte die Wirkung seiner gewaltfreien Methode so: Ihr<\/p>\n<div id=\"attachment_11012\" style=\"width: 321px\" class=\"wp-caption alignright\"><img loading=\"lazy\" decoding=\"async\" aria-describedby=\"caption-attachment-11012\" class=\" wp-image-11012\" src=\"http:\/\/www.friedenkoeln.de\/wp-content\/uploads\/2017\/07\/IMG_4824-1024x768.jpg\" alt=\"Portr\u00e4t der Rednerin. Sie hat kurze, strubbelige, hellbraune Haare, eine Brille, ein helles Tuch um den Hals und spricht in das Mikro.\" width=\"311\" height=\"233\" srcset=\"https:\/\/www.friedenkoeln.de\/wp-content\/uploads\/2017\/07\/IMG_4824-1024x768.jpg 1024w, https:\/\/www.friedenkoeln.de\/wp-content\/uploads\/2017\/07\/IMG_4824-768x576.jpg 768w\" sizes=\"auto, (max-width: 311px) 100vw, 311px\" \/><p id=\"caption-attachment-11012\" class=\"wp-caption-text\">Stefanie Intveen am 2.7.2017 bei &#8222;Pulse of Europe&#8220; in K\u00f6ln. Foto: Daniela Eckstein.<\/p><\/div>\n<p>Wesen bestehe darin, \u201eFeindschaften zu liquidieren und nicht die Feinde selbst\u201c.<\/p>\n<p>In diesem Sinne sollte Europa nicht das Schlusslicht sein, sondern mit gutem Beispiel vorangehen. Wir Europ\u00e4erinnen und Europ\u00e4er k\u00f6nnen daran mitwirken.<\/p>\n<p>Vielen Dank f\u00fcr Ihre Geduld, und ich w\u00fcnsche Ihnen einen sch\u00f6nen Sonntag.<\/p>\n<p>&nbsp;<\/p>\n<p>Lesehinweise:<\/p>\n<p><a href=\"http:\/\/www.fr.de\/politik\/meinung\/leitartikel\/atomwaffen-nukleare-bedrohung-wird-verdraengt-a-1298023?utm_campaign=Echobox&amp;utm_medium=Social&amp;utm_source=Twitter#link_time=1497884461\">Damir Fras: Nukleare Bedrohung wird verdr\u00e4ngt. Deutschland nimmt nicht an den Verhandlungen der UN-Staaten \u00fcber ein Verbot von Atomwaffen teil. Das ist ein Fehler. Leitartikel Frankfurter Rundschau vom 19.6.2017<\/a><\/p>\n<p><a href=\"https:\/\/www.heise.de\/tp\/features\/Die-Diskussion-ueber-Atomwaffen-ist-von-Legenden-und-Mythen-bestimmt-3756438.html\">Dieter Deiseroth (Interview): Die Diskussion \u00fcber Atomwaffen ist von Legenden und Mythen bestimmt, telepolis, 29.6.2017<\/a><\/p>\n<p><a href=\"http:\/\/www.friedenkoeln.de\/?p=11009\">ICAN Deutschland<\/a> (Deutscher Zweig der internationalen Kampagne zur Abschaffung der Atomwaffen)<\/p>\n<p><a href=\"http:\/\/www.actvism.org\/opinions\/ray-mcgovern-putin-obama-vertrauen-schwindet\/\">Ray McGovern: Putin-Obama Vertrauen schwindet, \u00dcbersetzung eines Artikels in der Baltimore Sun vom 30.10.2016<\/a><\/p>\n<p><a href=\"https:\/\/www.sipri.org\/media\/press-release\/2017\/global-nuclear-weapons-modernization-remains-priority\">SIPRI: Global nuclear weapons: modernization remains the priority, Pressemitteilung vom 3.7.2017<\/a><\/p>\n<p><a href=\"https:\/\/www.securityconference.de\/news\/article\/monthly-mind-juli-ein-offener-brief-an-die-praesidenten-trump-und-putin\/\">Wolfgang Ischinger u. a.: Offener Brief an Pr\u00e4sident Trump und Pr\u00e4sident Putin, 27.6.2017 (dt. \u00dcbersetzung 1.7.2017)<\/a><\/p>\n<p>Copyright: Stefanie Intveen; Verwendung ist kostenfrei und ohne Gew\u00e4hr m\u00f6glich. Um einen Publikationshinweis an <a href=\"mailto:stefanie.intveen@web.de\">stefanie.intveen@web.de<\/a> wird freundlich gebeten. Korrigierte und mit Lesehinweisen erg\u00e4nzte Textversion vom 3.7.2017.<\/p>\n","protected":false},"excerpt":{"rendered":"<p>Bei der heutigen &#8222;Pulse of Europe&#8220;-Aktion in K\u00f6ln rief Stefanie Intveen, DFG-VK Gruppe K\u00f6ln, dazu auf, sich f\u00fcr die Abr\u00fcstung der Atomwaffen einzusetzen. Es folgt der Text ihres Redebeitrags: Liebe Mitstreiterinnen und Mitstreiter, w\u00e4hrend&#46;&#46;&#46;<\/p>\n","protected":false},"author":110,"featured_media":0,"comment_status":"open","ping_status":"open","sticky":false,"template":"","format":"standard","meta":{"footnotes":""},"categories":[2],"tags":[42,33,68,49,48,74,3,73,4],"class_list":["post-11009","post","type-post","status-publish","format-standard","hentry","category-aktionen","tag-abruestung","tag-atomwaffen","tag-bundesregierung","tag-bundestag","tag-bundeswehr","tag-eu","tag-pazifismus","tag-vereinte-nationen","tag-zivile-konfliktloesung"],"_links":{"self":[{"href":"https:\/\/www.friedenkoeln.de\/index.php?rest_route=\/wp\/v2\/posts\/11009","targetHints":{"allow":["GET"]}}],"collection":[{"href":"https:\/\/www.friedenkoeln.de\/index.php?rest_route=\/wp\/v2\/posts"}],"about":[{"href":"https:\/\/www.friedenkoeln.de\/index.php?rest_route=\/wp\/v2\/types\/post"}],"author":[{"embeddable":true,"href":"https:\/\/www.friedenkoeln.de\/index.php?rest_route=\/wp\/v2\/users\/110"}],"replies":[{"embeddable":true,"href":"https:\/\/www.friedenkoeln.de\/index.php?rest_route=%2Fwp%2Fv2%2Fcomments&post=11009"}],"version-history":[{"count":7,"href":"https:\/\/www.friedenkoeln.de\/index.php?rest_route=\/wp\/v2\/posts\/11009\/revisions"}],"predecessor-version":[{"id":11026,"href":"https:\/\/www.friedenkoeln.de\/index.php?rest_route=\/wp\/v2\/posts\/11009\/revisions\/11026"}],"wp:attachment":[{"href":"https:\/\/www.friedenkoeln.de\/index.php?rest_route=%2Fwp%2Fv2%2Fmedia&parent=11009"}],"wp:term":[{"taxonomy":"category","embeddable":true,"href":"https:\/\/www.friedenkoeln.de\/index.php?rest_route=%2Fwp%2Fv2%2Fcategories&post=11009"},{"taxonomy":"post_tag","embeddable":true,"href":"https:\/\/www.friedenkoeln.de\/index.php?rest_route=%2Fwp%2Fv2%2Ftags&post=11009"}],"curies":[{"name":"wp","href":"https:\/\/api.w.org\/{rel}","templated":true}]}}