{"id":11018,"date":"2017-07-03T16:57:49","date_gmt":"2017-07-03T14:57:49","guid":{"rendered":"http:\/\/www.friedenkoeln.de\/?p=11018"},"modified":"2017-07-03T16:57:49","modified_gmt":"2017-07-03T14:57:49","slug":"dieter-deiseroth-nur-glueck-und-zufall-haben-bisher-atomkrieg-verhindert","status":"publish","type":"post","link":"https:\/\/www.friedenkoeln.de\/?p=11018","title":{"rendered":"Dieter Deiseroth: Nur Gl\u00fcck und Zufall haben bisher Atomkrieg verhindert"},"content":{"rendered":"<p>&#8222;Bei den Vereinten Nationen in New York findet derzeit eine Konferenz statt, die sich zum Ziel gesetzt hat einen Atomwaffenverbotsvertrag zu erarbeiten. 134 Staaten nehmen an der Konferenz teil, aber nur ein Mitgliedsland der NATO befindet sich darunter: die Niederlande.<\/p>\n<p>Im Interview mit Telepolis erkl\u00e4rt Dieter Deiseroth, Richter a.D. am Bundesverwaltungsgericht in Leipzig <!--more-->und Mitglied von <a href=\"http:\/\/ialana.de\">IALANA Deutschland<\/a>, was es mit dieser Initiative auf sich<\/p>\n<div id=\"attachment_10871\" style=\"width: 364px\" class=\"wp-caption alignright\"><img loading=\"lazy\" decoding=\"async\" aria-describedby=\"caption-attachment-10871\" class=\" wp-image-10871\" src=\"http:\/\/www.friedenkoeln.de\/wp-content\/uploads\/2017\/05\/DSC_0298-1024x683.jpg\" alt=\"Vier Menschen sitzen gut gelaunt im hohen Gras mit dem R\u00fccken zum Gittertor. Eine Frau spielt Gitarre, zwei junge Frauen in der Mitte und ein \u00e4lterer Herr mit blauer Kappe halten ein wei\u00dfes Transparent mit der Aufschrift &quot;Frieden schaffen ohne Waffen&quot; und zwei H\u00e4nden, die ein Gewehr zerbrechen, hoch. \" width=\"354\" height=\"236\" srcset=\"https:\/\/www.friedenkoeln.de\/wp-content\/uploads\/2017\/05\/DSC_0298-1024x683.jpg 1024w, https:\/\/www.friedenkoeln.de\/wp-content\/uploads\/2017\/05\/DSC_0298-768x512.jpg 768w\" sizes=\"auto, (max-width: 354px) 100vw, 354px\" \/><p id=\"caption-attachment-10871\" class=\"wp-caption-text\">Pazifist*innen blockieren am 26.5.2017 Tor 7 des Luftwaffenflughafens und Atomwaffenstandorts B\u00fcchel \/ Eifel. Foto: Stefanie Intveen.<\/p><\/div>\n<p>hat und verweist auf die gef\u00e4hrlichen Irrt\u00fcmer und Gefahren, die die Diskussion zum Thema Abschaffung von Atomwaffen im \u00f6ffentlichen Diskurs bestimmen. Deiseroth sagt: Das Prinzip der Abschreckungslogik greife nicht. In den vergangenen 70 Jahren sei die Welt mindestens 20 Mal nur durch Zufall und gl\u00fcckliche F\u00fcgungen einer nuklearen Katastrophe entkommen.&#8220;<\/p>\n<p>Mit diesen Worten leitet Markus Kl\u00f6ckner sein Interview ein. <a href=\"https:\/\/www.heise.de\/tp\/features\/Die-Diskussion-ueber-Atomwaffen-ist-von-Legenden-und-Mythen-bestimmt-3756438.html\">Hier<\/a> ist der vollst\u00e4ndige Text vom 29. Juni 2017.<\/p>\n","protected":false},"excerpt":{"rendered":"<p>&#8222;Bei den Vereinten Nationen in New York findet derzeit eine Konferenz statt, die sich zum Ziel gesetzt hat einen Atomwaffenverbotsvertrag zu erarbeiten. 134 Staaten nehmen an der Konferenz teil, aber nur ein Mitgliedsland der&#46;&#46;&#46;<\/p>\n","protected":false},"author":110,"featured_media":0,"comment_status":"open","ping_status":"open","sticky":false,"template":"","format":"standard","meta":{"footnotes":""},"categories":[2],"tags":[42,33,81,80,73],"class_list":["post-11018","post","type-post","status-publish","format-standard","hentry","category-aktionen","tag-abruestung","tag-atomwaffen","tag-medien","tag-rechtsprechung","tag-vereinte-nationen"],"_links":{"self":[{"href":"https:\/\/www.friedenkoeln.de\/index.php?rest_route=\/wp\/v2\/posts\/11018","targetHints":{"allow":["GET"]}}],"collection":[{"href":"https:\/\/www.friedenkoeln.de\/index.php?rest_route=\/wp\/v2\/posts"}],"about":[{"href":"https:\/\/www.friedenkoeln.de\/index.php?rest_route=\/wp\/v2\/types\/post"}],"author":[{"embeddable":true,"href":"https:\/\/www.friedenkoeln.de\/index.php?rest_route=\/wp\/v2\/users\/110"}],"replies":[{"embeddable":true,"href":"https:\/\/www.friedenkoeln.de\/index.php?rest_route=%2Fwp%2Fv2%2Fcomments&post=11018"}],"version-history":[{"count":1,"href":"https:\/\/www.friedenkoeln.de\/index.php?rest_route=\/wp\/v2\/posts\/11018\/revisions"}],"predecessor-version":[{"id":11019,"href":"https:\/\/www.friedenkoeln.de\/index.php?rest_route=\/wp\/v2\/posts\/11018\/revisions\/11019"}],"wp:attachment":[{"href":"https:\/\/www.friedenkoeln.de\/index.php?rest_route=%2Fwp%2Fv2%2Fmedia&parent=11018"}],"wp:term":[{"taxonomy":"category","embeddable":true,"href":"https:\/\/www.friedenkoeln.de\/index.php?rest_route=%2Fwp%2Fv2%2Fcategories&post=11018"},{"taxonomy":"post_tag","embeddable":true,"href":"https:\/\/www.friedenkoeln.de\/index.php?rest_route=%2Fwp%2Fv2%2Ftags&post=11018"}],"curies":[{"name":"wp","href":"https:\/\/api.w.org\/{rel}","templated":true}]}}